{"id":189529,"date":"2025-07-17T17:02:24","date_gmt":"2025-07-17T21:02:24","guid":{"rendered":"https:\/\/sportseco.com\/?p=189529"},"modified":"2025-07-17T17:02:29","modified_gmt":"2025-07-17T21:02:29","slug":"euro-femenina-de-la-uefa-2025-las-jovenes-impulsan-a-suiza","status":"publish","type":"post","link":"https:\/\/sportseco.com\/?p=189529","title":{"rendered":"EURO Femenina de la UEFA 2025: las j\u00f3venes impulsan a Suiza"},"content":{"rendered":"\n<p>\u00abSimplemente jugamos sin pensar demasiado en nada\u00bb, dijo Sydney Schertenleib, de 18 a\u00f1os, una de las cuatro j\u00f3venes perlas que ayudan a Suiza a mantener la calma en la&nbsp;<a href=\"https:\/\/es.uefa.com\/womenseuro\/\">EURO Femenina 2025 de la UEFA<\/a>.<\/p>\n\n\n\n<p>La canci\u00f3n &#8216;Teenage Dream&#8217; de Katy Perry sonaba a todo volumen en el vestuario despu\u00e9s de que&nbsp;<a href=\"https:\/\/es.uefa.com\/womenseuro\/match\/2044369--finland-vs-switzerland\/\">un gol en los \u00faltimos minutos del partido contra Finlandia<\/a>&nbsp;llevase a Suiza a los primeros cuartos de final de su historia en la EURO Femenina 2025 de la UEFA. Fue una elecci\u00f3n acertada: Suiza empez\u00f3 el partido con dos jugadoras de 18 a\u00f1os (Iman Beney y Sydney Schertenleib) en el once inicial de Pia Sundhage, y Leila Wandeler, de 19 a\u00f1os, sali\u00f3 en la segunda parte.<\/p>\n\n\n\n<p>Beney, que fich\u00f3 por el Manchester City d\u00edas antes del comienzo del torneo, ha supuesto una amenaza ofensiva en el lateral, mientras que el delantero Schertenleib se ha ganado los elogios de muchos sectores y marc\u00f3&nbsp;<a href=\"https:\/\/es.uefa.com\/womenseuro\/match\/2044361--switzerland-vs-iceland\/\">el primer gol de G\u00e9raldine Reuteler contra Islandia<\/a>.<\/p>\n\n\n\n<figure class=\"wp-block-image\"><img data-recalc-dims=\"1\" decoding=\"async\" src=\"https:\/\/i0.wp.com\/editorial.uefa.com\/resources\/029b-1e3f7c7ad131-9901497d7e7a-1000\/format\/wide1\/switzerland_v_iceland_-_uefa_women_s_euro_2025_group_a.jpeg?w=640&#038;ssl=1\" alt=\"Iman Beney en el duelo ante Islandia\" title=\"Iman Beney en el duelo ante Islandia\"\/><\/figure>\n\n\n\n<p><em>Iman Beney en el duelo ante Islandia<\/em>UEFA via Getty Images<\/p>\n\n\n\n<p>\u00abEs una de las jugadoras con m\u00e1s talento de Europa\u00bb, declar\u00f3 la segunda entrenadora de Suiza, Lilie Persson, sobre Schertenleib, que fich\u00f3 por el Barcelona el pasado verano. \u00abCon el bal\u00f3n, contra el bal\u00f3n, siempre es peligrosa\u00bb, a\u00f1adi\u00f3 el ex internacional suizo Johan Djourou, coordinador deportivo del equipo en la fase final. \u00abJugar as\u00ed con 18 a\u00f1os, tener tanta influencia, es extraordinario\u00bb.<\/p>\n\n\n\n<p>Wandeler era una de las tapadas de la convocatoria final, y no se estren\u00f3 con la selecci\u00f3n hasta un amistoso disputado una semana antes del primer partido de Suiza. Saliendo desde el banquillo contra Islandia y Finlandia, ayud\u00f3 a revitalizar a su equipo. \u00abParec\u00eda que llevaba diez a\u00f1os con nosotros\u00bb, declar\u00f3 Djourou. \u00abTiene una sencillez en su juego, una conexi\u00f3n. Puede marcar la diferencia\u00bb.<\/p>\n\n\n\n<p>Beney, Schertenleib, Wandeler y la otra joven del equipo, Noemi Ivelj, formaron parte de la selecci\u00f3n suiza que alcanz\u00f3 las semifinales del Campeonato de Europa Femenino Sub-17 de la UEFA en 2023. \u00abTodas est\u00e1bamos all\u00ed juntas, y ahora estamos disfrutando de cada momento aqu\u00ed\u00bb, dijo Beney. \u00abNo tenemos demasiada presi\u00f3n; las jugadoras m\u00e1s experimentadas siempre nos dicen que s\u00f3lo tenemos que disfrutar y demostrar lo que podemos hacer\u00bb.<\/p>\n\n\n\n<p>\u00abTodas somos bastante despreocupadas\u00bb, a\u00f1ade Schertenleib. \u00abSimplemente jugamos sin darle demasiadas vueltas a nada\u00bb.<\/p>\n\n\n\n<figure class=\"wp-block-image\"><img data-recalc-dims=\"1\" decoding=\"async\" src=\"https:\/\/i0.wp.com\/editorial.uefa.com\/resources\/029b-1e3f715a6949-e3ce468873f1-1000\/format\/wide1\/finland_v_switzerland_uefa_women_s_euro_2025_group_a.jpeg?w=640&#038;ssl=1\" alt=\"Noemi Ivelj , concentrada antes de uno de los partidos de Suiza\" title=\"Noemi Ivelj , concentrada antes de uno de los partidos de Suiza\"\/><\/figure>\n\n\n\n<p><em>Noemi Ivelj , concentrada antes de uno de los partidos de Suiza<\/em>UEFA via Getty Images<\/p>\n\n\n\n<p>Wandeler, por su parte, ha aportado un extra de alegr\u00eda a la concentraci\u00f3n con su m\u00fasica, sobre todo acompa\u00f1ando al piano a la estrella suiza del schlager Beatrice Egli, que visit\u00f3 a la selecci\u00f3n helv\u00e9tica. \u00abSu m\u00fasica, su baile\u00bb, dijo Djourou de Wandeler. \u00abSiempre es tan positiva, tan ligera, y todas estamos muy contentas de tenerla en el equipo\u00bb.<\/p>\n\n\n\n<p>Las vibraciones positivas ser\u00e1n \u00fatiles para que Suiza<a href=\"https:\/\/es.uefa.com\/womenseuro\/match\/2044378--spain-vs-switzerland\/\">&nbsp;afronte un temible choque de cuartos de final contra Espa\u00f1a<\/a>. \u00abLas jugadoras j\u00f3venes aportan cierta energ\u00eda relajada\u00bb, declar\u00f3 la defensa Viola Calligaris, de 29 a\u00f1os. \u00abCuando era m\u00e1s joven, \u00a1no s\u00e9 si estaba tan relajada!\u00bb.<\/p>\n\n\n\n<figure class=\"wp-block-image\"><img data-recalc-dims=\"1\" decoding=\"async\" src=\"https:\/\/i0.wp.com\/editorial.uefa.com\/resources\/029b-1e3f7c7ad132-3d42833bacbf-1000\/format\/wide1\/finland_v_switzerland_uefa_women_s_euro_2025_group_a.jpeg?w=640&#038;ssl=1\" alt=\"La extremo Leila Wandeler\" title=\"La extremo Leila Wandeler\"\/><\/figure>\n\n\n\n<p><em>La extremo Leila Wandeler<\/em>UEFA via Getty Images<\/p>\n\n\n\n<p>G\u00e9raldine Reuteler, tres veces mejor Jugadora del Partido, s\u00f3lo tiene 26 a\u00f1os, y Riola Xhemaili, autora del gol del&nbsp;<a href=\"https:\/\/es.uefa.com\/womenseuro\/match\/2044369--finland-vs-switzerland\/\">empate contra Finlandia<\/a>, tiene 22, la misma edad que Alayah Pilgrim, que&nbsp;<a href=\"https:\/\/es.uefa.com\/womenseuro\/match\/2044361--switzerland-vs-iceland\/\">dobl\u00f3 la ventaja suiza contra Islandia en la segunda jornada<\/a>.<\/p>\n\n\n\n<p>A largo plazo, el futuro parece prometedor, aunque a\u00fan se aprecian jugadoras con sabidur\u00eda y experiencia. La m\u00e1xima goleadora de la historia de Suiza, Ana-Maria Crnogor\u010devi\u0107, de 34 a\u00f1os, se\u00f1al\u00f3: \u00abA veces, cuando las cosas se ponen un poco ruidosas y se te van de las manos, tienes que hacer un poco el papel de madre y decir: \u201cVale, ahora tenemos que volver a calmarnos un poco\u201d, pero aqu\u00ed est\u00e1 funcionando de maravilla\u00bb.<\/p>\n\n\n\n<p>\u00a9 1998-2025 UEFA. All rights reserved.<\/p>\n","protected":false},"excerpt":{"rendered":"<p>\u00abSimplemente jugamos sin pensar demasiado en nada\u00bb, dijo Sydney Schertenleib, de 18 a\u00f1os, una de las cuatro j\u00f3venes perlas que ayudan a Suiza a mantener la calma en la&nbsp;EURO Femenina 2025 de la UEFA. La canci\u00f3n &#8216;Teenage Dream&#8217; de Katy Perry sonaba a todo volumen en el vestuario despu\u00e9s de que&nbsp;un gol en los \u00faltimos [&hellip;]<\/p>\n","protected":false},"author":1,"featured_media":189530,"comment_status":"closed","ping_status":"closed","sticky":false,"template":"","format":"standard","meta":{"_acf_changed":false,"_jetpack_memberships_contains_paid_content":false,"footnotes":"","jetpack_publicize_message":"","jetpack_publicize_feature_enabled":true,"jetpack_social_post_already_shared":true,"jetpack_social_options":{"image_generator_settings":{"template":"highway","default_image_id":0,"font":"","enabled":false},"version":2}},"categories":[5],"tags":[],"class_list":["post-189529","post","type-post","status-publish","format-standard","has-post-thumbnail","hentry","category-futbol"],"acf":[],"jetpack_publicize_connections":[],"jetpack_featured_media_url":"https:\/\/i0.wp.com\/sportseco.com\/wp-content\/uploads\/2025\/07\/switzerland_training_session_and_press_conference_-_uefa_women_s_euro_2025_group_a.webp?fit=988%2C556&ssl=1","jetpack_sharing_enabled":true,"_links":{"self":[{"href":"https:\/\/sportseco.com\/index.php?rest_route=\/wp\/v2\/posts\/189529","targetHints":{"allow":["GET"]}}],"collection":[{"href":"https:\/\/sportseco.com\/index.php?rest_route=\/wp\/v2\/posts"}],"about":[{"href":"https:\/\/sportseco.com\/index.php?rest_route=\/wp\/v2\/types\/post"}],"author":[{"embeddable":true,"href":"https:\/\/sportseco.com\/index.php?rest_route=\/wp\/v2\/users\/1"}],"replies":[{"embeddable":true,"href":"https:\/\/sportseco.com\/index.php?rest_route=%2Fwp%2Fv2%2Fcomments&post=189529"}],"version-history":[{"count":1,"href":"https:\/\/sportseco.com\/index.php?rest_route=\/wp\/v2\/posts\/189529\/revisions"}],"predecessor-version":[{"id":189531,"href":"https:\/\/sportseco.com\/index.php?rest_route=\/wp\/v2\/posts\/189529\/revisions\/189531"}],"wp:featuredmedia":[{"embeddable":true,"href":"https:\/\/sportseco.com\/index.php?rest_route=\/wp\/v2\/media\/189530"}],"wp:attachment":[{"href":"https:\/\/sportseco.com\/index.php?rest_route=%2Fwp%2Fv2%2Fmedia&parent=189529"}],"wp:term":[{"taxonomy":"category","embeddable":true,"href":"https:\/\/sportseco.com\/index.php?rest_route=%2Fwp%2Fv2%2Fcategories&post=189529"},{"taxonomy":"post_tag","embeddable":true,"href":"https:\/\/sportseco.com\/index.php?rest_route=%2Fwp%2Fv2%2Ftags&post=189529"}],"curies":[{"name":"wp","href":"https:\/\/api.w.org\/{rel}","templated":true}]}}