{"id":189570,"date":"2025-07-18T10:16:19","date_gmt":"2025-07-18T14:16:19","guid":{"rendered":"https:\/\/sportseco.com\/?p=189570"},"modified":"2025-07-18T10:23:08","modified_gmt":"2025-07-18T14:23:08","slug":"lista-la-seleccion-colombia-masculina-para-disputar-el-tour-de-lavenir-2025","status":"publish","type":"post","link":"https:\/\/sportseco.com\/?p=189570","title":{"rendered":"Lista la Selecci\u00f3n Colombia Masculina para disputar el Tour de L\u2019Avenir 2025"},"content":{"rendered":"\n<p>La Federaci\u00f3n Colombiana de Ciclismo (FCC) anuncia oficialmente la n\u00f3mina de los deportistas y cuerpo t\u00e9cnico que integrar\u00e1n la Selecci\u00f3n Colombia Masculina de Ruta en el Tour de L\u2019Avenir 2025, competencia internacional que se disputar\u00e1 en Francia del 23 al 29 de agosto.<\/p>\n\n\n\n<p>La carrera m\u00e1s importante del mundo para ciclistas Sub-23, que estar\u00e1 celebrando su edici\u00f3n n\u00famero 61 esta temporada, se convertir\u00e1 en la und\u00e9cima participaci\u00f3n consecutiva de la Selecci\u00f3n Colombia \u2018Colombiana\u2019 en la ronda gala, que reunir\u00e1 a 25 equipos masculinos, y que se llevar\u00e1 a cabo en simultaneo con el Tour de L\u2019Avenir en la rama femenina.<\/p>\n\n\n\n<p>El equipo nacional, que estar\u00e1 en territorio franc\u00e9s bajo la orientaci\u00f3n del Seleccionador Nacional, David Vargas, estar\u00e1 integrado por:&nbsp;<strong>Juan Felipe Rodr\u00edguez<\/strong>&nbsp;(Team Sistecr\u00e9dito), campe\u00f3n de la Vuelta de la Juventud 2025, y tercero de la general y ganador de la cuarta etapa en la Ronde de l\u2019Isard (2.2U) disputada en mayo pasado, en Francia;&nbsp;<strong>Estiven Garc\u00eda<\/strong>&nbsp;(Team Sistecr\u00e9dito), subcampe\u00f3n de la Vuelta de la Juventud 2025 y quien viene de realizar una gira en territorio franc\u00e9s junto a su equipo, en la que tuvo como mejor resultado el s\u00e9ptimo lugar de la general en la Ronde de l\u2019Isard (2.2U).<\/p>\n\n\n\n<p>De igual manera, estar\u00e1 presente:&nbsp;<strong>Jaider Mu\u00f1oz<\/strong>&nbsp;(Team Sistecr\u00e9dito), campe\u00f3n de la monta\u00f1a en la Ronde de l\u2019Isard (2.2U) y ganador de la quinta y sexta etapa en la Vuelta de la Juventud 2025. Mu\u00f1oz hizo parte de la Selecci\u00f3n Nacional en la edici\u00f3n 2024 del Tour de L\u2019Avenir, en la que se ubic\u00f3 en la casilla 23 de la general.<\/p>\n\n\n\n<p>Completan el equipo, el bicampe\u00f3n nacional de la categor\u00eda Sub-23,&nbsp;<strong>Samuel Fl\u00f3rez<\/strong>&nbsp;(Cortizo), quien viene de ser subcampe\u00f3n de la Volta a Castell\u00f3 y del Gran Premio Primavera de Ontur, en Espa\u00f1a;&nbsp;<strong>Miguel \u00c1ngel Mar\u00edn<\/strong>&nbsp;(EF Education \u2013 Aevolo), quien viene de correr el Giro d\u2019Italia Next Gen (2.2U) y varias carreras en territorio europeo, y&nbsp;<strong>Mauricio Zapata<\/strong>&nbsp;(GW Erco Shimano), corredor de gran experiencia en territorio europeo, quien viene de competir en carreras celebradas en Italia, Francia y Rep\u00fablica Checa.<\/p>\n\n\n\n<p><strong>N\u00f3mina Oficial Selecci\u00f3n Colombia Masculina \u2013 Tour de L\u2019Avenir 2025<\/strong><\/p>\n\n\n\n<p>1. Juan Felipe Rodr\u00edguez Contreras (Team Sistecr\u00e9dito)<br \/>2. Estiven Garc\u00eda G\u00f3mez (Team Sistecr\u00e9dito)<br \/>3. Jaider Mu\u00f1oz Restrepo (Team Sistecr\u00e9dito)<br \/>4. Samuel Fl\u00f3rez Garc\u00e9s (Cortizo)<br \/>5. Miguel \u00c1ngel Mar\u00edn Mart\u00ednez (EF Education \u2013 Aevolo)<br \/>6. Mauricio Zapata Arboleda (GW Erco Shimano)<\/p>\n\n\n\n<p>La monta\u00f1a, fiel a la esencia del evento, siempre ser\u00e1 predominante, con el Cormet de Roselend, el Col du Petit Saint Bernard y el Colle San Carlo (10 km con una pendiente media del 10 %) como principales desaf\u00edos.<\/p>\n\n\n\n<p>Sin embargo, habr\u00e1 opciones para todos los gustos durante toda la semana de la carrera, con un pr\u00f3logo, dos etapas planas, dos etapas de media monta\u00f1a y dos de alta monta\u00f1a.<\/p>\n\n\n\n<p>Cabe recordar que, Colombia ha logrado seis t\u00edtulos en el Tour de L\u2019Avenir, con Alfonso Fl\u00f3rez, en 1980; Mart\u00edn Ram\u00edrez, en 1985; Nairo Quintana en 2010; Esteban Chaves en 2011; Miguel \u00c1ngel L\u00f3pez en 2014, y Egan Bernal en 2017.<\/p>\n\n\n\n<p>As\u00ed mismo, se han logrado podios con Juan Ernesto Chamorro, segundo en 2012, y con Patrocinio Jim\u00e9nez (1981), Crist\u00f3bal P\u00e9rez (1982), Samuel Cabrera (1985) y Jarlinson Pantano (2010), que se ubicaron en el tercer lugar de la general en sus respectivas participaciones.<\/p>\n\n\n\n<p>Se destaca adem\u00e1s que ocho colombianos, han sido campeones de la monta\u00f1a: Patrocinio Jim\u00e9nez (1981), Rafael Acevedo (1982), Reynel Montoya (1984), Samuel Cabrera (1985), Henry C\u00e1rdenas (1987), Jarlinson Pantano (2010), Miguel \u00c1ngel L\u00f3pez (2014) y Alejandro Osorio (2018).<\/p>\n\n\n\n<p><strong>Este ser\u00e1 el recorrido del Tour de L\u2019Avenir 2025:<\/strong><\/p>\n\n\n\n<p>Pr\u00f3logo \u2013 s\u00e1bado 23 de agosto<br \/>Tignes (3 km)<\/p>\n\n\n\n<p>Etapa 1 \u2013 domingo 24 de agosto<br \/>Aoste \u2013 Saint-Galmier (189 km)<\/p>\n\n\n\n<p>Etapa 2 \u2013 lunes 25 de agosto<br \/>Saint-Symphorien Sur-cosie \u2013 Vitry en Charollais (136 km)<\/p>\n\n\n\n<p>Etapa 3 \u2013 martes 26 de agosto<br \/>Etang Sur Arroux \u2013 Chatillon Sur Chalaronne (159 km)<\/p>\n\n\n\n<p>Etapa 4 \u2013 mi\u00e9rcoles 27 de agosto<br \/>Montagnat \u2013 Val Suran (110 km)<\/p>\n\n\n\n<p>Etapa 5 \u2013 jueves 28 de agosto<br \/>Saint Gervais Mont Blanc \u2013 Tignes (126 km)<\/p>\n\n\n\n<p>Etapa 6 \u2013 viernes 29 de agosto<br \/>La Rosiere Espace San Bernardo \u2013 La Rosiere Espace San Bernardo (123 km)<\/p>\n\n\n\n<figure class=\"wp-block-embed is-type-rich is-provider-gestor-del-servicio wp-block-embed-gestor-del-servicio\"><div class=\"wp-block-embed__wrapper\">\nhttps:\/\/youtube.com\/watch?v=TUaaWzVmIXs%3Fsi%3DbSe2qpZtmrokcGzy\n<\/div><\/figure>\n\n\n\n<p>federacioncolombianadeciclismo.com<\/p>\n","protected":false},"excerpt":{"rendered":"<p>La Federaci\u00f3n Colombiana de Ciclismo (FCC) anuncia oficialmente la n\u00f3mina de los deportistas y cuerpo t\u00e9cnico que integrar\u00e1n la Selecci\u00f3n Colombia Masculina de Ruta en el Tour de L\u2019Avenir 2025, competencia internacional que se disputar\u00e1 en Francia del 23 al 29 de agosto. La carrera m\u00e1s importante del mundo para ciclistas Sub-23, que estar\u00e1 celebrando [&hellip;]<\/p>\n","protected":false},"author":1,"featured_media":189572,"comment_status":"closed","ping_status":"closed","sticky":false,"template":"","format":"standard","meta":{"_acf_changed":false,"_jetpack_memberships_contains_paid_content":false,"footnotes":"","jetpack_publicize_message":"","jetpack_publicize_feature_enabled":true,"jetpack_social_post_already_shared":true,"jetpack_social_options":{"image_generator_settings":{"template":"highway","default_image_id":0,"font":"","enabled":false},"version":2}},"categories":[14],"tags":[],"class_list":["post-189570","post","type-post","status-publish","format-standard","has-post-thumbnail","hentry","category-ciclismo"],"acf":[],"jetpack_publicize_connections":[],"jetpack_featured_media_url":"https:\/\/i0.wp.com\/sportseco.com\/wp-content\/uploads\/2025\/07\/Seleccion-Colombia-Tour-Lavenir-2024-1536x864-1.webp?fit=1536%2C864&ssl=1","jetpack_sharing_enabled":true,"_links":{"self":[{"href":"https:\/\/sportseco.com\/index.php?rest_route=\/wp\/v2\/posts\/189570","targetHints":{"allow":["GET"]}}],"collection":[{"href":"https:\/\/sportseco.com\/index.php?rest_route=\/wp\/v2\/posts"}],"about":[{"href":"https:\/\/sportseco.com\/index.php?rest_route=\/wp\/v2\/types\/post"}],"author":[{"embeddable":true,"href":"https:\/\/sportseco.com\/index.php?rest_route=\/wp\/v2\/users\/1"}],"replies":[{"embeddable":true,"href":"https:\/\/sportseco.com\/index.php?rest_route=%2Fwp%2Fv2%2Fcomments&post=189570"}],"version-history":[{"count":2,"href":"https:\/\/sportseco.com\/index.php?rest_route=\/wp\/v2\/posts\/189570\/revisions"}],"predecessor-version":[{"id":189575,"href":"https:\/\/sportseco.com\/index.php?rest_route=\/wp\/v2\/posts\/189570\/revisions\/189575"}],"wp:featuredmedia":[{"embeddable":true,"href":"https:\/\/sportseco.com\/index.php?rest_route=\/wp\/v2\/media\/189572"}],"wp:attachment":[{"href":"https:\/\/sportseco.com\/index.php?rest_route=%2Fwp%2Fv2%2Fmedia&parent=189570"}],"wp:term":[{"taxonomy":"category","embeddable":true,"href":"https:\/\/sportseco.com\/index.php?rest_route=%2Fwp%2Fv2%2Fcategories&post=189570"},{"taxonomy":"post_tag","embeddable":true,"href":"https:\/\/sportseco.com\/index.php?rest_route=%2Fwp%2Fv2%2Ftags&post=189570"}],"curies":[{"name":"wp","href":"https:\/\/api.w.org\/{rel}","templated":true}]}}