{"id":189584,"date":"2025-07-18T16:00:51","date_gmt":"2025-07-18T20:00:51","guid":{"rendered":"https:\/\/sportseco.com\/?p=189584"},"modified":"2025-07-18T16:00:58","modified_gmt":"2025-07-18T20:00:58","slug":"tadej-pogacar-exhibe-su-superioridad-en-peyragudes","status":"publish","type":"post","link":"https:\/\/sportseco.com\/?p=189584","title":{"rendered":"Tadej Pogacar exhibe su superioridad en Peyragudes"},"content":{"rendered":"\n<p>Tour de France 2025&nbsp;|&nbsp;Etapa 13&nbsp;|&nbsp;Loudenvielle &gt; Peyragudes<\/p>\n\n\n\n<p><strong>Visto lo visto la v\u00edspera en Hautacam, cab\u00eda esperar una exhibici\u00f3n de Tadej Pogacar (UAE Team Emirates) este viernes en la cronoescalada de Peyragudes. El maillot amarillo estuvo a la altura de las previsiones y aventaj\u00f3 en 36\u201d a Jonas Vingegaard (Visma-Lease a Bike) y 1\u201920\u201d a Primoz Roglic (Red Bull-Bora-Hansgrohe) para manifestar su absoluta superioridad f\u00edsica en este Tour de Francia y dar un paso m\u00e1s en su camino para revalidar el triunfo del a\u00f1o pasado. \u00c9sta es su 21\u00aa victoria de etapa en la Grande Boucle; la cuarta que anota en una contrarreloj individual. El gran perdedor de la jornada fue Remco Evenepoel (Soudal-Quick Step), doblado en meta por Vingegaard qued\u00e1ndose al borde de perder su puesto de podio provisional a manos de Florian Lipowitz (Red Bull-Bora-Hansgrohe). \u00c9sta y otras contiendas continuar\u00e1n este s\u00e1bado en una jornada de alta monta\u00f1a con final en alto en Superbagn\u00e8res previo paso por Tourmalet, Aspin y Peyresourde.<\/strong><\/p>\n\n\n\n<figure class=\"wp-block-image\"><a class=\"media__item__link js-play-embed\" href=\"https:\/\/geo.dailymotion.com\/player\/xbbut.html?video=x9n70i4&amp;autoplay=1\" target=\"_blank\" rel=\"noreferrer noopener\"><img decoding=\"async\" src=\"https:\/\/img.aso.fr\/core_app\/img-cycling-tdf-jpg\/video\/67632\/0:0,1280:720-1200-0-70\/c1725\" alt=\"\"\/><\/a><figcaption class=\"wp-element-caption\">La Pel\u00edcula &#8211; Etapa 13 &#8211; Tour de France 2025<\/figcaption><\/figure>\n\n\n\n<p>171 corredores participaron en la decimotercera etapa del Tour de Francia 2025, una cronoescalada de 10,9 kil\u00f3metros entre Loudenvielle y Peyragudes. El franc\u00e9s Matt\u00e9o Vercher (TotalEnergies) inaugur\u00f3 la competici\u00f3n a las 13:10, marcando un mejor tiempo en meta de 30\u201901\u201d que fue mejorado sucesivamente por Jordi Meeus (Red Bull-Bora-Hansgrohe), Roel van Sintmaartensdijk (Intermarch\u00e9-Wanty), S\u00e9bastien Grignard (Lotto) y Lennert van Eetvelt (Lotto), quien campe\u00f3 una veintena de minutos en lo alto de la tabla con 27\u201949\u201d. No obstante, su registro fue pulverizado por el autor del primer tiempo de referencia, Luke Plapp (Jayco-AlUla). El campe\u00f3n nacional australiano marc\u00f3 en la cima de Peyragudes 24\u201958\u201d, a una media de 26,2 km\/h.<\/p>\n\n\n\n<p><strong>Remco Evenepoel, el perdedor de la jornada<\/strong><\/p>\n\n\n\n<p>Los tiempos de Plapp campearon en lo m\u00e1s alto de la tabla durante tres horas, manteni\u00e9ndolo sentado en la \u2018hot seat\u2019 en un d\u00eda de por s\u00ed c\u00e1lido. Matteo Jorgenson (Visma-Lease a Bike) fue el primero en batirle en los intermedios de Escadaoux (km 4) y Loudervielle (km 7,6), pero sus 25\u201903\u201d no bastaron en Peyragudes. Hubo que esperar al esloveno Primoz Roglic (Red Bull-Bora-Hansgrohe), quien pulveriz\u00f3 su registro con 24\u201920\u201d. Posteriormente, los tres mejores de este Tour de Francia (e integrantes del podio del a\u00f1o pasado) saldr\u00edan a la carretera para librar su particular batalla. Remco Evenepoel (Soudal-Quick Step) fue de m\u00e1s a menos (25\u201939\u201d) y acab\u00f3 siendo doblado por Jonas Vingegaard (Visma-Lease a Bike), quien marc\u00f3 23\u201936\u201d para reinar en Peyragudes durante minuto y medio: lo que tard\u00f3 Tadej Pogacar (UAE Team Emirates) en confirmar lo apuntado en los intermedios con un tiempo de 23\u201900\u201d a una velocidad de 28,4 km\/h que le permite incrementar su renta al frente de la general hasta 4\u201907\u201d sobre el dan\u00e9s y 7\u201924\u201d respecto al belga.<\/p>\n\n\n\n<figure class=\"wp-block-image\"><a class=\"js-jzoom\" href=\"https:\/\/img.aso.fr\/core_app\/img-cycling-tdf-jpg\/header-e13-arrivee\/67525\/0:0,2000:890-1200-0-70\/a78f3\"><img decoding=\"async\" src=\"https:\/\/img.aso.fr\/core_app\/img-cycling-tdf-jpg\/header-e13-arrivee\/67525\/0:0,2000:890-1200-0-70\/a78f3\" alt=\"18\/07\/2025 \u2013 Tour de France 2025 \u2013 \u00c9tape 13 - Loudenbvielle \/ Peyragudes (10,9 km CLM) -Tadej POGACAR (UAE TEAM EMIRATES XRG)\"\/><\/a><figcaption class=\"wp-element-caption\">18\/07\/2025 \u2013 Tour de France 2025 \u2013 \u00c9tape 13 &#8211; Loudenbvielle \/ Peyragudes (10,9 km CLM) -Tadej POGACAR (UAE TEAM EMIRATES XRG) \u00a9 A.S.O.\/Billy Ceusters<\/figcaption><\/figure>\n\n\n\n<p><\/p>\n\n\n\n<p><\/p>\n\n\n\n<p>letour.fr<\/p>\n","protected":false},"excerpt":{"rendered":"<p>Tour de France 2025&nbsp;|&nbsp;Etapa 13&nbsp;|&nbsp;Loudenvielle &gt; Peyragudes Visto lo visto la v\u00edspera en Hautacam, cab\u00eda esperar una exhibici\u00f3n de Tadej Pogacar (UAE Team Emirates) este viernes en la cronoescalada de Peyragudes. El maillot amarillo estuvo a la altura de las previsiones y aventaj\u00f3 en 36\u201d a Jonas Vingegaard (Visma-Lease a Bike) y 1\u201920\u201d a Primoz [&hellip;]<\/p>\n","protected":false},"author":1,"featured_media":189585,"comment_status":"closed","ping_status":"closed","sticky":false,"template":"","format":"standard","meta":{"_acf_changed":false,"_jetpack_memberships_contains_paid_content":false,"footnotes":"","jetpack_publicize_message":"","jetpack_publicize_feature_enabled":true,"jetpack_social_post_already_shared":true,"jetpack_social_options":{"image_generator_settings":{"template":"highway","default_image_id":0,"font":"","enabled":false},"version":2}},"categories":[14],"tags":[],"class_list":["post-189584","post","type-post","status-publish","format-standard","has-post-thumbnail","hentry","category-ciclismo"],"acf":[],"jetpack_publicize_connections":[],"jetpack_featured_media_url":"https:\/\/i0.wp.com\/sportseco.com\/wp-content\/uploads\/2025\/07\/a78f3.jpeg?fit=1200%2C534&ssl=1","jetpack_sharing_enabled":true,"_links":{"self":[{"href":"https:\/\/sportseco.com\/index.php?rest_route=\/wp\/v2\/posts\/189584","targetHints":{"allow":["GET"]}}],"collection":[{"href":"https:\/\/sportseco.com\/index.php?rest_route=\/wp\/v2\/posts"}],"about":[{"href":"https:\/\/sportseco.com\/index.php?rest_route=\/wp\/v2\/types\/post"}],"author":[{"embeddable":true,"href":"https:\/\/sportseco.com\/index.php?rest_route=\/wp\/v2\/users\/1"}],"replies":[{"embeddable":true,"href":"https:\/\/sportseco.com\/index.php?rest_route=%2Fwp%2Fv2%2Fcomments&post=189584"}],"version-history":[{"count":1,"href":"https:\/\/sportseco.com\/index.php?rest_route=\/wp\/v2\/posts\/189584\/revisions"}],"predecessor-version":[{"id":189586,"href":"https:\/\/sportseco.com\/index.php?rest_route=\/wp\/v2\/posts\/189584\/revisions\/189586"}],"wp:featuredmedia":[{"embeddable":true,"href":"https:\/\/sportseco.com\/index.php?rest_route=\/wp\/v2\/media\/189585"}],"wp:attachment":[{"href":"https:\/\/sportseco.com\/index.php?rest_route=%2Fwp%2Fv2%2Fmedia&parent=189584"}],"wp:term":[{"taxonomy":"category","embeddable":true,"href":"https:\/\/sportseco.com\/index.php?rest_route=%2Fwp%2Fv2%2Fcategories&post=189584"},{"taxonomy":"post_tag","embeddable":true,"href":"https:\/\/sportseco.com\/index.php?rest_route=%2Fwp%2Fv2%2Ftags&post=189584"}],"curies":[{"name":"wp","href":"https:\/\/api.w.org\/{rel}","templated":true}]}}