{"id":189590,"date":"2025-07-18T16:11:08","date_gmt":"2025-07-18T20:11:08","guid":{"rendered":"https:\/\/sportseco.com\/?p=189590"},"modified":"2025-07-18T16:11:16","modified_gmt":"2025-07-18T20:11:16","slug":"remco-evenepoel-me-he-sentido-vacio-mi-actuacion-ha-sido-muy-floja","status":"publish","type":"post","link":"https:\/\/sportseco.com\/?p=189590","title":{"rendered":"Remco Evenepoel: \u201cMe he sentido vac\u00edo; mi actuaci\u00f3n ha sido muy floja\u201d"},"content":{"rendered":"\n<p><em>Remco Evenepoel (Soudal-Quick Step) contin\u00faa l\u00edder de la clasificaci\u00f3n de los J\u00f3venes tras la 13\u00aa etapa del Tour de Francia 2025.<\/em><\/p>\n\n\n\n<p>\u00abNo he tenido las piernas que hubiera querido. Todo ha ido bien en la parte llana pero, despu\u00e9s de tres o cuatro minutos de subida, me he sentido vac\u00edo. No encuentro explicaci\u00f3n. He calentado como suelo hacerlo y me sent\u00eda bien esta ma\u00f1ana. En la parte final he tenido muy malas sensaciones. Mi actuaci\u00f3n ha sido muy floja. La verdad es que no me lo esperaba. No prest\u00e9 mucha atenci\u00f3n a Jonas cuando me adelant\u00f3, pero era consciente de que, por la velocidad a la que yo marchaba, iba a suceder. No s\u00e9 qu\u00e9 pasar\u00e1 ma\u00f1ana. S\u00f3lo espero que vaya mejor\u201d<\/p>\n\n\n\n<figure class=\"wp-block-image\"><a class=\"js-jzoom\" href=\"https:\/\/img.aso.fr\/core_app\/img-cycling-tdf-jpg\/clm102\/67576\/0:0,1200:800-1200-0-70\/2cf3d\"><img decoding=\"async\" src=\"https:\/\/img.aso.fr\/core_app\/img-cycling-tdf-jpg\/clm102\/67576\/0:0,1200:800-2400-0-70\/cb381\" alt=\"18\/07\/2025 \u2013 Tour de France 2025 \u2013 \u00c9tape 13 - Loudenbvielle \/ Peyragudes (10,9 km CLM) - Remco EVENEPOEL (SOUDAL QUICK-STEP)\"\/><\/a><figcaption class=\"wp-element-caption\">18\/07\/2025 \u2013 Tour de France 2025 \u2013 \u00c9tape 13 &#8211; Loudenbvielle \/ Peyragudes (10,9 km CLM) &#8211; Remco EVENEPOEL (SOUDAL QUICK-STEP) \u00a9 A.S.O.\/Billy Ceusters<\/figcaption><\/figure>\n\n\n\n<p><\/p>\n\n\n\n<p>letour.fr<\/p>\n","protected":false},"excerpt":{"rendered":"<p>Remco Evenepoel (Soudal-Quick Step) contin\u00faa l\u00edder de la clasificaci\u00f3n de los J\u00f3venes tras la 13\u00aa etapa del Tour de Francia 2025. \u00abNo he tenido las piernas que hubiera querido. Todo ha ido bien en la parte llana pero, despu\u00e9s de tres o cuatro minutos de subida, me he sentido vac\u00edo. No encuentro explicaci\u00f3n. He calentado [&hellip;]<\/p>\n","protected":false},"author":1,"featured_media":189591,"comment_status":"closed","ping_status":"closed","sticky":false,"template":"","format":"standard","meta":{"_acf_changed":false,"_jetpack_memberships_contains_paid_content":false,"footnotes":"","jetpack_publicize_message":"","jetpack_publicize_feature_enabled":true,"jetpack_social_post_already_shared":true,"jetpack_social_options":{"image_generator_settings":{"template":"highway","default_image_id":0,"font":"","enabled":false},"version":2}},"categories":[14],"tags":[],"class_list":["post-189590","post","type-post","status-publish","format-standard","has-post-thumbnail","hentry","category-ciclismo"],"acf":[],"jetpack_publicize_connections":[],"jetpack_featured_media_url":"https:\/\/i0.wp.com\/sportseco.com\/wp-content\/uploads\/2025\/07\/2cf3d.jpeg?fit=1200%2C800&ssl=1","jetpack_sharing_enabled":true,"_links":{"self":[{"href":"https:\/\/sportseco.com\/index.php?rest_route=\/wp\/v2\/posts\/189590","targetHints":{"allow":["GET"]}}],"collection":[{"href":"https:\/\/sportseco.com\/index.php?rest_route=\/wp\/v2\/posts"}],"about":[{"href":"https:\/\/sportseco.com\/index.php?rest_route=\/wp\/v2\/types\/post"}],"author":[{"embeddable":true,"href":"https:\/\/sportseco.com\/index.php?rest_route=\/wp\/v2\/users\/1"}],"replies":[{"embeddable":true,"href":"https:\/\/sportseco.com\/index.php?rest_route=%2Fwp%2Fv2%2Fcomments&post=189590"}],"version-history":[{"count":1,"href":"https:\/\/sportseco.com\/index.php?rest_route=\/wp\/v2\/posts\/189590\/revisions"}],"predecessor-version":[{"id":189592,"href":"https:\/\/sportseco.com\/index.php?rest_route=\/wp\/v2\/posts\/189590\/revisions\/189592"}],"wp:featuredmedia":[{"embeddable":true,"href":"https:\/\/sportseco.com\/index.php?rest_route=\/wp\/v2\/media\/189591"}],"wp:attachment":[{"href":"https:\/\/sportseco.com\/index.php?rest_route=%2Fwp%2Fv2%2Fmedia&parent=189590"}],"wp:term":[{"taxonomy":"category","embeddable":true,"href":"https:\/\/sportseco.com\/index.php?rest_route=%2Fwp%2Fv2%2Fcategories&post=189590"},{"taxonomy":"post_tag","embeddable":true,"href":"https:\/\/sportseco.com\/index.php?rest_route=%2Fwp%2Fv2%2Ftags&post=189590"}],"curies":[{"name":"wp","href":"https:\/\/api.w.org\/{rel}","templated":true}]}}