{"id":189621,"date":"2025-07-19T11:48:06","date_gmt":"2025-07-19T15:48:06","guid":{"rendered":"https:\/\/sportseco.com\/?p=189621"},"modified":"2025-07-19T11:48:12","modified_gmt":"2025-07-19T15:48:12","slug":"evenepoel-abandona-el-tour-de-francia","status":"publish","type":"post","link":"https:\/\/sportseco.com\/?p=189621","title":{"rendered":"Evenepoel abandona el Tour de Francia"},"content":{"rendered":"\n<p>BAGNERES-DE-LUCHON, Francia, 19 de julio (Reuters) &#8211; El belga Remco Evenepoel abandon\u00f3 el Tour de Francia el s\u00e1bado durante la 14\u00aa etapa, una traves\u00eda de monta\u00f1a de 182,6 km entre Pau y Superbagneres.<br \/>El ciclista del Soudal-Quick Step, tercero en la general, se baj\u00f3 de la bicicleta y se subi\u00f3 al coche de su equipo a mitad del ascenso al Col du Tourmalet, el primero de los cuatro puertos del d\u00eda.<br \/>El bolet\u00edn informativo diario de Reuters te ofrece todas las noticias que necesitas para empezar el d\u00eda. Reg\u00edstrate aqu\u00ed.<br \/>Evenepoel hab\u00eda tenido dificultades en los \u00faltimos d\u00edas, perdiendo tiempo en la primera etapa de los Pirineos y en la contrarreloj individual en subida del viernes.<br \/><\/p>\n\n\n\n<p><br \/>\u00abAyer fue malo, hoy fue peor\u00bb, declar\u00f3 el viernes el campe\u00f3n ol\u00edmpico, ganador de la contrarreloj individual de la quinta etapa. La situaci\u00f3n empeor\u00f3 a\u00fan m\u00e1s el s\u00e1bado, cuando el ciclista de 25 a\u00f1os no pudo mantener el ritmo en el agotador ascenso al Tourmalet (19 km al 7,4 %), mientras decenas de ciclistas lo adelantaban a toda velocidad.<br \/>Tras darle su botella a un ni\u00f1o al borde de la carretera, Evenepoel se rindi\u00f3, un a\u00f1o despu\u00e9s de terminar tercero en la general en su debut en el Tour de Francia.<br \/>Evenepoel gan\u00f3 la Vuelta a Espa\u00f1a en 2022.<br \/>Informaci\u00f3n de Julien Pretot; Edici\u00f3n de Andrew Cawthorne<\/p>\n\n\n\n<p><\/p>\n\n\n\n<p>reuters.com<\/p>\n","protected":false},"excerpt":{"rendered":"<p>BAGNERES-DE-LUCHON, Francia, 19 de julio (Reuters) &#8211; El belga Remco Evenepoel abandon\u00f3 el Tour de Francia el s\u00e1bado durante la 14\u00aa etapa, una traves\u00eda de monta\u00f1a de 182,6 km entre Pau y Superbagneres.El ciclista del Soudal-Quick Step, tercero en la general, se baj\u00f3 de la bicicleta y se subi\u00f3 al coche de su equipo a [&hellip;]<\/p>\n","protected":false},"author":1,"featured_media":189622,"comment_status":"closed","ping_status":"closed","sticky":false,"template":"","format":"standard","meta":{"_acf_changed":false,"_jetpack_memberships_contains_paid_content":false,"footnotes":"","jetpack_publicize_message":"","jetpack_publicize_feature_enabled":true,"jetpack_social_post_already_shared":true,"jetpack_social_options":{"image_generator_settings":{"template":"highway","default_image_id":0,"font":"","enabled":false},"version":2}},"categories":[14],"tags":[],"class_list":["post-189621","post","type-post","status-publish","format-standard","has-post-thumbnail","hentry","category-ciclismo"],"acf":[],"jetpack_publicize_connections":[],"jetpack_featured_media_url":"https:\/\/sportseco.com\/wp-content\/uploads\/2025\/07\/7HUT3AYPJ5NWFPOJ2DV2YELOR4.avif","jetpack_sharing_enabled":true,"_links":{"self":[{"href":"https:\/\/sportseco.com\/index.php?rest_route=\/wp\/v2\/posts\/189621","targetHints":{"allow":["GET"]}}],"collection":[{"href":"https:\/\/sportseco.com\/index.php?rest_route=\/wp\/v2\/posts"}],"about":[{"href":"https:\/\/sportseco.com\/index.php?rest_route=\/wp\/v2\/types\/post"}],"author":[{"embeddable":true,"href":"https:\/\/sportseco.com\/index.php?rest_route=\/wp\/v2\/users\/1"}],"replies":[{"embeddable":true,"href":"https:\/\/sportseco.com\/index.php?rest_route=%2Fwp%2Fv2%2Fcomments&post=189621"}],"version-history":[{"count":1,"href":"https:\/\/sportseco.com\/index.php?rest_route=\/wp\/v2\/posts\/189621\/revisions"}],"predecessor-version":[{"id":189623,"href":"https:\/\/sportseco.com\/index.php?rest_route=\/wp\/v2\/posts\/189621\/revisions\/189623"}],"wp:featuredmedia":[{"embeddable":true,"href":"https:\/\/sportseco.com\/index.php?rest_route=\/wp\/v2\/media\/189622"}],"wp:attachment":[{"href":"https:\/\/sportseco.com\/index.php?rest_route=%2Fwp%2Fv2%2Fmedia&parent=189621"}],"wp:term":[{"taxonomy":"category","embeddable":true,"href":"https:\/\/sportseco.com\/index.php?rest_route=%2Fwp%2Fv2%2Fcategories&post=189621"},{"taxonomy":"post_tag","embeddable":true,"href":"https:\/\/sportseco.com\/index.php?rest_route=%2Fwp%2Fv2%2Ftags&post=189621"}],"curies":[{"name":"wp","href":"https:\/\/api.w.org\/{rel}","templated":true}]}}