{"id":189834,"date":"2025-07-22T15:38:27","date_gmt":"2025-07-22T19:38:27","guid":{"rendered":"https:\/\/sportseco.com\/?p=189834"},"modified":"2025-07-22T15:38:41","modified_gmt":"2025-07-22T19:38:41","slug":"tadej-pogacar-por-suerte-hoy-tenia-mejores-piernas-que-hace-tres-anos","status":"publish","type":"post","link":"https:\/\/sportseco.com\/?p=189834","title":{"rendered":"Tadej Pogacar: \u201cPor suerte, hoy ten\u00eda mejores piernas que hace tres a\u00f1os\u201d"},"content":{"rendered":"\n<p><em>Tadej Pogacar (UAE Team Emirates) contin\u00faa l\u00edder de la clasificaci\u00f3n general tras la 16\u00aa etapa del Tour de Francia 2025.<\/em><\/p>\n\n\n\n<p>\u00abJonas [Vingegaard] lo ha intentado con todo hoy. Ellos [Visma] han corrido bastante bien como equipo, pero por suerte yo ten\u00eda mejores piernas hoy que en 2021 y he podido hacer frente a los ataques de Jonas. Estoy contento con mi actuaci\u00f3n, ya que he podido defender el maillot amarillo como hab\u00edamos planeado por la ma\u00f1ana. En algunos puntos he sufrido, pero hoy s\u00f3lo ha sido una subida; un \u00fanico esfuerzo a tope del pie hasta la cima del puerto. Los pr\u00f3ximos d\u00edas tendr\u00e1n varias subidas y ser\u00e1n m\u00e1s exigentes\u00bb.<\/p>\n\n\n\n<p>\u00abDejamos que Pavel [Sivakov] y Marc [Soler] se fueran en la escapada porque no nos interesaba demasiado la victoria de etapa y, si ten\u00edamos que trabajar en el puerto final, cont\u00e1bamos con Tim [Wellens] y Adam [Yates], adem\u00e1s de la posibilidad de pedirles a los fugados que pararan. No obstante, Visma fue muy agresivo y casi alcanzamos a la escapada. Vimos a los ganadores a falta de un kil\u00f3metro, pero ni Superman hubiera podido alcanzarlos. Chapeau a Valentin Paret Peintre; se merec\u00eda la victoria, en estas subidas largas es donde m\u00e1s brilla. Mi foco hoy estaba puesto en Jonas, y nada m\u00e1s. Jonas y yo vamos a competir [por el maillot amarillo] hasta Par\u00eds. \u00c9sta ha sido una etapa muy dura, sobre todo despu\u00e9s de un d\u00eda de descanso, y estoy contento de haberla superado.\u00bb<\/p>\n\n\n\n<p>\u00abNo creo que hoy hubi\u00e9ramos podido rodar mucho m\u00e1s r\u00e1pido de lo que lo hemos hecho. Jonas y su equipo han marcado un ritmo muy bueno desde la base del puerto, y tambi\u00e9n m\u00e1s adelante con los dos hombres que ven\u00edan de la fuga. Este es el l\u00edmite de lo r\u00e1pido que pod\u00edamos rodar, m\u00e1s all\u00e1 de haber trazado mejor alguna curva\u201d.<\/p>\n\n\n\n<figure class=\"wp-block-image\"><a class=\"js-jzoom\" href=\"https:\/\/img.aso.fr\/core_app\/img-cycling-tdf-jpg\/depart022\/68069\/0:0,1200:800-1200-0-70\/e7bc5\"><img decoding=\"async\" src=\"https:\/\/img.aso.fr\/core_app\/img-cycling-tdf-jpg\/depart022\/68069\/0:0,1200:800-2400-0-70\/bb0cb\" alt=\"22\/07\/2025 \u2013 Tour de France 2025 \u2013 \u00c9tape 16 - Montpellier \/ Mont Ventoux (171,5 km) - Tim WELLENS, Tadej POGACAR (UAE TEAM EMIRATES XRG)\"\/><\/a><figcaption class=\"wp-element-caption\">22\/07\/2025 \u2013 Tour de France 2025 \u2013 \u00c9tape 16 &#8211; Montpellier \/ Mont Ventoux (171,5 km) &#8211; Tim WELLENS, Tadej POGACAR (UAE TEAM EMIRATES XRG) \u00a9 A.S.O.\/Billy Ceusters<\/figcaption><\/figure>\n\n\n\n<p><\/p>\n\n\n\n<p>letour.fr<\/p>\n","protected":false},"excerpt":{"rendered":"<p>Tadej Pogacar (UAE Team Emirates) contin\u00faa l\u00edder de la clasificaci\u00f3n general tras la 16\u00aa etapa del Tour de Francia 2025. \u00abJonas [Vingegaard] lo ha intentado con todo hoy. Ellos [Visma] han corrido bastante bien como equipo, pero por suerte yo ten\u00eda mejores piernas hoy que en 2021 y he podido hacer frente a los ataques [&hellip;]<\/p>\n","protected":false},"author":1,"featured_media":189835,"comment_status":"closed","ping_status":"closed","sticky":false,"template":"","format":"standard","meta":{"_acf_changed":false,"_jetpack_memberships_contains_paid_content":false,"footnotes":"","jetpack_publicize_message":"","jetpack_publicize_feature_enabled":true,"jetpack_social_post_already_shared":true,"jetpack_social_options":{"image_generator_settings":{"template":"highway","default_image_id":0,"font":"","enabled":false},"version":2}},"categories":[14],"tags":[],"class_list":["post-189834","post","type-post","status-publish","format-standard","has-post-thumbnail","hentry","category-ciclismo"],"acf":[],"jetpack_publicize_connections":[],"jetpack_featured_media_url":"https:\/\/i0.wp.com\/sportseco.com\/wp-content\/uploads\/2025\/07\/bb0cb.jpeg?fit=2400%2C1600&ssl=1","jetpack_sharing_enabled":true,"_links":{"self":[{"href":"https:\/\/sportseco.com\/index.php?rest_route=\/wp\/v2\/posts\/189834","targetHints":{"allow":["GET"]}}],"collection":[{"href":"https:\/\/sportseco.com\/index.php?rest_route=\/wp\/v2\/posts"}],"about":[{"href":"https:\/\/sportseco.com\/index.php?rest_route=\/wp\/v2\/types\/post"}],"author":[{"embeddable":true,"href":"https:\/\/sportseco.com\/index.php?rest_route=\/wp\/v2\/users\/1"}],"replies":[{"embeddable":true,"href":"https:\/\/sportseco.com\/index.php?rest_route=%2Fwp%2Fv2%2Fcomments&post=189834"}],"version-history":[{"count":1,"href":"https:\/\/sportseco.com\/index.php?rest_route=\/wp\/v2\/posts\/189834\/revisions"}],"predecessor-version":[{"id":189836,"href":"https:\/\/sportseco.com\/index.php?rest_route=\/wp\/v2\/posts\/189834\/revisions\/189836"}],"wp:featuredmedia":[{"embeddable":true,"href":"https:\/\/sportseco.com\/index.php?rest_route=\/wp\/v2\/media\/189835"}],"wp:attachment":[{"href":"https:\/\/sportseco.com\/index.php?rest_route=%2Fwp%2Fv2%2Fmedia&parent=189834"}],"wp:term":[{"taxonomy":"category","embeddable":true,"href":"https:\/\/sportseco.com\/index.php?rest_route=%2Fwp%2Fv2%2Fcategories&post=189834"},{"taxonomy":"post_tag","embeddable":true,"href":"https:\/\/sportseco.com\/index.php?rest_route=%2Fwp%2Fv2%2Ftags&post=189834"}],"curies":[{"name":"wp","href":"https:\/\/api.w.org\/{rel}","templated":true}]}}