{"id":189870,"date":"2025-07-23T10:08:49","date_gmt":"2025-07-23T14:08:49","guid":{"rendered":"https:\/\/sportseco.com\/?p=189870"},"modified":"2025-07-23T10:08:54","modified_gmt":"2025-07-23T14:08:54","slug":"cambios-en-el-recorrido-de-las-etapas-3-y-4-de-la-vuelta-a-colombia-2025-75-anos","status":"publish","type":"post","link":"https:\/\/sportseco.com\/?p=189870","title":{"rendered":"Cambios en el recorrido de las etapas 3 y 4 de la Vuelta a Colombia 2025 \u2013 75 a\u00f1os"},"content":{"rendered":"\n<figure class=\"wp-block-image\"><img data-recalc-dims=\"1\" decoding=\"async\" src=\"https:\/\/i0.wp.com\/efbt585jris.exactdn.com\/wp-content\/uploads\/2025\/07\/Logo-VColombia-75anos.jpg?w=640&#038;ssl=1\" alt=\"\"\/><\/figure>\n\n\n\n<ul class=\"wp-block-list\">\n<li><\/li>\n\n\n\n<li><\/li>\n\n\n\n<li><\/li>\n\n\n\n<li><\/li>\n<\/ul>\n\n\n\n<p>La Federaci\u00f3n Colombiana de Ciclismo informa a equipos, medios de comunicaci\u00f3n, autoridades y aficionados que, debido al cierre total de la v\u00eda Macanal \u2013 Santa Mar\u00eda, en Boyac\u00e1, producto de los graves da\u00f1os ocasionados por las intensas lluvias registradas esta semana, se han realizado ajustes en el recorrido oficial de las etapas 3 y 4 de la Vuelta a Colombia 2025 \u2013 75 a\u00f1os.<\/p>\n\n\n\n<p>Agradecemos la comprensi\u00f3n de todas las partes involucradas y destacamos el apoyo de las autoridades locales y regionales para garantizar el normal desarrollo de la carrera.<\/p>\n\n\n\n<p><strong>NUEVO RECORRIDO<\/strong><\/p>\n\n\n\n<p><strong>Etapa 3 \u2013 domingo 3 de agosto<\/strong><br \/>Contrarreloj Individual \u2013 V\u00eda Aguazul \u2013 Pajarito (salida tres kil\u00f3metros despu\u00e9s de Aguazul)<br \/>Distancia: 25 kil\u00f3metros<\/p>\n\n\n\n<p><strong>Etapa 4 \u2013 lunes 4 de agosto<\/strong><br \/>Circuito Duitama \u2013 Duitama<br \/>Recorrido: Duitama, La Y, Tibasosa, Sogamoso, La Y (Cuatro vueltas al circuito conocido como Vuelta al Valle, final en el Alto del Cogollo)<br \/>Cada vuelta: 33 kil\u00f3metros<\/p>\n\n\n\n<p>Reiteramos el compromiso de la organizaci\u00f3n con la seguridad de los corredores, el p\u00fablico y toda la caravana, y agradecemos la atenci\u00f3n prestada a esta importante actualizaci\u00f3n log\u00edstica.<\/p>\n\n\n\n<figure class=\"wp-block-image size-large\"><img data-recalc-dims=\"1\" loading=\"lazy\" decoding=\"async\" width=\"640\" height=\"460\" src=\"https:\/\/i0.wp.com\/sportseco.com\/wp-content\/uploads\/2025\/07\/WhatsApp-Image-2025-07-18-at-10.15.40.jpeg?resize=640%2C460&#038;ssl=1\" alt=\"\" class=\"wp-image-189872\" srcset=\"https:\/\/i0.wp.com\/sportseco.com\/wp-content\/uploads\/2025\/07\/WhatsApp-Image-2025-07-18-at-10.15.40.jpeg?resize=1030%2C741&amp;ssl=1 1030w, https:\/\/i0.wp.com\/sportseco.com\/wp-content\/uploads\/2025\/07\/WhatsApp-Image-2025-07-18-at-10.15.40.jpeg?resize=300%2C216&amp;ssl=1 300w, https:\/\/i0.wp.com\/sportseco.com\/wp-content\/uploads\/2025\/07\/WhatsApp-Image-2025-07-18-at-10.15.40.jpeg?resize=768%2C553&amp;ssl=1 768w, https:\/\/i0.wp.com\/sportseco.com\/wp-content\/uploads\/2025\/07\/WhatsApp-Image-2025-07-18-at-10.15.40.jpeg?w=1080&amp;ssl=1 1080w\" sizes=\"auto, (max-width: 640px) 100vw, 640px\" \/><\/figure>\n\n\n\n<p><a href=\"https:\/\/efbt585jris.exactdn.com\/wp-content\/uploads\/2025\/07\/WhatsApp-Image-2025-07-18-at-10.15.40.jpeg?strip=all&amp;lossy=1&amp;sharp=1&amp;w=2560&amp;ssl=1\"><\/a><\/p>\n\n\n\n<p id=\"caption-attachment-92559\">Derrumbe en la v\u00eda Macanal \u2013 Santa Mar\u00eda en Boyac\u00e1<br \/><\/p>\n\n\n\n<p>federacioncolombianadeciclismo.com<\/p>\n","protected":false},"excerpt":{"rendered":"<p>La Federaci\u00f3n Colombiana de Ciclismo informa a equipos, medios de comunicaci\u00f3n, autoridades y aficionados que, debido al cierre total de la v\u00eda Macanal \u2013 Santa Mar\u00eda, en Boyac\u00e1, producto de los graves da\u00f1os ocasionados por las intensas lluvias registradas esta semana, se han realizado ajustes en el recorrido oficial de las etapas 3 y 4 [&hellip;]<\/p>\n","protected":false},"author":1,"featured_media":189871,"comment_status":"closed","ping_status":"closed","sticky":false,"template":"","format":"standard","meta":{"_acf_changed":false,"_jetpack_memberships_contains_paid_content":false,"footnotes":"","jetpack_publicize_message":"","jetpack_publicize_feature_enabled":true,"jetpack_social_post_already_shared":true,"jetpack_social_options":{"image_generator_settings":{"template":"highway","default_image_id":0,"font":"","enabled":false},"version":2}},"categories":[14],"tags":[],"class_list":["post-189870","post","type-post","status-publish","format-standard","has-post-thumbnail","hentry","category-ciclismo"],"acf":[],"jetpack_publicize_connections":[],"jetpack_featured_media_url":"https:\/\/i0.wp.com\/sportseco.com\/wp-content\/uploads\/2025\/07\/Logo-VColombia-75anos-1536x864-1.webp?fit=1536%2C864&ssl=1","jetpack_sharing_enabled":true,"_links":{"self":[{"href":"https:\/\/sportseco.com\/index.php?rest_route=\/wp\/v2\/posts\/189870","targetHints":{"allow":["GET"]}}],"collection":[{"href":"https:\/\/sportseco.com\/index.php?rest_route=\/wp\/v2\/posts"}],"about":[{"href":"https:\/\/sportseco.com\/index.php?rest_route=\/wp\/v2\/types\/post"}],"author":[{"embeddable":true,"href":"https:\/\/sportseco.com\/index.php?rest_route=\/wp\/v2\/users\/1"}],"replies":[{"embeddable":true,"href":"https:\/\/sportseco.com\/index.php?rest_route=%2Fwp%2Fv2%2Fcomments&post=189870"}],"version-history":[{"count":1,"href":"https:\/\/sportseco.com\/index.php?rest_route=\/wp\/v2\/posts\/189870\/revisions"}],"predecessor-version":[{"id":189873,"href":"https:\/\/sportseco.com\/index.php?rest_route=\/wp\/v2\/posts\/189870\/revisions\/189873"}],"wp:featuredmedia":[{"embeddable":true,"href":"https:\/\/sportseco.com\/index.php?rest_route=\/wp\/v2\/media\/189871"}],"wp:attachment":[{"href":"https:\/\/sportseco.com\/index.php?rest_route=%2Fwp%2Fv2%2Fmedia&parent=189870"}],"wp:term":[{"taxonomy":"category","embeddable":true,"href":"https:\/\/sportseco.com\/index.php?rest_route=%2Fwp%2Fv2%2Fcategories&post=189870"},{"taxonomy":"post_tag","embeddable":true,"href":"https:\/\/sportseco.com\/index.php?rest_route=%2Fwp%2Fv2%2Ftags&post=189870"}],"curies":[{"name":"wp","href":"https:\/\/api.w.org\/{rel}","templated":true}]}}