{"id":189874,"date":"2025-07-23T10:11:54","date_gmt":"2025-07-23T14:11:54","guid":{"rendered":"https:\/\/sportseco.com\/?p=189874"},"modified":"2025-07-23T10:11:59","modified_gmt":"2025-07-23T14:11:59","slug":"confirmados-los-25-equipos-que-competiran-en-la-edicion-75-de-la-vuelta-a-colombia-2025","status":"publish","type":"post","link":"https:\/\/sportseco.com\/?p=189874","title":{"rendered":"Confirmados los 25 equipos que competir\u00e1n en la edici\u00f3n 75 de la Vuelta a Colombia 2025"},"content":{"rendered":"\n<figure class=\"wp-block-image\"><img data-recalc-dims=\"1\" decoding=\"async\" src=\"https:\/\/i0.wp.com\/efbt585jris.exactdn.com\/wp-content\/uploads\/2025\/07\/Vuelta-a-Colombia-75-anos.jpg?w=640&#038;ssl=1\" alt=\"\"\/><\/figure>\n\n\n\n<ul class=\"wp-block-list\">\n<li><\/li>\n\n\n\n<li><\/li>\n\n\n\n<li><\/li>\n\n\n\n<li><\/li>\n<\/ul>\n\n\n\n<p>La Federaci\u00f3n Colombiana de Ciclismo se enorgullece en anunciar a los 25 equipos que competir\u00e1n en la&nbsp;<strong>edici\u00f3n n\u00famero 75<\/strong>&nbsp;de la carrera, un hito hist\u00f3rico que celebrar\u00e1 el legado del ciclismo nacional y sus grandes protagonistas.<\/p>\n\n\n\n<p>Esta edici\u00f3n, que se disputar\u00e1 del&nbsp;<strong>1 al 10 de agosto<\/strong>, recorrer\u00e1 m\u00e1s de&nbsp;<strong>1.822 kil\u00f3metros<\/strong>&nbsp;a trav\u00e9s de seis departamentos:&nbsp;<strong>Casanare, Boyac\u00e1, Cundinamarca, Tolima, Quind\u00edo y Valle del Cauca<\/strong>, combinando altimetr\u00edas desafiantes, paisajes emblem\u00e1ticos y la pasi\u00f3n de los aficionados que siempre acompa\u00f1an a la caravana en las carreteras de nuestro pa\u00eds.<\/p>\n\n\n\n<p>La carrera,&nbsp;<strong>que hace parte del calendario internacional UCI en la categor\u00eda 2.2<\/strong>, reunir\u00e1 a lo mejor del ciclismo nacional e internacional, con&nbsp;<strong>25 equipos<\/strong>, entre continentales y de marca, que rese\u00f1amos a continuaci\u00f3n:<\/p>\n\n\n\n<p>Universe Cycling Team (Pa\u00edses Bajos)<br \/>Movistar Best PC (Ecuador)<br \/>Canel\u2019s \u2013 Java (M\u00e9xico)<br \/>Pio Rico Cycling Team (Bolivia)<br \/>7C Economy Hyundai (Costa Rica)<br \/>Hino (Guatemala)<br \/>Nu Colombia<br \/>Team Medell\u00edn \u2013 EPM<br \/>Team Sistecr\u00e9dito<br \/>GW Erco Shimano<br \/>Orgullo Paisa<br \/>Team Boyac\u00e1 es Para Vivirla<br \/>Avinal \u2013 Alcald\u00eda El Carmen de Viboral<br \/>Fun RV<br \/>CRIC Nacional<br \/>Team Nativos<br \/>Orgullo Comunero<br \/>Ch\u00eda Ciudad de La Luna<br \/>Team Fundecom<br \/>Team Garroteros<br \/>Team Or\u00edgenes Coffee<br \/>100% Huevos Alcald\u00eda de Manizales \u2013 Liga de Caldas<br \/>Fuerzas Armadas<br \/>Alcald\u00eda de Faca \u2013 4WD \u2013 Rentacar<br \/>EBSA Empresa de Energ\u00eda de Boyac\u00e1<\/p>\n\n\n\n<p>Cabe destacar que, esta edici\u00f3n rendir\u00e1 tributo a dos momentos fundamentales en la historia del ciclismo colombiano:<\/p>\n\n\n\n<p><strong>75 a\u00f1os del primer campe\u00f3n:<\/strong>&nbsp;Se honrar\u00e1 la memoria de Efra\u00edn \u2018El Zipa\u2019 Forero, ganador de la primera edici\u00f3n en 1951 y s\u00edmbolo de la tenacidad de nuestros corredores.<\/p>\n\n\n\n<p><strong>30 a\u00f1os del Mundial de Ruta en Colombia:<\/strong>&nbsp;En 1995, el pa\u00eds alberg\u00f3 por primera vez el Campeonato Mundial de Ruta UCI, un evento que marc\u00f3 un antes y despu\u00e9s para el deporte en el territorio nacional.<\/p>\n\n\n\n<p>La&nbsp;<strong>Vuelta a Colombia 2025 ser\u00e1 transmitida en vivo<\/strong>&nbsp;por la se\u00f1al principal del&nbsp;<strong>Canal RCN<\/strong>&nbsp;y se podr\u00e1 ver tambi\u00e9n a trav\u00e9s de los canales de YouTube de Deportes RCN y de la Federaci\u00f3n Colombiana de Ciclismo (<strong>@fedeciclismocolombia<\/strong>).<\/p>\n\n\n\n<p><\/p>\n\n\n\n<p>federacioncolombianadeciclismo.com<\/p>\n","protected":false},"excerpt":{"rendered":"<p>La Federaci\u00f3n Colombiana de Ciclismo se enorgullece en anunciar a los 25 equipos que competir\u00e1n en la&nbsp;edici\u00f3n n\u00famero 75&nbsp;de la carrera, un hito hist\u00f3rico que celebrar\u00e1 el legado del ciclismo nacional y sus grandes protagonistas. Esta edici\u00f3n, que se disputar\u00e1 del&nbsp;1 al 10 de agosto, recorrer\u00e1 m\u00e1s de&nbsp;1.822 kil\u00f3metros&nbsp;a trav\u00e9s de seis departamentos:&nbsp;Casanare, Boyac\u00e1, Cundinamarca, [&hellip;]<\/p>\n","protected":false},"author":1,"featured_media":189875,"comment_status":"closed","ping_status":"closed","sticky":false,"template":"","format":"standard","meta":{"_acf_changed":false,"_jetpack_memberships_contains_paid_content":false,"footnotes":"","jetpack_publicize_message":"","jetpack_publicize_feature_enabled":true,"jetpack_social_post_already_shared":true,"jetpack_social_options":{"image_generator_settings":{"template":"highway","default_image_id":0,"font":"","enabled":false},"version":2}},"categories":[14],"tags":[],"class_list":["post-189874","post","type-post","status-publish","format-standard","has-post-thumbnail","hentry","category-ciclismo"],"acf":[],"jetpack_publicize_connections":[],"jetpack_featured_media_url":"https:\/\/i0.wp.com\/sportseco.com\/wp-content\/uploads\/2025\/07\/Vuelta-a-Colombia-75-anos-1536x864-1.webp?fit=1536%2C864&ssl=1","jetpack_sharing_enabled":true,"_links":{"self":[{"href":"https:\/\/sportseco.com\/index.php?rest_route=\/wp\/v2\/posts\/189874","targetHints":{"allow":["GET"]}}],"collection":[{"href":"https:\/\/sportseco.com\/index.php?rest_route=\/wp\/v2\/posts"}],"about":[{"href":"https:\/\/sportseco.com\/index.php?rest_route=\/wp\/v2\/types\/post"}],"author":[{"embeddable":true,"href":"https:\/\/sportseco.com\/index.php?rest_route=\/wp\/v2\/users\/1"}],"replies":[{"embeddable":true,"href":"https:\/\/sportseco.com\/index.php?rest_route=%2Fwp%2Fv2%2Fcomments&post=189874"}],"version-history":[{"count":1,"href":"https:\/\/sportseco.com\/index.php?rest_route=\/wp\/v2\/posts\/189874\/revisions"}],"predecessor-version":[{"id":189876,"href":"https:\/\/sportseco.com\/index.php?rest_route=\/wp\/v2\/posts\/189874\/revisions\/189876"}],"wp:featuredmedia":[{"embeddable":true,"href":"https:\/\/sportseco.com\/index.php?rest_route=\/wp\/v2\/media\/189875"}],"wp:attachment":[{"href":"https:\/\/sportseco.com\/index.php?rest_route=%2Fwp%2Fv2%2Fmedia&parent=189874"}],"wp:term":[{"taxonomy":"category","embeddable":true,"href":"https:\/\/sportseco.com\/index.php?rest_route=%2Fwp%2Fv2%2Fcategories&post=189874"},{"taxonomy":"post_tag","embeddable":true,"href":"https:\/\/sportseco.com\/index.php?rest_route=%2Fwp%2Fv2%2Ftags&post=189874"}],"curies":[{"name":"wp","href":"https:\/\/api.w.org\/{rel}","templated":true}]}}