{"id":189903,"date":"2025-07-23T12:25:57","date_gmt":"2025-07-23T16:25:57","guid":{"rendered":"https:\/\/sportseco.com\/?p=189903"},"modified":"2025-07-23T12:26:02","modified_gmt":"2025-07-23T16:26:02","slug":"jonathan-milan-esta-victoria-es-realmente-fantastica","status":"publish","type":"post","link":"https:\/\/sportseco.com\/?p=189903","title":{"rendered":"Jonathan Milan: \u201c\u00c9sta victoria es realmente fant\u00e1stica\u201d"},"content":{"rendered":"\n<p><em>Jonathan Milan (Lidl-Trek) mantiene el liderato de la clasificaci\u00f3n por Puntos tras la 17\u00aa etapa del Tour de Francia 2025, am\u00e9n de alzarse con la victoria parcial en Valence.<\/em><\/p>\n\n\n\n<p>\u201cEstoy muy feliz. Me faltan palabras para describir mis emociones. No he conseguido esta victoria solo: ha sido con la ayuda de mis compa\u00f1eros de equipo, y tengo que agradecer a ellos esta victoria. Sin ellos, todav\u00eda estar\u00eda estancado en alg\u00fan puerto y no en meta. La etapa de hoy ha sido muy dura. Hemos controlado desde el principio con la ayuda de otros equipos. Luego, mis compa\u00f1eros me echaron una mano cuando me qued\u00e9 atr\u00e1s en el primer puerto y marcaron un buen ritmo para protegerme en el segundo. Me ayudaron, me apoyaron, y por eso \u00e9sta victoria es realmente fant\u00e1stica. Tengo que darles las gracias desde el fondo de mi coraz\u00f3n\u201d<\/p>\n\n\n\n<p>\u201cNo sab\u00eda que hab\u00eda habido una ca\u00edda. Espero que no haya tenido consecuencias graves para nadie. No la he visto porque mis compa\u00f1eros de equipo me hab\u00edan colocado en la mejor posici\u00f3n de cara al sprint y yo estaba muy concentrado, mirando hacia delante\u201d<\/p>\n\n\n\n<p>\u201cTodav\u00eda nos quedan d\u00edas duros. Hay mucha monta\u00f1a por delante. Hasta ahora nos lo hemos pasado muy bien, y estoy muy contento con c\u00f3mo va todo. Seguiremos luchando como lo hemos hecho cada d\u00eda por los sprints intermedios, y tambi\u00e9n por la victoria en la \u00faltima etapa. He abierto hueco en la clasificaci\u00f3n por puntos y puedo estar un poco m\u00e1s tranquilo en ese aspecto. No obstante, seguir\u00e9 luchando e intentando anotar tantos puntos como pueda\u201d<\/p>\n\n\n\n<figure class=\"wp-block-image size-large\"><img data-recalc-dims=\"1\" loading=\"lazy\" decoding=\"async\" width=\"640\" height=\"427\" src=\"https:\/\/i0.wp.com\/sportseco.com\/wp-content\/uploads\/2025\/07\/20624.jpeg?resize=640%2C427&#038;ssl=1\" alt=\"\" class=\"wp-image-189904\" srcset=\"https:\/\/i0.wp.com\/sportseco.com\/wp-content\/uploads\/2025\/07\/20624.jpeg?resize=1030%2C687&amp;ssl=1 1030w, https:\/\/i0.wp.com\/sportseco.com\/wp-content\/uploads\/2025\/07\/20624.jpeg?resize=300%2C200&amp;ssl=1 300w, https:\/\/i0.wp.com\/sportseco.com\/wp-content\/uploads\/2025\/07\/20624.jpeg?resize=768%2C512&amp;ssl=1 768w, https:\/\/i0.wp.com\/sportseco.com\/wp-content\/uploads\/2025\/07\/20624.jpeg?resize=1536%2C1024&amp;ssl=1 1536w, https:\/\/i0.wp.com\/sportseco.com\/wp-content\/uploads\/2025\/07\/20624.jpeg?resize=2048%2C1365&amp;ssl=1 2048w, https:\/\/i0.wp.com\/sportseco.com\/wp-content\/uploads\/2025\/07\/20624.jpeg?w=1280&amp;ssl=1 1280w, https:\/\/i0.wp.com\/sportseco.com\/wp-content\/uploads\/2025\/07\/20624.jpeg?w=1920&amp;ssl=1 1920w\" sizes=\"auto, (max-width: 640px) 100vw, 640px\" \/><\/figure>\n\n\n\n<p><a href=\"https:\/\/img.aso.fr\/core_app\/img-cycling-tdf-jpg\/course036\/68437\/0:0,1200:800-1200-0-70\/1c88c\"><\/a><\/p>\n\n\n\n<p><\/p>\n\n\n\n<p>LETOUR.FR<\/p>\n","protected":false},"excerpt":{"rendered":"<p>Jonathan Milan (Lidl-Trek) mantiene el liderato de la clasificaci\u00f3n por Puntos tras la 17\u00aa etapa del Tour de Francia 2025, am\u00e9n de alzarse con la victoria parcial en Valence. \u201cEstoy muy feliz. Me faltan palabras para describir mis emociones. No he conseguido esta victoria solo: ha sido con la ayuda de mis compa\u00f1eros de equipo, [&hellip;]<\/p>\n","protected":false},"author":1,"featured_media":189902,"comment_status":"closed","ping_status":"closed","sticky":false,"template":"","format":"standard","meta":{"_acf_changed":false,"_jetpack_memberships_contains_paid_content":false,"footnotes":"","jetpack_publicize_message":"","jetpack_publicize_feature_enabled":true,"jetpack_social_post_already_shared":true,"jetpack_social_options":{"image_generator_settings":{"template":"highway","default_image_id":0,"font":"","enabled":false},"version":2}},"categories":[14],"tags":[],"class_list":["post-189903","post","type-post","status-publish","format-standard","has-post-thumbnail","hentry","category-ciclismo"],"acf":[],"jetpack_publicize_connections":[],"jetpack_featured_media_url":"https:\/\/i0.wp.com\/sportseco.com\/wp-content\/uploads\/2025\/07\/cd18b.jpeg?fit=2400%2C1068&ssl=1","jetpack_sharing_enabled":true,"_links":{"self":[{"href":"https:\/\/sportseco.com\/index.php?rest_route=\/wp\/v2\/posts\/189903","targetHints":{"allow":["GET"]}}],"collection":[{"href":"https:\/\/sportseco.com\/index.php?rest_route=\/wp\/v2\/posts"}],"about":[{"href":"https:\/\/sportseco.com\/index.php?rest_route=\/wp\/v2\/types\/post"}],"author":[{"embeddable":true,"href":"https:\/\/sportseco.com\/index.php?rest_route=\/wp\/v2\/users\/1"}],"replies":[{"embeddable":true,"href":"https:\/\/sportseco.com\/index.php?rest_route=%2Fwp%2Fv2%2Fcomments&post=189903"}],"version-history":[{"count":1,"href":"https:\/\/sportseco.com\/index.php?rest_route=\/wp\/v2\/posts\/189903\/revisions"}],"predecessor-version":[{"id":189905,"href":"https:\/\/sportseco.com\/index.php?rest_route=\/wp\/v2\/posts\/189903\/revisions\/189905"}],"wp:featuredmedia":[{"embeddable":true,"href":"https:\/\/sportseco.com\/index.php?rest_route=\/wp\/v2\/media\/189902"}],"wp:attachment":[{"href":"https:\/\/sportseco.com\/index.php?rest_route=%2Fwp%2Fv2%2Fmedia&parent=189903"}],"wp:term":[{"taxonomy":"category","embeddable":true,"href":"https:\/\/sportseco.com\/index.php?rest_route=%2Fwp%2Fv2%2Fcategories&post=189903"},{"taxonomy":"post_tag","embeddable":true,"href":"https:\/\/sportseco.com\/index.php?rest_route=%2Fwp%2Fv2%2Ftags&post=189903"}],"curies":[{"name":"wp","href":"https:\/\/api.w.org\/{rel}","templated":true}]}}