{"id":189973,"date":"2025-07-24T13:56:02","date_gmt":"2025-07-24T17:56:02","guid":{"rendered":"https:\/\/sportseco.com\/?p=189973"},"modified":"2025-07-24T13:56:30","modified_gmt":"2025-07-24T17:56:30","slug":"connor-triunfa-en-la-loze-mientras-pogacar-se-reafirma","status":"publish","type":"post","link":"https:\/\/sportseco.com\/?p=189973","title":{"rendered":"Connor triunfa en la Loze mientras Pogacar se reafirma"},"content":{"rendered":"\n<p>Tour de France 2025&nbsp;|&nbsp;Etapa 18&nbsp;|&nbsp;Vif &gt; Courchevel Col de la Loze<\/p>\n\n\n\n<p>Era la etapa m\u00e1s dura de este Tour de Francia 2025, y ha sido una de las m\u00e1s espectaculares. La jornada alpina con Glandon, Madeleine y meta en el Col de la Loze depar\u00f3 una carrera abierta y emocionante de principio a fin. Ben O\u2019Connor (Jayco-AlUla) fue el m\u00e1s fuerte del d\u00eda, primero desde la escapada y luego burlando al grupo de favoritos en v\u00edspera de la subida final para conquistar su segunda victoria en una etapa de alta monta\u00f1a de la Grande Boucle tras la anotada en Tignes hace cuatro a\u00f1os. En el pelot\u00f3n, Visma-Lease a Bike lanz\u00f3 una ofensiva superlativa en la Madeleine para aislar al maillot amarillo Tadej Pogacar (UAE Team Emirates-XRG), quien no obstante respondi\u00f3 imperturbable a todos los ardides de su rival Jonas Vingegaard. Cuando las tablas parec\u00edan firmadas, el esloveno peg\u00f3 un \u00faltimo aceler\u00f3n para reafirmar su superioridad respecto al dan\u00e9s, quien dispondr\u00e1 de una \u00faltima oportunidad de derrotar a su enemigo \u00edntimo este viernes en el duro final en alto de La Plagne, previo paso por el Col du Pr\u00e9 y el Col des Saisies.<\/p>\n\n\n\n<p>162 corredores tomaron la salida en la 18\u00aa etapa de la edici\u00f3n n\u00famero 112 del Tour de Francia a las 12:20. Ante ellos, una traves\u00eda de 171,5 kil\u00f3metros entre Vif y Courchevel &#8211; Col de la Loze: probablemente, la jornada m\u00e1s exigente de esta edici\u00f3n de la Grande Boucle con dos ascensiones de categor\u00eda Especial (Glandon, Madeleine) antes de un final en alto tan agotador como espectacular. Lidl-Trek control\u00f3 los primeros compases de la etapa para propiciar la victoria de su l\u00edder Jonathan Milan en el sprint intermedio de Rioup\u00e9roux (SI, km 23,7), que le permiti\u00f3 apuntalar su ventaja al frente de la clasificaci\u00f3n por Puntos. A partir de ah\u00ed, demarr\u00f3 una lucha de ataques y contraataques protagonizada por Tim Wellens (UAE Team Emirates) y Wout van Aert (Visma-Lease a Bike).<\/p>\n\n\n\n<p><strong>Roglic y Gall, en la escapada<\/strong><\/p>\n\n\n\n<p>La ascensi\u00f3n al Col du Glandon (HC, km 62,3) ofreci\u00f3 mil alternativas, tanto a los aventureros que pensaban en la etapa como a los interesados por la general. Primoz Roglic (Red Bull-Bora-Hansgrohe), 5\u00ba de la general, se lanz\u00f3 en el tercer kil\u00f3metro de la ascensi\u00f3n en una ofensiva que r\u00e1pidamente encontr\u00f3 eco en el 7\u00ba, Felix Gall (Decathlon-Ag2r La Mondiale), quien se hizo acompa\u00f1ar por su coequipier Bruno Armirail. Los tres coronaron el puerto en cabeza junto a Wellens, Matteo Jorgenson (Visma-Lease a Bike), Thymen Arensman (Ineos Grenadiers), Ben O\u2019Connor (Jayco-AlUla), Ra\u00fal Garc\u00eda Pierna (Ark\u00e9a-B&amp;B Hotels), Gregor M\u00fchlberger, Einer Rubio (Movistar Team), Alexey Lutsenko (Israel-Premier Tech), Andreas Leknessund (Uno-X) y Lenny Martinez (Bahrain Victorious). Este \u00faltimo franquear\u00eda la cima en primer lugar para sumar 20 puntos de cara al maillot de puntos rojos que portaba por delegaci\u00f3n del amarillo Tadej Pogacar, cuyos compa\u00f1eros de UAE Team Emirates-XRG lideraban un pelot\u00f3n que holl\u00f3 la cima a 1\u201950\u201d de la escapada.<\/p>\n\n\n\n<p><strong>Ofensiva de Visma-Lease a Bike<\/strong><\/p>\n\n\n\n<p>Durante la bajada, Radio Tour anunci\u00f3 el abandono de Enric Mas (Movistar Team) por problemas de rodilla mientras Arensman y Jorgenson se marchaban del grupo de Roglic; Alex Baudin (EF Education-EasyPost) conectaba desde atr\u00e1s; y Martinez y Leknessund perd\u00edan terreno. Comenz\u00f3 la subida al Col de la Madeleine (HC, km 104,6) y, a 15 kil\u00f3metros de su cima, Visma-Lease a Bike aceler\u00f3 en el pelot\u00f3n mediante Wout van Aert, quien posteriormente cedi\u00f3 el testigo a Tiesj Benoot, Victor Campenaerts y Simon Yates hasta dejar el grupo principal reducido a una docena de ciclistas sin K\u00e9vin Vauquelin (Ark\u00e9a-B&amp;B Hotels), 6\u00ba de la general, ni Ben Healy (EF Education-EasyPost), 9\u00ba. Tambi\u00e9n delante hab\u00eda criba: a 6 kil\u00f3metros de la cima, s\u00f3lo aguantaban delante Jorgenson, Arensman, Roglic, O\u2019Connor, Rubio y Gall.<\/p>\n\n\n\n<p><strong>Jonas Vingegaard a\u00edsla a Tadej Pogacar<\/strong><\/p>\n\n\n\n<p>Ser\u00eda a 72,5 kil\u00f3metros de meta, a 5,5 de coronar el Col de la Madeleine (HC, km 104,6), que Sepp Kuss se lanzar\u00eda para preparar el ataque de su compa\u00f1ero Jonas Vingegaard. El maillot amarillo Pogacar se peg\u00f3 a su rueda y, juntos, alcanzar\u00edan la cabeza de carrera a 4 de la cima del puerto. Tras no lograr seguirles, Florian Lipowitz (Red Bull-Bora-Hansgrohe) emprendi\u00f3 una persecuci\u00f3n solitaria que le llev\u00f3 a coronar con 30\u201d de desventaja, mientras a su espalda se formaba un grupo de persecuci\u00f3n con Oscar Onley (Picnic-PostNL), Tobias Johannessen (Uno-X) y varios gregarios de Visma y UAE que franquear\u00eda la cima a 2\u201905\u201d. Vingegaard, por cierto, cruzar\u00eda primero La Madeleine, aprovechando el excelente trabajo de un sacrificado Jorgenson.<\/p>\n\n\n\n<p><strong>Tregua en el valle<\/strong><\/p>\n\n\n\n<p>Acabado el descenso de La Madeleine, tocaba un tramo de valle donde cundi\u00f3 la desorganizaci\u00f3n. A 42 de meta, O\u2019Connor se lanzar\u00eda al ataque seguido por Jorgenson y Rubio. El grupo de Vingegaard y Pogacar, sumido en la especulaci\u00f3n, ralentiz\u00f3 y permiti\u00f3 a Lipowitz empalmar\u2026 y marcharse a su vez a 34 del final. Justo al pie de la ascensi\u00f3n definitiva a Courchevel &#8211; Col de la Loze (HC, km 171,5), el grupo de Onley y Johannessen atrapar\u00eda a Pogacar y Vingegaard. Este reci\u00e9n formado pelot\u00f3n arranc\u00f3 la ascensi\u00f3n a 3\u201930\u201d de cabeza de carrera, con el maillot blanco Lipowitz intercalado a 1\u201900\u201d de O\u2019Connor, Jorgenson y Rubio.<\/p>\n\n\n\n<p><strong>Despegue de O\u2019Connor<\/strong><\/p>\n\n\n\n<p>Jorgenson se descolg\u00f3 de cabeza de carrera en las primeras rampas de la ascensi\u00f3n final. A 16 kil\u00f3metros de la cima del Col de la Loze, O\u2019Connor lanz\u00f3 un ataque para deshacerse de Rubio y marcharse en solitario a por una victoria tremenda para enriquecer su palmar\u00e9s como cazaetapas. En el grupo del maillot amarillo, el ritmo de Visma-Lease a Bike no sirvi\u00f3 para seleccionar ni para acercarse a cabeza. Fue UAE Team Emirates, primero con Jhonatan Narv\u00e1ez y luego con Adam Yates, quien consigui\u00f3 atrapar a Lipowitz a 9 de meta y posteriormente descolgar, de forma paulatina, a Vauquelin, Johannessen y el propio Lipowitz, entre otros. La pelea entre los favoritos qued\u00f3 para los dos \u00faltimos kil\u00f3metros, cuando Vingegaard lanz\u00f3 una aceleraci\u00f3n que s\u00f3lo pudieron responder Pogacar y Onley. Posteriormente, el esloveno contraatacar\u00eda para doblegar a sus rivales, rebasar a Rubio y cruzar la meta 2\u00ba, lo cual le permiti\u00f3 auparse a la primera posici\u00f3n en solitario de la clasificaci\u00f3n de la Monta\u00f1a.<\/p>\n\n\n\n<figure class=\"wp-block-image\"><a class=\"js-jzoom\" href=\"https:\/\/img.aso.fr\/core_app\/img-cycling-tdf-jpg\/header-e18-arrivee\/68569\/0:0,2000:890-1200-0-70\/4af25\"><img decoding=\"async\" src=\"https:\/\/img.aso.fr\/core_app\/img-cycling-tdf-jpg\/header-e18-arrivee\/68569\/0:0,2000:890-2400-0-70\/1fc2a\" alt=\"\"\/><\/a><\/figure>\n\n\n\n<p>letour.fr<\/p>\n","protected":false},"excerpt":{"rendered":"<p>Tour de France 2025&nbsp;|&nbsp;Etapa 18&nbsp;|&nbsp;Vif &gt; Courchevel Col de la Loze Era la etapa m\u00e1s dura de este Tour de Francia 2025, y ha sido una de las m\u00e1s espectaculares. La jornada alpina con Glandon, Madeleine y meta en el Col de la Loze depar\u00f3 una carrera abierta y emocionante de principio a fin. Ben [&hellip;]<\/p>\n","protected":false},"author":1,"featured_media":189974,"comment_status":"closed","ping_status":"closed","sticky":false,"template":"","format":"standard","meta":{"_acf_changed":false,"_jetpack_memberships_contains_paid_content":false,"footnotes":"","jetpack_publicize_message":"","jetpack_publicize_feature_enabled":true,"jetpack_social_post_already_shared":true,"jetpack_social_options":{"image_generator_settings":{"template":"highway","default_image_id":0,"font":"","enabled":false},"version":2}},"categories":[14],"tags":[],"class_list":["post-189973","post","type-post","status-publish","format-standard","has-post-thumbnail","hentry","category-ciclismo"],"acf":[],"jetpack_publicize_connections":[],"jetpack_featured_media_url":"https:\/\/i0.wp.com\/sportseco.com\/wp-content\/uploads\/2025\/07\/1fc2a.jpeg?fit=2400%2C1068&ssl=1","jetpack_sharing_enabled":true,"_links":{"self":[{"href":"https:\/\/sportseco.com\/index.php?rest_route=\/wp\/v2\/posts\/189973","targetHints":{"allow":["GET"]}}],"collection":[{"href":"https:\/\/sportseco.com\/index.php?rest_route=\/wp\/v2\/posts"}],"about":[{"href":"https:\/\/sportseco.com\/index.php?rest_route=\/wp\/v2\/types\/post"}],"author":[{"embeddable":true,"href":"https:\/\/sportseco.com\/index.php?rest_route=\/wp\/v2\/users\/1"}],"replies":[{"embeddable":true,"href":"https:\/\/sportseco.com\/index.php?rest_route=%2Fwp%2Fv2%2Fcomments&post=189973"}],"version-history":[{"count":2,"href":"https:\/\/sportseco.com\/index.php?rest_route=\/wp\/v2\/posts\/189973\/revisions"}],"predecessor-version":[{"id":189977,"href":"https:\/\/sportseco.com\/index.php?rest_route=\/wp\/v2\/posts\/189973\/revisions\/189977"}],"wp:featuredmedia":[{"embeddable":true,"href":"https:\/\/sportseco.com\/index.php?rest_route=\/wp\/v2\/media\/189974"}],"wp:attachment":[{"href":"https:\/\/sportseco.com\/index.php?rest_route=%2Fwp%2Fv2%2Fmedia&parent=189973"}],"wp:term":[{"taxonomy":"category","embeddable":true,"href":"https:\/\/sportseco.com\/index.php?rest_route=%2Fwp%2Fv2%2Fcategories&post=189973"},{"taxonomy":"post_tag","embeddable":true,"href":"https:\/\/sportseco.com\/index.php?rest_route=%2Fwp%2Fv2%2Ftags&post=189973"}],"curies":[{"name":"wp","href":"https:\/\/api.w.org\/{rel}","templated":true}]}}