{"id":190034,"date":"2025-07-25T12:18:34","date_gmt":"2025-07-25T16:18:34","guid":{"rendered":"https:\/\/sportseco.com\/?p=190034"},"modified":"2025-07-25T12:18:39","modified_gmt":"2025-07-25T16:18:39","slug":"arensman-premio-a-la-valentia-en-la-plagne","status":"publish","type":"post","link":"https:\/\/sportseco.com\/?p=190034","title":{"rendered":"Arensman, premio a la valent\u00eda en La Plagne"},"content":{"rendered":"\n<p>Tour de France 2025&nbsp;|&nbsp;Etapa 19&nbsp;|&nbsp;Albertville &gt; La Plagne<\/p>\n\n\n\n<p><strong>El \u00faltimo final en alto del Tour de Francia 2025 acab\u00f3 siendo una contienda de hombres exhaustos, vac\u00edos despu\u00e9s de 18 etapas disputadas de principio a fin. Acortada en la v\u00edspera a 93 kil\u00f3metros, la jornada result\u00f3 intensa gracias a un ataque suicida de Primoz Roglic (Red Bull-Bora-Hansgrohe), cazado al pie de la ascensi\u00f3n final. A 12 kil\u00f3metros de la cima de la misma, el neerland\u00e9s Thymen Arensman (Ineos Grenadiers) se destac\u00f3 con valent\u00eda para sacar partido del marcaje entre Jonas Vingegaard (Visma-Lease a Bike) y Tadej Pogacar (UAE Team Emirates), 2\u00ba y 3\u00ba en meta evidenciando en los instantes finales que no ten\u00edan fuerzas para m\u00e1s. El esloveno confirm\u00f3 su maillot amarillo, que celebrar\u00e1 en Par\u00eds acompa\u00f1ado en el podio por su enemigo \u00edntimo dan\u00e9s y por un Florian Lipowitz (Red Bull-Bora-Hansgrohe) que sentenci\u00f3 su tercera plaza y su maillot blanco por delante de Oscar Onley (Picnic-PostNL). La gran ronda gala vivir\u00e1 este s\u00e1bado su pen\u00faltima etapa, de perfil quebrado y propicio para los aventureros, con meta en Pontarlier.<\/strong><\/p>\n\n\n\n<figure class=\"wp-block-image\"><a class=\"media__item__link js-play-embed\" href=\"https:\/\/geo.dailymotion.com\/player\/xbbut.html?video=x9nk5xc&amp;autoplay=1\" target=\"_blank\" rel=\"noreferrer noopener\"><img decoding=\"async\" src=\"https:\/\/img.aso.fr\/core_app\/img-cycling-tdf-jpg\/video-10674\/68716\/0:0,1280:720-1200-0-70\/8146a\" alt=\"\"\/><\/a><figcaption class=\"wp-element-caption\">\u00daltimo kil\u00f3metro &#8211; Etapa 19 &#8211; Tour de France 2025<\/figcaption><\/figure>\n\n\n\n<p>161 corredores tomaron la salida a las 14:45 en la 19\u00aa etapa de la edici\u00f3n n\u00famero 112 del Tour de Francia. Tras la modificaci\u00f3n del recorrido en la v\u00edspera, los corredores afrontaban una traves\u00eda de 93,1 kil\u00f3metros entre Albertville y La Plagne, \u00faltimo final en alto de esta edici\u00f3n de la gran ronda gala. Como ocurri\u00f3 en la jornada anterior, Lidl-Trek asumi\u00f3 las riendas del pelot\u00f3n desde el banderazo de salida con la vista puesta en el tempranero sprint intermedio de Villard-sur-Doron (SI, km 12,1), donde su l\u00edder Jonathan Milan recogi\u00f3 20 puntos para blindar su maillot verde.<\/p>\n\n\n\n<p><strong>Primoz Roglic, a pecho descubierto<\/strong><\/p>\n\n\n\n<p>Los primeros demarrajes de importancia acaecieron ya en las primeras rampas del Col du Pr\u00e9 (HC, km 29,1), con un Primoz Roglic (Red Bull-Bora-Hansgrohe) muy agresivo que acelerar\u00eda varias veces hasta quedarse s\u00f3lo en cabeza con Lenny Martinez (Bahrain Victorious) a 4 kil\u00f3metros de coronar. Valentin Paret-Peintre (Soudal-Quick Step) les dar\u00eda alcance muy cerca de la cima, franqueada en primer lugar por Martinez. El tr\u00edo contaba en ese punto con 30\u201d sobre Einer Rubio (Movistar Team), Bruno Armirail (Decathlon-Ag2r), Tobias Foss (Ineos Grenadiers) y Victor Campenaerts (Visma-Lease a Bike), que ser\u00edan atrapados tras el descenso por un pelot\u00f3n conducido por UAE Team Emirates-XRG del cual se hab\u00eda cortado poco antes de coronar K\u00e9vin Vauquelin (Ark\u00e9a-B&amp;B Hotels), 7\u00ba de la general provisional. Uno-X se pondr\u00eda entonces a tirar buscando eliminarle en beneficio de su l\u00edder Tobias Halland Johannessen.<\/p>\n\n\n\n<p><strong>Lenny Martinez colecciona puntos para la Monta\u00f1a<\/strong><\/p>\n\n\n\n<p>El grupo principal encar\u00f3 la ascensi\u00f3n al Cormet de Roselend (2\u00aa, km 41,6) con s\u00f3lo 30\u201d de desventaja respecto al tr\u00edo cabeza de carrera. Una aceleraci\u00f3n de Paret-Peintre pondr\u00eda contra las cuerdas a Martinez, que no obstante remontar\u00eda a tiempo para coronar el puerto en cabeza en su caza denodada de puntos para la Monta\u00f1a. Un pelot\u00f3n de unos 20 ciclistas conducido por UAE Team Emirates-XRG franquear\u00eda la cima a 50\u201d de los tres escapados, y con 1\u201900\u201d de ventaja a su vez sobre el grupo de Vauquelin. La cabeza de carrera se desbandar\u00eda en el descenso. Martinez ser\u00eda atrapado a 32 kil\u00f3metros de meta; Paret-Peintre, a 31; Roglic, a 21. As\u00ed, el grupo principal encar\u00f3 la ascensi\u00f3n final a La Plagne (HC, km 93,1) en cabeza de carrera, con 1\u201940\u201d sobre el grupo de un Vauquelin que realizar\u00eda una valerosa persecuci\u00f3n hasta meta para garantizar su top10\u2026 y bajo una intensa lluvia.<\/p>\n\n\n\n<p><strong>Arensman, por el c\u00f3rner<\/strong><\/p>\n\n\n\n<p>Roglic se descolgar\u00eda del resto de favoritos en las primeras rampas de La Plagne. El trabajo de Tim Wellens (UAE Team Emirates-XRG), Aur\u00e9lien Paret-Peintre y Callum Scotson (Decathlon-Ag2r La Mondiale) fue el preludio de un ataque de Felix Gall (Decathlon-Ag2r La Mondiale) a 14,5 kil\u00f3metros de meta, a quien secund\u00f3 Thymen Arensman (Ineos Grenadiers). Poco a despu\u00e9s, a 14 de meta, Tadej Pogacar (UAE Team Emirates-XRG) lanzar\u00eda un ataque que s\u00f3lo Jonas Vingegaard (Visma-Lease a Bike) pudo contestar. No obstante, ambos comenzaron a especular y permitieron a Arensman marcharse en solitario a 12 de meta, y a Gall darles alcance junto a Florian Lipowitz (Red Bull-Bora-Hansgrohe), Oscar Onley (Picnic-PostNL), Ben Healy (EF Education-EasyPost) y Johannessen. El neerland\u00e9s contaba con 30\u201d de ventaja a 10 del final, y supo defenderlos hasta meta mientras Pogacar marcaba el ritmo del grupo de favoritos sin recibir relevo alguno, deshaci\u00e9ndose de Gall, Johannessen y Healy en un aceler\u00f3n a 7 de la cima. Onley mostrar\u00eda debilidad a 2 de meta, lo cual impeli\u00f3 a Lipowitz para poner un punto m\u00e1s en busca de sentenciar su maillot blanco y su podio en Par\u00eds. El movimiento del alem\u00e1n servir\u00eda como lanzamiento para Vingegaard y Pogacar de cara a un sprint al cual le faltaron un pu\u00f1ado de metros para neutralizar al victorioso Arensman. Las diferencias en meta acabar\u00edan de definir los puestos de honor, con Gall y Johannessen acabando 5\u00ba y 6\u00ba mientras Vauquelin conservaba la 7\u00aa plaza y Roglic ca\u00eda a la 8\u00aa.<\/p>\n\n\n\n<figure class=\"wp-block-image\"><a class=\"js-jzoom\" href=\"https:\/\/img.aso.fr\/core_app\/img-cycling-tdf-jpg\/prehome-2-e19-min\/68718\/0:0,1920:2304-1200-0-70\/85d42\"><img decoding=\"async\" src=\"https:\/\/img.aso.fr\/core_app\/img-cycling-tdf-jpg\/prehome-2-e19-min\/68718\/0:0,1920:2304-1506-0-70\/d0d51\" alt=\"\"\/><\/a><\/figure>\n\n\n\n<p>letour.fr<\/p>\n","protected":false},"excerpt":{"rendered":"<p>Tour de France 2025&nbsp;|&nbsp;Etapa 19&nbsp;|&nbsp;Albertville &gt; La Plagne El \u00faltimo final en alto del Tour de Francia 2025 acab\u00f3 siendo una contienda de hombres exhaustos, vac\u00edos despu\u00e9s de 18 etapas disputadas de principio a fin. Acortada en la v\u00edspera a 93 kil\u00f3metros, la jornada result\u00f3 intensa gracias a un ataque suicida de Primoz Roglic (Red [&hellip;]<\/p>\n","protected":false},"author":1,"featured_media":190035,"comment_status":"closed","ping_status":"closed","sticky":false,"template":"","format":"standard","meta":{"_acf_changed":false,"_jetpack_memberships_contains_paid_content":false,"footnotes":"","jetpack_publicize_message":"","jetpack_publicize_feature_enabled":true,"jetpack_social_post_already_shared":true,"jetpack_social_options":{"image_generator_settings":{"template":"highway","default_image_id":0,"font":"","enabled":false},"version":2}},"categories":[14],"tags":[],"class_list":["post-190034","post","type-post","status-publish","format-standard","has-post-thumbnail","hentry","category-ciclismo"],"acf":[],"jetpack_publicize_connections":[],"jetpack_featured_media_url":"https:\/\/i0.wp.com\/sportseco.com\/wp-content\/uploads\/2025\/07\/d0d51.jpeg?fit=1506%2C1807&ssl=1","jetpack_sharing_enabled":true,"_links":{"self":[{"href":"https:\/\/sportseco.com\/index.php?rest_route=\/wp\/v2\/posts\/190034","targetHints":{"allow":["GET"]}}],"collection":[{"href":"https:\/\/sportseco.com\/index.php?rest_route=\/wp\/v2\/posts"}],"about":[{"href":"https:\/\/sportseco.com\/index.php?rest_route=\/wp\/v2\/types\/post"}],"author":[{"embeddable":true,"href":"https:\/\/sportseco.com\/index.php?rest_route=\/wp\/v2\/users\/1"}],"replies":[{"embeddable":true,"href":"https:\/\/sportseco.com\/index.php?rest_route=%2Fwp%2Fv2%2Fcomments&post=190034"}],"version-history":[{"count":1,"href":"https:\/\/sportseco.com\/index.php?rest_route=\/wp\/v2\/posts\/190034\/revisions"}],"predecessor-version":[{"id":190036,"href":"https:\/\/sportseco.com\/index.php?rest_route=\/wp\/v2\/posts\/190034\/revisions\/190036"}],"wp:featuredmedia":[{"embeddable":true,"href":"https:\/\/sportseco.com\/index.php?rest_route=\/wp\/v2\/media\/190035"}],"wp:attachment":[{"href":"https:\/\/sportseco.com\/index.php?rest_route=%2Fwp%2Fv2%2Fmedia&parent=190034"}],"wp:term":[{"taxonomy":"category","embeddable":true,"href":"https:\/\/sportseco.com\/index.php?rest_route=%2Fwp%2Fv2%2Fcategories&post=190034"},{"taxonomy":"post_tag","embeddable":true,"href":"https:\/\/sportseco.com\/index.php?rest_route=%2Fwp%2Fv2%2Ftags&post=190034"}],"curies":[{"name":"wp","href":"https:\/\/api.w.org\/{rel}","templated":true}]}}