{"id":190096,"date":"2025-07-26T20:24:53","date_gmt":"2025-07-27T00:24:53","guid":{"rendered":"https:\/\/sportseco.com\/?p=190096"},"modified":"2025-07-26T20:24:58","modified_gmt":"2025-07-27T00:24:58","slug":"tadej-pogacar-siempre-es-un-placer-correr-en-paris","status":"publish","type":"post","link":"https:\/\/sportseco.com\/?p=190096","title":{"rendered":"Tadej Pogacar: \u201cSiempre es un placer correr en Par\u00eds\u201d"},"content":{"rendered":"\n<p><em>Tadej Pogacar (UAE Team Emirates) contin\u00faa l\u00edder de la clasificaci\u00f3n general y de la Monta\u00f1a tras la 20\u00aa etapa del Tour de Francia 2025.<\/em><\/p>\n\n\n\n<p>\u00abEstoy m\u00e1s o menos seguro de mi victoria en la general, pero todav\u00eda no quiero decir nada al respecto. Quiero seguir concentrado, junto con mi equipo, hasta que haya cruzado la \u00faltima l\u00ednea de meta en Par\u00eds. Siempre es un placer competir en una ciudad tan grande y bonita como es Par\u00eds. \u00c9sta es una de las dimensiones m\u00e1s bonitas de este deporte: somos 180 t\u00edos que nos pasamos semanas corriendo por la monta\u00f1a y por todo un pa\u00eds; y, al final del viaje, de repente, nos vemos en las calles de una de las ciudades m\u00e1s grandes del mundo\u00bb.<\/p>\n\n\n\n<p>\u00abNo estoy seguro de c\u00f3mo se desarrollar\u00e1 la \u00faltima etapa. No ser\u00e1 una cl\u00e1sica, porque venimos de disputar 20 etapas y el recorrido es relativamente corto, y eso har\u00e1 que el esfuerzo sea bastante explosivo. Trazaremos nuestros planes en funci\u00f3n de c\u00f3mo nos sintamos al entrar en el circuito final, y valorando los riesgos que queremos correr. Tenemos ciclistas como Jhonatan Narv\u00e1ez o yo que podemos ir a por la victoria\u00bb.<\/p>\n\n\n\n<p>\u00abLa carrera se ha disputado hoy a todo gas, especialmente durante la primera hora: sube y baja, izquierda y derecha, bajo una intensa lluvia\u2026 Ha sido bastante peligroso e incluso el maillot amarillo podr\u00eda haber estado en juego en alg\u00fan momento.\u00bb<\/p>\n\n\n\n<figure class=\"wp-block-image\"><a class=\"js-jzoom\" href=\"https:\/\/img.aso.fr\/core_app\/img-cycling-tdf-jpg\/course037\/68892\/0:0,1200:800-1200-0-70\/e397e\"><img decoding=\"async\" src=\"https:\/\/img.aso.fr\/core_app\/img-cycling-tdf-jpg\/course037\/68892\/0:0,1200:800-2400-0-70\/b906a\" alt=\"26\/07\/2025 \u2013 Tour de France 2025 \u2013 \u00c9tape 20 - Nantua \/ Pontarlier (184,2 km) - Wout VAN AERT (TEAM VISMA | LEASE A BIKE), Tadej POGACAR (UAE TEAM EMIRATES XRG), Jonas VINGEGAARD (TEAM VISMA | LEASE A BIKE), Mick VAN DIJKE (RED BULL - BORA - HANSGROHE)\"\/><\/a><figcaption class=\"wp-element-caption\">26\/07\/2025 \u2013 Tour de France 2025 \u2013 \u00c9tape 20 &#8211; Nantua \/ Pontarlier (184,2 km) &#8211; Wout VAN AERT (TEAM VISMA | LEASE A BIKE), Tadej POGACAR (UAE TEAM EMIRATES XRG), Jonas VINGEGAARD (TEAM VISMA | LEASE A BIKE), Mick VAN DIJKE (RED BULL &#8211; BORA &#8211; HANSGROHE) \u00a9 A.S.O.\/Billy Ceusters<\/figcaption><\/figure>\n\n\n\n<p><\/p>\n\n\n\n<p>letour.fr<\/p>\n","protected":false},"excerpt":{"rendered":"<p>Tadej Pogacar (UAE Team Emirates) contin\u00faa l\u00edder de la clasificaci\u00f3n general y de la Monta\u00f1a tras la 20\u00aa etapa del Tour de Francia 2025. \u00abEstoy m\u00e1s o menos seguro de mi victoria en la general, pero todav\u00eda no quiero decir nada al respecto. Quiero seguir concentrado, junto con mi equipo, hasta que haya cruzado la [&hellip;]<\/p>\n","protected":false},"author":1,"featured_media":190097,"comment_status":"closed","ping_status":"closed","sticky":false,"template":"","format":"standard","meta":{"_acf_changed":false,"_jetpack_memberships_contains_paid_content":false,"footnotes":"","jetpack_publicize_message":"","jetpack_publicize_feature_enabled":true,"jetpack_social_post_already_shared":true,"jetpack_social_options":{"image_generator_settings":{"template":"highway","default_image_id":0,"font":"","enabled":false},"version":2}},"categories":[14],"tags":[],"class_list":["post-190096","post","type-post","status-publish","format-standard","has-post-thumbnail","hentry","category-ciclismo"],"acf":[],"jetpack_publicize_connections":[],"jetpack_featured_media_url":"https:\/\/i0.wp.com\/sportseco.com\/wp-content\/uploads\/2025\/07\/b906a.jpeg?fit=2400%2C1600&ssl=1","jetpack_sharing_enabled":true,"_links":{"self":[{"href":"https:\/\/sportseco.com\/index.php?rest_route=\/wp\/v2\/posts\/190096","targetHints":{"allow":["GET"]}}],"collection":[{"href":"https:\/\/sportseco.com\/index.php?rest_route=\/wp\/v2\/posts"}],"about":[{"href":"https:\/\/sportseco.com\/index.php?rest_route=\/wp\/v2\/types\/post"}],"author":[{"embeddable":true,"href":"https:\/\/sportseco.com\/index.php?rest_route=\/wp\/v2\/users\/1"}],"replies":[{"embeddable":true,"href":"https:\/\/sportseco.com\/index.php?rest_route=%2Fwp%2Fv2%2Fcomments&post=190096"}],"version-history":[{"count":1,"href":"https:\/\/sportseco.com\/index.php?rest_route=\/wp\/v2\/posts\/190096\/revisions"}],"predecessor-version":[{"id":190098,"href":"https:\/\/sportseco.com\/index.php?rest_route=\/wp\/v2\/posts\/190096\/revisions\/190098"}],"wp:featuredmedia":[{"embeddable":true,"href":"https:\/\/sportseco.com\/index.php?rest_route=\/wp\/v2\/media\/190097"}],"wp:attachment":[{"href":"https:\/\/sportseco.com\/index.php?rest_route=%2Fwp%2Fv2%2Fmedia&parent=190096"}],"wp:term":[{"taxonomy":"category","embeddable":true,"href":"https:\/\/sportseco.com\/index.php?rest_route=%2Fwp%2Fv2%2Fcategories&post=190096"},{"taxonomy":"post_tag","embeddable":true,"href":"https:\/\/sportseco.com\/index.php?rest_route=%2Fwp%2Fv2%2Ftags&post=190096"}],"curies":[{"name":"wp","href":"https:\/\/api.w.org\/{rel}","templated":true}]}}