{"id":190137,"date":"2025-07-27T15:02:44","date_gmt":"2025-07-27T19:02:44","guid":{"rendered":"https:\/\/sportseco.com\/?p=190137"},"modified":"2025-07-27T15:21:55","modified_gmt":"2025-07-27T19:21:55","slug":"conmemoracion-del-dia-internacional-de-la-defensa-del-manglar-en-la-via-parque-isla-de-salamanca","status":"publish","type":"post","link":"https:\/\/sportseco.com\/?p=190137","title":{"rendered":"Conmemoraci\u00f3n del \u201cD\u00eda Internacional de la Defensa del Manglar\u201d en la V\u00eda Parque Isla de Salamanca"},"content":{"rendered":"\n<p>Desde 2016, en la V\u00eda Parque Isla de Salamanca se impulsa un proceso de restauraci\u00f3n ecol\u00f3gica, mediante el cual se han sembrado alrededor de 800 hect\u00e1reas de pl\u00e1ntulas de cuatro (4) especies de manglar, de las cinco (5) que se reportan para el Caribe colombiano.<\/p>\n\n\n\n<p>La V\u00eda Parque cuenta con el vivero de manglar m\u00e1s grande del Caribe colombiano, con una capacidad anual de 180.000 pl\u00e1ntulas, distribuidas en dos ciclos de 90.000 cada uno. Este vivero constituye una pieza clave para garantizar la continuidad y sostenibilidad de las acciones de restauraci\u00f3n en esta \u00e1rea protegida.<\/p>\n\n\n\n<p>Hoy, 26 de julio, nos unimos a la conmemoraci\u00f3n de esta importante fecha realizando actividades de Educaci\u00f3n Ambiental en colaboraci\u00f3n con la Alcald\u00eda de Sitionuevo y la Instituci\u00f3n Educativa Distrital San Jos\u00e9 de Sitionuevo. A trav\u00e9s de din\u00e1micas l\u00fadicas y pedag\u00f3gicas, buscamos fortalecer el sentido de pertenencia y resaltar la importancia de conservar los ecosistemas de manglar en su territorio.<\/p>\n\n\n\n<p><\/p>\n\n\n\n<p>parquesnacionales.gov.co<\/p>\n\n\n\n<p><a href=\"https:\/\/www.parquesnacionales.gov.co\/wp-content\/uploads\/2025\/07\/Dia-Internacional-de-la-Defensa-del-Manglar-2-1024x684.jpeg\"><\/a><\/p>\n\n\n\n<p><a href=\"https:\/\/www.parquesnacionales.gov.co\/wp-content\/uploads\/2025\/07\/Dia-Internacional-de-la-Defensa-del-Manglar-3-1024x684.jpeg\"><\/a><\/p>\n\n\n\n<p><a href=\"https:\/\/www.parquesnacionales.gov.co\/wp-content\/uploads\/2025\/07\/Dia-Internacional-de-la-Defensa-del-Manglar-5-1024x684.jpeg\"><\/a><\/p>\n\n\n\n<p><a href=\"https:\/\/www.parquesnacionales.gov.co\/wp-content\/uploads\/2025\/07\/Dia-Internacional-de-la-Defensa-del-Manglar-1-1-1024x462.jpeg\"><\/a><\/p>\n\n\n\n<p><a href=\"https:\/\/www.parquesnacionales.gov.co\/wp-content\/uploads\/2025\/07\/Dia-Internacional-de-la-Defensa-del-Manglar-2-1-1024x466.jpeg\"><\/a><\/p>\n\n\n\n<p><a href=\"https:\/\/www.parquesnacionales.gov.co\/wp-content\/uploads\/2025\/07\/Dia-Internacional-de-la-Defensa-del-Manglar-4-1-1024x459.jpeg\"><\/a><\/p>\n\n\n\n<p><a href=\"https:\/\/www.parquesnacionales.gov.co\/wp-content\/uploads\/2025\/07\/Dia-Internacional-de-la-Defensa-del-Manglar-5-1-1024x465.jpeg\"><\/a><\/p>\n\n\n\n<p><a href=\"https:\/\/www.parquesnacionales.gov.co\/wp-content\/uploads\/2025\/07\/Dia-Internacional-de-la-Defensa-del-Manglar-1-1024x684.jpeg\"><\/a><\/p>\n\n\n\n<p><a href=\"https:\/\/www.parquesnacionales.gov.co\/wp-content\/uploads\/2025\/07\/Dia-Internacional-de-la-Defensa-del-Manglar-6-1024x684.jpeg\"><\/a><\/p>\n\n\n\n<p><a><\/a><a><\/a><a><\/a><a href=\"https:\/\/centroderelevo.gov.co\/632\/w3-channel.html\" target=\"_blank\" rel=\"noreferrer noopener\"><\/a><\/p>\n","protected":false},"excerpt":{"rendered":"<p>Desde 2016, en la V\u00eda Parque Isla de Salamanca se impulsa un proceso de restauraci\u00f3n ecol\u00f3gica, mediante el cual se han sembrado alrededor de 800 hect\u00e1reas de pl\u00e1ntulas de cuatro (4) especies de manglar, de las cinco (5) que se reportan para el Caribe colombiano. La V\u00eda Parque cuenta con el vivero de manglar m\u00e1s [&hellip;]<\/p>\n","protected":false},"author":1,"featured_media":190139,"comment_status":"closed","ping_status":"closed","sticky":false,"template":"","format":"standard","meta":{"_acf_changed":false,"_jetpack_memberships_contains_paid_content":false,"footnotes":"","jetpack_publicize_message":"","jetpack_publicize_feature_enabled":true,"jetpack_social_post_already_shared":true,"jetpack_social_options":{"image_generator_settings":{"template":"highway","default_image_id":0,"font":"","enabled":false},"version":2}},"categories":[6],"tags":[],"class_list":["post-190137","post","type-post","status-publish","format-standard","has-post-thumbnail","hentry","category-ecologia"],"acf":[],"jetpack_publicize_connections":[],"jetpack_featured_media_url":"https:\/\/i0.wp.com\/sportseco.com\/wp-content\/uploads\/2025\/07\/Dia-Internacional-de-la-Defensa-del-Manglar-3-1.jpeg?fit=1366%2C620&ssl=1","jetpack_sharing_enabled":true,"_links":{"self":[{"href":"https:\/\/sportseco.com\/index.php?rest_route=\/wp\/v2\/posts\/190137","targetHints":{"allow":["GET"]}}],"collection":[{"href":"https:\/\/sportseco.com\/index.php?rest_route=\/wp\/v2\/posts"}],"about":[{"href":"https:\/\/sportseco.com\/index.php?rest_route=\/wp\/v2\/types\/post"}],"author":[{"embeddable":true,"href":"https:\/\/sportseco.com\/index.php?rest_route=\/wp\/v2\/users\/1"}],"replies":[{"embeddable":true,"href":"https:\/\/sportseco.com\/index.php?rest_route=%2Fwp%2Fv2%2Fcomments&post=190137"}],"version-history":[{"count":2,"href":"https:\/\/sportseco.com\/index.php?rest_route=\/wp\/v2\/posts\/190137\/revisions"}],"predecessor-version":[{"id":190146,"href":"https:\/\/sportseco.com\/index.php?rest_route=\/wp\/v2\/posts\/190137\/revisions\/190146"}],"wp:featuredmedia":[{"embeddable":true,"href":"https:\/\/sportseco.com\/index.php?rest_route=\/wp\/v2\/media\/190139"}],"wp:attachment":[{"href":"https:\/\/sportseco.com\/index.php?rest_route=%2Fwp%2Fv2%2Fmedia&parent=190137"}],"wp:term":[{"taxonomy":"category","embeddable":true,"href":"https:\/\/sportseco.com\/index.php?rest_route=%2Fwp%2Fv2%2Fcategories&post=190137"},{"taxonomy":"post_tag","embeddable":true,"href":"https:\/\/sportseco.com\/index.php?rest_route=%2Fwp%2Fv2%2Ftags&post=190137"}],"curies":[{"name":"wp","href":"https:\/\/api.w.org\/{rel}","templated":true}]}}