{"id":190140,"date":"2025-07-27T15:06:06","date_gmt":"2025-07-27T19:06:06","guid":{"rendered":"https:\/\/sportseco.com\/?p=190140"},"modified":"2025-07-27T15:06:11","modified_gmt":"2025-07-27T19:06:11","slug":"van-aert-y-pogacar-se-lucen-en-un-paris-inolvidable","status":"publish","type":"post","link":"https:\/\/sportseco.com\/?p=190140","title":{"rendered":"Van Aert y Pogacar se lucen en un Par\u00eds inolvidable"},"content":{"rendered":"\n<p>Tour de France 2025&nbsp;|&nbsp;Etapa 21&nbsp;|&nbsp;Mantes-la-Ville &gt; Paris Champs-\u00c9lys\u00e9es<\/p>\n\n\n\n<p><strong>El Tour de Francia 2025 goz\u00f3 de un final a la altura del espect\u00e1culo ofrecido por todos los corredores desde Lille hasta Par\u00eds. La inclusi\u00f3n de tres pasos por el barrio de Montmartre se demostr\u00f3 el mejor complemento posible para los ic\u00f3nicos Campos El\u00edseos, dando lugar a una competici\u00f3n vibrante disfrutada por un p\u00fablico congregado en masa por las calles de la Ciudad de la Luz. El maillot amarillo Tadej Pogacar (UAE Team Emirates-XRG) quiso imponerse en esta etapa conclusiva, pero se encontr\u00f3 con un rival espectacular en un Wout van Aert (Visma-Lease a Bike) que le remach\u00f3 tras su \u00faltimo demarraje en Montmartre para alzar los brazos 1100 d\u00edas despu\u00e9s de su \u00faltima victoria de etapa en la Grande Boucle. Esto no mitiga un \u00e1pice el balance del esloveno, campe\u00f3n del Tour de Francia por cuarta vez con cuatro victorias de etapa (para un total de 21) y la clasificaci\u00f3n de la Monta\u00f1a para redondear unos guarismos que le colocan ya entre los mejores nombres de la historia de este deporte. A sus 26 a\u00f1os, todav\u00eda no atisbamos la remisi\u00f3n del reinado de Pogacar, que estuvo acompa\u00f1ado en el podio final por su eterno rival Jonas Vingegaard (Visma-Lease a Bike) y por el mejor joven, Florian Lipowitz (Red Bull-Bora-Hansgrohe). El maillot verde fue para Jonathan Milan (Lidl-Trek), mientras Visma-Lease a Bike se llev\u00f3 la clasificaci\u00f3n por equipos y Ben Healy (EF Education-EasyPost) fue elegido ciclista m\u00e1s combativo de la carrera.<\/strong><\/p>\n\n\n\n<figure class=\"wp-block-image\"><a class=\"media__item__link js-play-embed\" href=\"https:\/\/geo.dailymotion.com\/player\/xbbut.html?video=x9nnsqc&amp;autoplay=1\" target=\"_blank\" rel=\"noreferrer noopener\"><img decoding=\"async\" src=\"https:\/\/img.aso.fr\/core_app\/img-cycling-tdf-jpg\/video-10744\/69063\/0:0,1280:720-1200-0-70\/d6e46\" alt=\"\"\/><\/a><figcaption class=\"wp-element-caption\">\u00daltimo kil\u00f3metro &#8211; Etapa 21 &#8211; Tour de France 2025<\/figcaption><\/figure>\n\n\n\n<p>160 corredores tomaron la salida en la 21\u00aa etapa de la edici\u00f3n n\u00famero 112 del Tour de Francia para afrontar\u00e1n el final de fiesta con una traves\u00eda de 132,3 kil\u00f3metros entre Mantes-la-Ville y los Campos El\u00edseos de Par\u00eds: la tradicional llegada en la Ciudad de la Luz que, este a\u00f1o, contaba con el aliciente a\u00f1adido de tres ascensiones empedradas en el barrio de Montmartre para dificultar la tarea de los velocistas. Ante la amenaza de lluvia, que pod\u00eda poner excesivamente resbaladiza la calzada, se decidi\u00f3 tomar los tiempos para la general en el cuarto paso por la l\u00ednea de meta de los Campos El\u00edseos (km 82).<\/p>\n\n\n\n<p><strong>El maillot amarillo selecciona la carrera en Montmartre<\/strong><\/p>\n\n\n\n<p>El desfile en direcci\u00f3n Par\u00eds incluy\u00f3 paso por la C\u00f4te de Bazemont (4\u00aa, km 10) y la C\u00f4te du Pav\u00e9 des Gardes (4\u00aa, km 45,9), encabezados respectivamente por Benjamin Thomas (Cofidis) y Pavel Sivakov (UAE Team Emirates-XRG). Una vez atravesada por primera vez la l\u00ednea de meta de los Campos El\u00edseos (km 61,6), comenzaron unos escarceos que no tomaron cariz serio hasta la primera ascensi\u00f3n la C\u00f4te de la Butte Montmartre (4\u00aa, km 92,7). Un violento demarraje de Julian Alaphilippe (Tudor) abri\u00f3 las hostilidades, con el maillot amarillo Tadej Pogacar (UAE Team Emirates-XRG) d\u00e1ndoles continuidad para formar un grupo de 27 corredores con los dos ciclistas mentados m\u00e1s Victor Campenaerts, Matteo Jorgenson, Wout van Aert (Visma-Lease a Bike), Valentin Paret-Peintre (Soudal-Quick Step), Neilson Powless (EF Education-EasyPost), Biniam Girmay (Intermarch\u00e9-Wanty), Matej Mohoric, Fred Wright (Bahrain Victorious), Axel Laurance (Ineos Grenadiers), Jasper Stuyven (Lidl-Trek), Cl\u00e9ment Russo (Groupama-FDJ), Kaden Groves (Alpecin-Deceuninck), Matteo Trentin (Tudor), K\u00e9vin Vauquelin (Ark\u00e9a-B&amp;B Hotels), Aur\u00e9lien Paret-Peintre, Bastien Tronchon (Decathlon-Ag2r La Mondiale), Alex Aranburu, Dylan Teuns (Cofidis), Davide Ballerini, Mike Teunissen (XDS-Astana), Pavel Bittner, Tobias Lund Andresen (Picnic-PostNL), Arnaud de Lie, Jenno Berckmoes (Lotto) y Jonas Abrahamsen (Uno-X).<\/p>\n\n\n\n<p><strong>Van Aert remacha a Pogacar<\/strong><\/p>\n\n\n\n<p>La segunda ascensi\u00f3n a la C\u00f4te de la Butte Montmartre (4\u00aa, km 109,5) dio lugar a una segunda selecci\u00f3n, con Pogacar acelerando y llev\u00e1ndose a su rueda a Jorgenson, Van Aert, Trentin y Ballerini. En la bajada conectar\u00eda Mohoric. El sexteto contaba con 25\u201d de ventaja sobre sus perseguidores en el \u00faltimo paso por meta (km 115,5). Todo quedar\u00eda para la tercera y definitiva subida a la C\u00f4te de la Butte Montmartre (4\u00aa, km 126,2). Pogacar aceler\u00f3 desde el pie de la subida, y s\u00f3lo Van Aert y Ballerini pudieron seguir su rueda. A 300 metros de la cima, el belga remach\u00f3 al esloveno para coronar en primera posici\u00f3n y lanzarse en el descenso. Pogacar no se vio capaz de secar a Van Aert, y acab\u00f3 por claudicar y conformarse con ver triunfar al excelso rodador de Visma-Lease a Bike en una llegada a los Campos El\u00edseos para el recuerdo.<\/p>\n\n\n\n<figure class=\"wp-block-image\"><a class=\"js-jzoom\" href=\"https:\/\/img.aso.fr\/core_app\/img-cycling-tdf-jpg\/course026\/69067\/0:0,1200:799-1200-0-70\/44b44\"><img decoding=\"async\" src=\"https:\/\/img.aso.fr\/core_app\/img-cycling-tdf-jpg\/course026\/69067\/0:0,1200:799-1200-0-70\/44b44\" alt=\"27\/07\/2025 \u2013 Tour de France 2025 \u2013 \u00c9tape 21 - Mantes-la-Ville \/ Paris Champs-\u00c9lys\u00e9es (132,3 km) - Wout VAN AERT (TEAM VISMA | LEASE A BIKE)\"\/><\/a><\/figure>\n","protected":false},"excerpt":{"rendered":"<p>Tour de France 2025&nbsp;|&nbsp;Etapa 21&nbsp;|&nbsp;Mantes-la-Ville &gt; Paris Champs-\u00c9lys\u00e9es El Tour de Francia 2025 goz\u00f3 de un final a la altura del espect\u00e1culo ofrecido por todos los corredores desde Lille hasta Par\u00eds. La inclusi\u00f3n de tres pasos por el barrio de Montmartre se demostr\u00f3 el mejor complemento posible para los ic\u00f3nicos Campos El\u00edseos, dando lugar a [&hellip;]<\/p>\n","protected":false},"author":1,"featured_media":190141,"comment_status":"closed","ping_status":"closed","sticky":false,"template":"","format":"standard","meta":{"_acf_changed":false,"_jetpack_memberships_contains_paid_content":false,"footnotes":"","jetpack_publicize_message":"","jetpack_publicize_feature_enabled":true,"jetpack_social_post_already_shared":true,"jetpack_social_options":{"image_generator_settings":{"template":"highway","default_image_id":0,"font":"","enabled":false},"version":2}},"categories":[14],"tags":[],"class_list":["post-190140","post","type-post","status-publish","format-standard","has-post-thumbnail","hentry","category-ciclismo"],"acf":[],"jetpack_publicize_connections":[],"jetpack_featured_media_url":"https:\/\/i0.wp.com\/sportseco.com\/wp-content\/uploads\/2025\/07\/44b44.jpeg?fit=1200%2C799&ssl=1","jetpack_sharing_enabled":true,"_links":{"self":[{"href":"https:\/\/sportseco.com\/index.php?rest_route=\/wp\/v2\/posts\/190140","targetHints":{"allow":["GET"]}}],"collection":[{"href":"https:\/\/sportseco.com\/index.php?rest_route=\/wp\/v2\/posts"}],"about":[{"href":"https:\/\/sportseco.com\/index.php?rest_route=\/wp\/v2\/types\/post"}],"author":[{"embeddable":true,"href":"https:\/\/sportseco.com\/index.php?rest_route=\/wp\/v2\/users\/1"}],"replies":[{"embeddable":true,"href":"https:\/\/sportseco.com\/index.php?rest_route=%2Fwp%2Fv2%2Fcomments&post=190140"}],"version-history":[{"count":1,"href":"https:\/\/sportseco.com\/index.php?rest_route=\/wp\/v2\/posts\/190140\/revisions"}],"predecessor-version":[{"id":190142,"href":"https:\/\/sportseco.com\/index.php?rest_route=\/wp\/v2\/posts\/190140\/revisions\/190142"}],"wp:featuredmedia":[{"embeddable":true,"href":"https:\/\/sportseco.com\/index.php?rest_route=\/wp\/v2\/media\/190141"}],"wp:attachment":[{"href":"https:\/\/sportseco.com\/index.php?rest_route=%2Fwp%2Fv2%2Fmedia&parent=190140"}],"wp:term":[{"taxonomy":"category","embeddable":true,"href":"https:\/\/sportseco.com\/index.php?rest_route=%2Fwp%2Fv2%2Fcategories&post=190140"},{"taxonomy":"post_tag","embeddable":true,"href":"https:\/\/sportseco.com\/index.php?rest_route=%2Fwp%2Fv2%2Ftags&post=190140"}],"curies":[{"name":"wp","href":"https:\/\/api.w.org\/{rel}","templated":true}]}}