{"id":190150,"date":"2025-07-27T15:37:08","date_gmt":"2025-07-27T19:37:08","guid":{"rendered":"https:\/\/sportseco.com\/?p=190150"},"modified":"2025-07-27T15:37:14","modified_gmt":"2025-07-27T19:37:14","slug":"tadej-pogacar-este-tour-ha-sido-especialmente-increible","status":"publish","type":"post","link":"https:\/\/sportseco.com\/?p=190150","title":{"rendered":"Tadej Pogacar: \u201cEste Tour ha sido especialmente incre\u00edble\u201d"},"content":{"rendered":"\n<p><em>Tadej Pogacar (UAE Team Emirates) es el ganador de la clasificaci\u00f3n general y de la Monta\u00f1a del Tour de Francia 2025.<\/em><\/p>\n\n\n\n<p>\u00abEn esta \u00faltima etapa me he encontrado delante pese a no tener la energ\u00eda necesaria para sentirme motivado. Me alegr\u00e9 mucho de que neutralizaran los tiempos de la general. Gracias a eso, la carrera ha sido m\u00e1s tranquila y s\u00f3lo hab\u00eda que tener buenas piernas para estar delante. He intentado ganar, pero me quito el sombrero ante Wout [van Aert] porque ha estado incre\u00edblemente fuerte. Ha sido una carrera muy bonita\u201d<\/p>\n\n\n\n<p>\u201cNo tengo palabras para describir c\u00f3mo me siento despu\u00e9s de esta cuarta victoria en el Tour de Francia. Llevo seis a\u00f1os seguidos subiendo al podio, y \u00e9ste es especialmente incre\u00edble. Estoy muy orgulloso de poder llevar este maillot amarillo\u201d<\/p>\n\n\n\n<p>\u201cEs dif\u00edcil definir c\u00f3mo y d\u00f3nde he ganado este Tour. El punto de partida es c\u00f3mo corremos como equipo; el gran ambiente y el gran esp\u00edritu que hay en UAE. Fuimos a por todas desde el primer d\u00eda, y en M\u00fbr-de-Bretagne, en la 5\u00aa etapa, confirm\u00e9 que ten\u00eda buenas piernas para competir por la victoria. Creo que la segunda semana fue el momento decisivo y nos permiti\u00f3 llegar m\u00e1s c\u00f3modos a la tercera\u201d<\/p>\n\n\n\n<p>\u201cHabl\u00e9 con Jonas Vingegaard durante el recorrido neutralizado sobre lo mucho que nos ha cambiado competir el uno contra el otro durante los cinco \u00faltimos a\u00f1os. Nos exigimos mucho mutuamente y nos obligamos a subi el nivel; nos llevamos al l\u00edmite el uno al otro. Jugarme la carrera con \u00e9l fue, de nuevo, muy exigente. Debo decir que le respeto mucho, y felicitarle por su lucha y su incre\u00edble actuaci\u00f3n\u201d<\/p>\n\n\n\n<p>\u201cAhora es el momento de celebrar el triunfo. Cada cual tiene su idea particular de c\u00f3mo celebrarlo\u2026 Yo quiero un poco de paz y buen tiempo, y disfrutar de unos d\u00edas tranquilos en casa\u00bb<\/p>\n\n\n\n<figure class=\"wp-block-image\"><a class=\"js-jzoom\" href=\"https:\/\/img.aso.fr\/core_app\/img-cycling-tdf-jpg\/podium008\/69081\/0:0,1200:800-1200-0-70\/a80be\"><img decoding=\"async\" src=\"https:\/\/img.aso.fr\/core_app\/img-cycling-tdf-jpg\/podium008\/69081\/0:0,1200:800-2400-0-70\/23f91\" alt=\"27\/07\/2025 \u2013 Tour de France 2025 \u2013 \u00c9tape 21 - Mantes-la-Ville \/ Paris Champs-\u00c9lys\u00e9es (132,3 km) - Jonas VINGEGAARD (TEAM VISMA | LEASE A BIKE), Tadej POGACAR (UAE TEAM EMIRATES XRG), Florian LIPOWITZ (RED BULL - BORA - HANSGROHE)\"\/><\/a><figcaption class=\"wp-element-caption\">27\/07\/2025 \u2013 Tour de France 2025 \u2013 \u00c9tape 21 &#8211; Mantes-la-Ville \/ Paris Champs-\u00c9lys\u00e9es (132,3 km) &#8211; Jonas VINGEGAARD (TEAM VISMA | LEASE A BIKE), Tadej POGACAR (UAE TEAM EMIRATES XRG), Florian LIPOWITZ (RED BULL &#8211; BORA &#8211; HANSGROHE) \u00a9 A.S.O.\/Billy Ceusters<\/figcaption><\/figure>\n\n\n\n<p><\/p>\n\n\n\n<p>letour.fr<\/p>\n","protected":false},"excerpt":{"rendered":"<p>Tadej Pogacar (UAE Team Emirates) es el ganador de la clasificaci\u00f3n general y de la Monta\u00f1a del Tour de Francia 2025. \u00abEn esta \u00faltima etapa me he encontrado delante pese a no tener la energ\u00eda necesaria para sentirme motivado. Me alegr\u00e9 mucho de que neutralizaran los tiempos de la general. Gracias a eso, la carrera [&hellip;]<\/p>\n","protected":false},"author":1,"featured_media":190151,"comment_status":"closed","ping_status":"closed","sticky":false,"template":"","format":"standard","meta":{"_acf_changed":false,"_jetpack_memberships_contains_paid_content":false,"footnotes":"","jetpack_publicize_message":"","jetpack_publicize_feature_enabled":true,"jetpack_social_post_already_shared":true,"jetpack_social_options":{"image_generator_settings":{"template":"highway","default_image_id":0,"font":"","enabled":false},"version":2}},"categories":[14],"tags":[],"class_list":["post-190150","post","type-post","status-publish","format-standard","has-post-thumbnail","hentry","category-ciclismo"],"acf":[],"jetpack_publicize_connections":[],"jetpack_featured_media_url":"https:\/\/i0.wp.com\/sportseco.com\/wp-content\/uploads\/2025\/07\/23f91.jpeg?fit=2400%2C1600&ssl=1","jetpack_sharing_enabled":true,"_links":{"self":[{"href":"https:\/\/sportseco.com\/index.php?rest_route=\/wp\/v2\/posts\/190150","targetHints":{"allow":["GET"]}}],"collection":[{"href":"https:\/\/sportseco.com\/index.php?rest_route=\/wp\/v2\/posts"}],"about":[{"href":"https:\/\/sportseco.com\/index.php?rest_route=\/wp\/v2\/types\/post"}],"author":[{"embeddable":true,"href":"https:\/\/sportseco.com\/index.php?rest_route=\/wp\/v2\/users\/1"}],"replies":[{"embeddable":true,"href":"https:\/\/sportseco.com\/index.php?rest_route=%2Fwp%2Fv2%2Fcomments&post=190150"}],"version-history":[{"count":1,"href":"https:\/\/sportseco.com\/index.php?rest_route=\/wp\/v2\/posts\/190150\/revisions"}],"predecessor-version":[{"id":190152,"href":"https:\/\/sportseco.com\/index.php?rest_route=\/wp\/v2\/posts\/190150\/revisions\/190152"}],"wp:featuredmedia":[{"embeddable":true,"href":"https:\/\/sportseco.com\/index.php?rest_route=\/wp\/v2\/media\/190151"}],"wp:attachment":[{"href":"https:\/\/sportseco.com\/index.php?rest_route=%2Fwp%2Fv2%2Fmedia&parent=190150"}],"wp:term":[{"taxonomy":"category","embeddable":true,"href":"https:\/\/sportseco.com\/index.php?rest_route=%2Fwp%2Fv2%2Fcategories&post=190150"},{"taxonomy":"post_tag","embeddable":true,"href":"https:\/\/sportseco.com\/index.php?rest_route=%2Fwp%2Fv2%2Ftags&post=190150"}],"curies":[{"name":"wp","href":"https:\/\/api.w.org\/{rel}","templated":true}]}}