{"id":190160,"date":"2025-07-28T09:00:14","date_gmt":"2025-07-28T13:00:14","guid":{"rendered":"https:\/\/sportseco.com\/?p=190160"},"modified":"2025-07-28T09:00:20","modified_gmt":"2025-07-28T13:00:20","slug":"dia-mundial-contra-la-hepatitis-28-de-julio","status":"publish","type":"post","link":"https:\/\/sportseco.com\/?p=190160","title":{"rendered":"D\u00eda Mundial contra la Hepatitis, 28 de julio"},"content":{"rendered":"\n<p>El  28 de julio, la Organizaci\u00f3n Mundial de la Salud (OMS) celebra el\u00a0<strong>D\u00eda Mundial contra la Hepatitis<\/strong>, una inflamaci\u00f3n grave del h\u00edgado que causa da\u00f1o hep\u00e1tico y c\u00e1ncer de h\u00edgado. Se trata de una efem\u00e9ride que tiene lugar desde el a\u00f1o 2008.<\/p>\n\n\n\n<h2 class=\"wp-block-heading\" id=\"resTit_1\">D\u00eda Mundial contra la Hepatitis 2025: Conozc\u00e1mosla para combatirla<\/h2>\n\n\n\n<p>El D\u00eda Mundial contra la Hepatitis busca crear conciencia sobre la hepatitis v\u00edrica, una enfermedad que puede causar da\u00f1os graves al h\u00edgado y c\u00e1ncer. En 2025, el lema es:&nbsp;<em><strong>\u00abHepatitis: conozc\u00e1mosla para combatirla\u00bb&nbsp;<\/strong><\/em>y destaca la urgencia de eliminar barreras como el estigma y mejorar el acceso a diagn\u00f3stico y tratamiento. Aunque las hepatitis B y C son prevenibles, tratables y, en el caso de la C, curables, siguen causando da\u00f1os sin ser detectadas.<\/p>\n\n\n\n<p>La campa\u00f1a llama a integrar los servicios de hepatitis en los sistemas de salud para eliminar esta amenaza antes de 2030.<\/p>\n\n\n\n<p><\/p>\n\n\n\n<figure class=\"wp-block-embed is-type-rich is-provider-gestor-del-servicio wp-block-embed-gestor-del-servicio wp-embed-aspect-16-9 wp-has-aspect-ratio\"><div class=\"wp-block-embed__wrapper\">\n<iframe loading=\"lazy\" title=\"M\u00e9xico avanza hacia la eliminaci\u00f3n de la hepatitis C\" width=\"640\" height=\"360\" src=\"https:\/\/www.youtube.com\/embed\/D2bR3nLJXb4?feature=oembed\" frameborder=\"0\" allow=\"accelerometer; autoplay; clipboard-write; encrypted-media; gyroscope; picture-in-picture; web-share\" referrerpolicy=\"strict-origin-when-cross-origin\" allowfullscreen><\/iframe>\n<\/div><\/figure>\n\n\n\n<p>Un caso real<\/p>\n\n\n\n<h2 class=\"wp-block-heading\" id=\"resTit_3\">D\u00eda Mundial de la Hepatitis. Hist\u00f3rico y lemas<\/h2>\n\n\n\n<h3 class=\"wp-block-heading\" id=\"noticia-2024\">D\u00eda Mundial contra la Hepatitis: novedades 2024<\/h3>\n\n\n\n<p>En el D\u00eda Mundial contra la Hepatitis de 2024, la OMS organiz\u00f3 un seminario web mundial sobre el tema de la campa\u00f1a:<em>&nbsp;\u00abEs hora de actuar\u00bb<\/em>. La OMS explic\u00f3 que es hora de actuar para acelerar la reducci\u00f3n de nuevas infecciones por hepatitis, frenar la disminuci\u00f3n de la mortalidad y ayudar a los pa\u00edses a alcanzar el objetivo de eliminaci\u00f3n para 2030.<\/p>\n\n\n\n<p>Tambi\u00e9n se public\u00f3 un subtema para este a\u00f1o 2024:&nbsp;<em>\u00abRespuesta mundial a la hepatitis: cerrar la brecha hacia los objetivos de eliminaci\u00f3n de 2030\u00bb.<\/em><\/p>\n\n\n\n<p>La explicaci\u00f3n de los temas que se han hechos p\u00fablicos por parte de la OMS para 2024 es que el progreso y la acci\u00f3n para frenar las infecciones por hepatitis se han estancado y que la comunidad sanitaria mundial debe volver a encaminarse hacia la eliminaci\u00f3n de las hepatitis v\u00edricas para 2030.<\/p>\n\n\n\n<h3 class=\"wp-block-heading\" id=\"resTit_3_2\">Lema 2023: Una vida, un h\u00edgado<\/h3>\n\n\n\n<p>En el a\u00f1o 2023, el lema del D\u00eda Mundial contra la Hepatitis fue:&nbsp;<em><strong>\u00abUna vida, un h\u00edgado\u00bb<\/strong><\/em>. La hepatitis puede destruir ambas y es por ello que la OMS quiere concienciar a la poblaci\u00f3n para que tomen medidas de prevenci\u00f3n, y se vacunen contra la hepatitis.<\/p>\n\n\n\n<figure class=\"wp-block-image\"><img data-recalc-dims=\"1\" decoding=\"async\" src=\"https:\/\/i0.wp.com\/www.diainternacionalde.com\/imagenes\/dias\/julio\/07-28_dia-mundial-hepatitis_s.jpg?w=640&#038;ssl=1\" alt=\"\" title=\"\"\/><\/figure>\n\n\n\n<h2 class=\"wp-block-heading\" id=\"resTit_4\">\u00bfPor qu\u00e9 se celebra el D\u00eda Mundial contra la Hepatitis?<\/h2>\n\n\n\n<p>El objetivo de esta fecha es impulsar a nivel mundial todas las iniciativas y estrategias que pueda realizar el sector salud en contra de las hepatitis v\u00edricas.<\/p>\n\n\n\n<p>Se estima que en el a\u00f1o 2015 hab\u00eda aproximadamente 250 millones de casos de hepatitis B en el mundo, principalmente en pa\u00edses como&nbsp;<strong>\u00c1frica subsahariana, Asia y las islas del Pac\u00edfico<\/strong>. Aunque hoy en d\u00eda tambi\u00e9n ha proliferado esta afecci\u00f3n en regiones de Am\u00e9rica del Sur, las zonas sur de Europa central y oriental, Asia y el Medio Oriente.<\/p>\n\n\n\n<p>Con la celebraci\u00f3n de este d\u00eda, la OMS se ha planteado alcanzar varios objetivos a nivel mundial, entre los que se encuentra, el&nbsp;<strong>reducir en un 90% la probabilidad de nuevas infecciones de hepatitis<\/strong>&nbsp;en cualquiera de sus presentaciones A, B,C, D o E y evitar el 65% de las muertes que acarrea a\u00f1o tras a\u00f1o el contagio de hepatitis v\u00edrica.<\/p>\n\n\n\n<h2 class=\"wp-block-heading\" id=\"resTit_5\">\u00bfQu\u00e9 es la hepatitis v\u00edrica?<\/h2>\n\n\n\n<p>La hepatitis v\u00edrica es una infecci\u00f3n que produce una&nbsp;<strong>inflamaci\u00f3n aguda en el h\u00edgado<\/strong>. Existen 5 virus diferentes de la hepatitis, cada uno catalogado con una letra del alfabeto diferente y mientras m\u00e1s alejado de la A se encuentre mayor es el riesgo que acarrea la infecci\u00f3n.<\/p>\n\n\n\n<p>En la mayor\u00eda de los casos, la inflamaci\u00f3n del h\u00edgado comienza de forma s\u00fabita y solo dura unas pocas semanas.<\/p>\n\n\n\n<p>La forma m\u00e1s com\u00fan de contraer esta enfermedad, es insertando en nuestro cuerpo alg\u00fan objeto contaminado con sangre de alguien que ya posee el virus, cosa que ocurre mucho en personas que se tat\u00faan, se hacen piercing en el cuerpo, tienen varias parejas sexuales o comparten agujas para inyectarse drogas o cualquier otra sustancia en el cuerpo.<\/p>\n\n\n\n<h2 class=\"wp-block-heading\" id=\"resTit_6\">M\u00e9todo para prevenir las hepatitis v\u00edricas<\/h2>\n\n\n\n<p>La primera norma de prevenci\u00f3n es no realizar ning\u00fan proceso invasivo del cuerpo, como por ejemplo, tatuarse las cejas o inyectarse Botox en un lugar poco fiable que no cuente con las normas m\u00e1s elementales de higiene, ni tenga permisos.<\/p>\n\n\n\n<p>Lo segundo es ponerse vacunas en contra de los tipos de virus m\u00e1s com\u00fan que suelen ser los de tipo A, B y C (Las dos primeras se le aplican a los ni\u00f1os durante los primeros meses de vida).<\/p>\n\n\n\n<p><\/p>\n\n\n\n<p>Y lo tercero, es utilizar continuamente protecci\u00f3n al mantener relaciones sexuales.<\/p>\n\n\n\n<p>Aunque por lo general las hepatitis v\u00edricas raras veces pueden conllevar a la muerte o a las hospitalizaciones de emergencia. Es importante mantenerse en control del estado de nuestro cuerpo, realiz\u00e1ndonos un examen de sangre general cada 6 meses o al a\u00f1o.<\/p>\n\n\n\n<p><\/p>\n\n\n\n<p>diainternacionalde.com<\/p>\n","protected":false},"excerpt":{"rendered":"<p>El 28 de julio, la Organizaci\u00f3n Mundial de la Salud (OMS) celebra el\u00a0D\u00eda Mundial contra la Hepatitis, una inflamaci\u00f3n grave del h\u00edgado que causa da\u00f1o hep\u00e1tico y c\u00e1ncer de h\u00edgado. Se trata de una efem\u00e9ride que tiene lugar desde el a\u00f1o 2008. D\u00eda Mundial contra la Hepatitis 2025: Conozc\u00e1mosla para combatirla El D\u00eda Mundial contra [&hellip;]<\/p>\n","protected":false},"author":1,"featured_media":190161,"comment_status":"closed","ping_status":"closed","sticky":false,"template":"","format":"standard","meta":{"_acf_changed":false,"_jetpack_memberships_contains_paid_content":false,"footnotes":"","jetpack_publicize_message":"","jetpack_publicize_feature_enabled":true,"jetpack_social_post_already_shared":true,"jetpack_social_options":{"image_generator_settings":{"template":"highway","default_image_id":0,"font":"","enabled":false},"version":2}},"categories":[6],"tags":[],"class_list":["post-190160","post","type-post","status-publish","format-standard","has-post-thumbnail","hentry","category-ecologia"],"acf":[],"jetpack_publicize_connections":[],"jetpack_featured_media_url":"https:\/\/i0.wp.com\/sportseco.com\/wp-content\/uploads\/2025\/07\/07-28_dia-mundial-hepatitis-movil.jpg?fit=305%2C203&ssl=1","jetpack_sharing_enabled":true,"_links":{"self":[{"href":"https:\/\/sportseco.com\/index.php?rest_route=\/wp\/v2\/posts\/190160","targetHints":{"allow":["GET"]}}],"collection":[{"href":"https:\/\/sportseco.com\/index.php?rest_route=\/wp\/v2\/posts"}],"about":[{"href":"https:\/\/sportseco.com\/index.php?rest_route=\/wp\/v2\/types\/post"}],"author":[{"embeddable":true,"href":"https:\/\/sportseco.com\/index.php?rest_route=\/wp\/v2\/users\/1"}],"replies":[{"embeddable":true,"href":"https:\/\/sportseco.com\/index.php?rest_route=%2Fwp%2Fv2%2Fcomments&post=190160"}],"version-history":[{"count":1,"href":"https:\/\/sportseco.com\/index.php?rest_route=\/wp\/v2\/posts\/190160\/revisions"}],"predecessor-version":[{"id":190162,"href":"https:\/\/sportseco.com\/index.php?rest_route=\/wp\/v2\/posts\/190160\/revisions\/190162"}],"wp:featuredmedia":[{"embeddable":true,"href":"https:\/\/sportseco.com\/index.php?rest_route=\/wp\/v2\/media\/190161"}],"wp:attachment":[{"href":"https:\/\/sportseco.com\/index.php?rest_route=%2Fwp%2Fv2%2Fmedia&parent=190160"}],"wp:term":[{"taxonomy":"category","embeddable":true,"href":"https:\/\/sportseco.com\/index.php?rest_route=%2Fwp%2Fv2%2Fcategories&post=190160"},{"taxonomy":"post_tag","embeddable":true,"href":"https:\/\/sportseco.com\/index.php?rest_route=%2Fwp%2Fv2%2Ftags&post=190160"}],"curies":[{"name":"wp","href":"https:\/\/api.w.org\/{rel}","templated":true}]}}