{"id":190208,"date":"2025-07-28T18:38:42","date_gmt":"2025-07-28T22:38:42","guid":{"rendered":"https:\/\/sportseco.com\/?p=190208"},"modified":"2025-07-28T18:38:48","modified_gmt":"2025-07-28T22:38:48","slug":"minambiente-refuerza-proteccion-de-sitios-sagrados-en-la-sierra-nevada-con-el-pueblo-wiwa","status":"publish","type":"post","link":"https:\/\/sportseco.com\/?p=190208","title":{"rendered":"Minambiente refuerza protecci\u00f3n de sitios sagrados en la Sierra Nevada con el pueblo Wiwa"},"content":{"rendered":"\n<figure class=\"wp-block-image\"><img data-recalc-dims=\"1\" decoding=\"async\" src=\"https:\/\/i0.wp.com\/www.minambiente.gov.co\/wp-content\/uploads\/2025\/07\/Sierra-Nevada.jpeg?w=640&#038;ssl=1\" alt=\"Minambiente refuerza protecci\u00f3n de sitios sagrados en la Sierra Nevada con el pueblo Wiwa\" title=\"Minambiente refuerza protecci\u00f3n de sitios sagrados en la Sierra Nevada con el pueblo Wiwa\"\/><\/figure>\n\n\n\n<ul class=\"wp-block-list\">\n<li>La ministra de Ambiente, Lena Estrada, realiz\u00f3 una gira por la Costa Caribe donde sostuvo di\u00e1logos con comunidades ind\u00edgenas y las autoridades del Sistema Nacional Ambiental (SINA) y anunci\u00f3 medidas clave para la protecci\u00f3n ambiental del territorio.<\/li>\n\n\n\n<li>En su visita al pueblo Wiwa, desde el territorio sagrado de Achintikua, la ministra reiter\u00f3 el compromiso del Gobierno con el fortalecimiento de la autoridad ambiental ind\u00edgena y la protecci\u00f3n de los espacios sagrados de la Sierra Nevada.<\/li>\n<\/ul>\n\n\n\n<p><strong>San Juan del Cesar, La Guajira, julio de 2025 (MinAmbienteCo) \u2013<\/strong>&nbsp;Desde Achintikua, territorio sagrado del pueblo Wiwa en la Sierra Nevada de Gonawindua, la ministra de Ambiente y Desarrollo Sostenible, Lena Estrada, se reuni\u00f3 con 34 Mamos y 9 Zagas para reafirmar el compromiso del Gobierno Nacional con la protecci\u00f3n de la L\u00ednea Negra y los espacios sagrados del pueblo Wiwa.<\/p>\n\n\n\n<p>Este encuentro, que se dio en el marco de la Asamblea General del Pueblo Wiwa, marca el inicio de la ruta de fortalecimiento de la autoridad ambiental ind\u00edgena, conforme al Decreto 1275 de 2024, y da continuidad a los compromisos del Plan Nacional de Desarrollo en el coraz\u00f3n ancestral de la Sierra Nevada.<\/p>\n\n\n\n<p><em>\u201cHe recibido la propuesta que ustedes tienen y quiero cumplirles. Todo es importante, pero debemos priorizar lo que ustedes consideren m\u00e1s urgente. Cuenten con el Ministerio para hacer seguimiento, coordinar con otras instituciones y apoyar t\u00e9cnicamente lo que se propongan\u201d,<\/em>&nbsp;expres\u00f3 la ministra Lena Estrada, quien reiter\u00f3 que los pueblos ind\u00edgenas son una prioridad para su gesti\u00f3n.<\/p>\n\n\n\n<p>Durante el di\u00e1logo, se abordaron temas fundamentales para el pueblo Wiwa, como el saneamiento y la armonizaci\u00f3n espiritual del territorio, el fortalecimiento de la autoridad ambiental ind\u00edgena, la protecci\u00f3n de la salida al mar Caribe y la revisi\u00f3n de t\u00edtulos mineros en su territorio ancestral. La ministra tambi\u00e9n anunci\u00f3 la&nbsp;<strong>apertura de una nueva convocatoria de regal\u00edas por ocho mil millones de pesos<\/strong>&nbsp;en agosto, e invit\u00f3 al pueblo Wiwa a presentar proyectos estrat\u00e9gicos para su territorio.<\/p>\n\n\n\n<p>Aristides Malo, coordinador de la guardia ind\u00edgena del pueblo Wiwa, agradeci\u00f3 la presencia de la ministra y reiter\u00f3 la importancia de proteger la L\u00ednea Negra y los sitios sagrados frente a la amenaza de megaproyectos extractivos:<\/p>\n\n\n\n<p><em>\u201cNosotros cuidamos el agua, el aire, los cerros y las semillas no solo para nosotros, sino para toda la humanidad. La Sierra Nevada es el coraz\u00f3n del mundo. Cuando la da\u00f1an, nos afectan a todos<\/em>\u201d, afirm\u00f3.<\/p>\n\n\n\n<p>La ministra subray\u00f3 la necesidad de construir mecanismos de coordinaci\u00f3n entre la institucionalidad ambiental del Estado y la autoridad ind\u00edgena, respetando las estructuras propias del pueblo Wiwa. Adem\u00e1s, plante\u00f3 incluir visiones de la madre tierra y los saberes ancestrales en la pol\u00edtica nacional de educaci\u00f3n ambiental que se implementar\u00e1 en los colegios del pa\u00eds.<\/p>\n\n\n\n<p>Con esta visita, el Ministerio de Ambiente contin\u00faa consolidando una pol\u00edtica p\u00fablica que reconoce a los pueblos ind\u00edgenas como cuidadores del territorio y aliados estrat\u00e9gicos en la protecci\u00f3n de la biodiversidad y la espiritualidad de Colombia.<\/p>\n\n\n\n<p><strong>Exitosa gira por la Regi\u00f3n Caribe<\/strong><\/p>\n\n\n\n<p>Durante su recorrido por la regi\u00f3n Caribe, la ministra Lena Estrada visit\u00f3 Barranquilla, donde lider\u00f3 el Primer Encuentro Territorial del SINA para la Regi\u00f3n Caribe \u2013 Insular, con el objetivo de fortalecer la articulaci\u00f3n con las autoridades ambientales de la regi\u00f3n.<\/p>\n\n\n\n<p>Tambi\u00e9n estuvo en La Mojana, Sucre, donde present\u00f3 el Proyecto Majagual, una iniciativa que contar\u00e1 con 28 mil millones de pesos para restaurar m\u00e1s de 3.000 hect\u00e1reas y apoyar a 380 familias que protegen el territorio.<\/p>\n\n\n\n<p><\/p>\n\n\n\n<p>minambiente.gov.co<\/p>\n\n\n\n<h2 class=\"wp-block-heading\">Navegaci\u00f3n de entradas<\/h2>\n","protected":false},"excerpt":{"rendered":"<p>San Juan del Cesar, La Guajira, julio de 2025 (MinAmbienteCo) \u2013&nbsp;Desde Achintikua, territorio sagrado del pueblo Wiwa en la Sierra Nevada de Gonawindua, la ministra de Ambiente y Desarrollo Sostenible, Lena Estrada, se reuni\u00f3 con 34 Mamos y 9 Zagas para reafirmar el compromiso del Gobierno Nacional con la protecci\u00f3n de la L\u00ednea Negra y [&hellip;]<\/p>\n","protected":false},"author":1,"featured_media":190209,"comment_status":"closed","ping_status":"closed","sticky":false,"template":"","format":"standard","meta":{"_acf_changed":false,"_jetpack_memberships_contains_paid_content":false,"footnotes":"","jetpack_publicize_message":"","jetpack_publicize_feature_enabled":true,"jetpack_social_post_already_shared":true,"jetpack_social_options":{"image_generator_settings":{"template":"highway","default_image_id":0,"font":"","enabled":false},"version":2}},"categories":[6],"tags":[],"class_list":["post-190208","post","type-post","status-publish","format-standard","has-post-thumbnail","hentry","category-ecologia"],"acf":[],"jetpack_publicize_connections":[],"jetpack_featured_media_url":"https:\/\/i0.wp.com\/sportseco.com\/wp-content\/uploads\/2025\/07\/Sierra-Nevada.jpeg?fit=800%2C450&ssl=1","jetpack_sharing_enabled":true,"_links":{"self":[{"href":"https:\/\/sportseco.com\/index.php?rest_route=\/wp\/v2\/posts\/190208","targetHints":{"allow":["GET"]}}],"collection":[{"href":"https:\/\/sportseco.com\/index.php?rest_route=\/wp\/v2\/posts"}],"about":[{"href":"https:\/\/sportseco.com\/index.php?rest_route=\/wp\/v2\/types\/post"}],"author":[{"embeddable":true,"href":"https:\/\/sportseco.com\/index.php?rest_route=\/wp\/v2\/users\/1"}],"replies":[{"embeddable":true,"href":"https:\/\/sportseco.com\/index.php?rest_route=%2Fwp%2Fv2%2Fcomments&post=190208"}],"version-history":[{"count":1,"href":"https:\/\/sportseco.com\/index.php?rest_route=\/wp\/v2\/posts\/190208\/revisions"}],"predecessor-version":[{"id":190210,"href":"https:\/\/sportseco.com\/index.php?rest_route=\/wp\/v2\/posts\/190208\/revisions\/190210"}],"wp:featuredmedia":[{"embeddable":true,"href":"https:\/\/sportseco.com\/index.php?rest_route=\/wp\/v2\/media\/190209"}],"wp:attachment":[{"href":"https:\/\/sportseco.com\/index.php?rest_route=%2Fwp%2Fv2%2Fmedia&parent=190208"}],"wp:term":[{"taxonomy":"category","embeddable":true,"href":"https:\/\/sportseco.com\/index.php?rest_route=%2Fwp%2Fv2%2Fcategories&post=190208"},{"taxonomy":"post_tag","embeddable":true,"href":"https:\/\/sportseco.com\/index.php?rest_route=%2Fwp%2Fv2%2Ftags&post=190208"}],"curies":[{"name":"wp","href":"https:\/\/api.w.org\/{rel}","templated":true}]}}