{"id":190240,"date":"2025-07-29T14:22:03","date_gmt":"2025-07-29T18:22:03","guid":{"rendered":"https:\/\/sportseco.com\/?p=190240"},"modified":"2025-07-29T14:22:07","modified_gmt":"2025-07-29T18:22:07","slug":"el-calor-extremo-un-enemigo-silencioso-y-mortal-que-vuelve-a-golpear-con-fuerza-al-planeta","status":"publish","type":"post","link":"https:\/\/sportseco.com\/?p=190240","title":{"rendered":"El calor extremo, un enemigo silencioso y mortal que vuelve a golpear con fuerza al planeta"},"content":{"rendered":"\n<figure class=\"wp-block-image\"><img data-recalc-dims=\"1\" decoding=\"async\" src=\"https:\/\/i0.wp.com\/global.unitednations.entermediadb.net\/assets\/mediadb\/services\/module\/asset\/downloads\/preset\/assets\/2019\/07\/02-July-2019_Heatwaves_Europe_WMO.jpg\/image1170x530cropped.jpg?w=640&#038;ssl=1\" alt=\"Una inusual ola excepcionalmente intensa de calor azot\u00f3 Europa a finales de junio y principios de julio, poniendo en riesgo la salud, la agricultura y el medio ambiente.\" title=\"Una inusual ola excepcionalmente intensa de calor azot\u00f3 Europa a finales de junio y principios de julio, poniendo en riesgo la salud, la agricultura y el medio ambiente.\"\/><\/figure>\n\n\n\n<p>Captura de pantalla de un v\u00eddeo de la OMM.<\/p>\n\n\n\n<p>Una inusual ola excepcionalmente intensa de calor azot\u00f3 Europa a finales de junio y principios de julio, poniendo en riesgo la salud, la agricultura y el medio ambiente.<\/p>\n\n\n\n<p>A un a\u00f1o de que la ONU advirtiera que las olas de calor se convertir\u00edan en una amenaza cotidiana, amplias regiones del mundo registran temperaturas r\u00e9cord e incendios forestales que cuestan vidas y devastan la econom\u00eda y el medio ambiente. Las agencias especializadas reiteran la urgencia de una acci\u00f3n global que incluya alertas tempranas y planes sanitarios contra el calor.<\/p>\n\n\n\n<p>El 25 de julio de 2024, el&nbsp;<a href=\"https:\/\/www.un.org\/sg\/es\">Secretario General<\/a>&nbsp;de la ONU urgi\u00f3 a la acci\u00f3n global frente al calor extremo, un enemigo silencioso y mortal; un a\u00f1o despu\u00e9s, sin embargo,&nbsp;<strong>las olas de calor azotan a muchos pa\u00edses alrededor del mundo<\/strong>, evidenciando la urgencia de atender ese llamado e implementar alertas tempranas y planes sanitarios de acci\u00f3n contra el calor.<\/p>\n\n\n\n<p>En esa ocasi\u00f3n, Ant\u00f3nio Guterres advirti\u00f3 que las olas de calor dejar\u00edan de ser fen\u00f3menos espor\u00e1dicos y se convertir\u00edan en&nbsp;<strong>una amenaza cotidiana para millones de personas en todo el mundo<\/strong>, una previsi\u00f3n que se est\u00e1 cumpliendo este verano boreal, con amplias regiones del planeta registrando temperaturas r\u00e9cord e incendios forestales.<\/p>\n\n\n\n<p>La&nbsp;<a href=\"https:\/\/public.wmo.int\/es\" target=\"_blank\" rel=\"noreferrer noopener\">Organizaci\u00f3n Meteorol\u00f3gica Mundial<\/a>&nbsp;(<a href=\"https:\/\/public.wmo.int\/es\" target=\"_blank\" rel=\"noreferrer noopener\">OMM<\/a>) detall\u00f3 que,&nbsp;<strong>en Estados Unidos, casi 100 millones de personas<\/strong>&nbsp;han recibido alertas por condiciones de calor peligrosas.<\/p>\n\n\n\n<p>En zonas del norte de&nbsp;<strong>\u00c1frica y Medio Oriente<\/strong>, el calor ha provocado cortes masivos de electricidad y agua, interrumpiendo servicios esenciales y poniendo en riesgo la vida de miles.<\/p>\n\n\n\n<p>La&nbsp;<strong>regi\u00f3n mediterr\u00e1nea y los Balcanes<\/strong>&nbsp;est\u00e1n sufriendo la tercera ola de calor del verano, lo que ha interrumpido las actividades al aire libre, agr\u00edcolas y laborales, y ha tenido un gran impacto en la salud. Adem\u00e1s, el calor extremo ha alimentado incendios forestales devastadores, causando v\u00edctimas y empeorando la calidad del aire.<\/p>\n\n\n\n<p><strong>Turqu\u00eda<\/strong>&nbsp;registr\u00f3 un r\u00e9cord nacional de temperatura de&nbsp;<strong>50,5 \u00b0C&nbsp;<\/strong>en Silope, al sureste del pa\u00eds, mientras que en otras localidades cercanas las temperaturas rondaron los 50 \u00b0C.&nbsp;<strong>Chipre<\/strong>&nbsp;document\u00f3 un r\u00e9cord de 44,6 \u00b0C en julio.<\/p>\n\n\n\n<p>El calor extremo en&nbsp;<strong>Grecia, Italia y Espa\u00f1a<\/strong>&nbsp;provoc\u00f3 el cierre de atracciones tur\u00edsticas.<\/p>\n\n\n\n<p>En Chipre, Grecia y Turqu\u00eda se produjeron&nbsp;<strong>incendios forestales<\/strong>&nbsp;que obligaron a la gente a huir de sus hogares, se cobraron numerosas vidas y cubrieron el cielo con densas columnas de humo.<\/p>\n\n\n\n<p>En Escandinavia tambi\u00e9n hace calor.&nbsp;<strong>Finlandia&nbsp;<\/strong>registr\u00f3 m\u00e1s de 15 d\u00edas con temperaturas superiores a los 30 \u00b0C. Noruega y Suecia se han visto afectadas por temperaturas anormalmente altas, generando alertas de un riesgo extremo de incendios forestales.<\/p>\n\n\n\n<p><strong>Europa tuvo el junio m\u00e1s caluroso registrado<\/strong>. Las grandes olas de calor, intensificadas por las altas temperaturas superficiales del mar en el Mediterr\u00e1neo occidental, provocaron un estr\u00e9s t\u00e9rmico muy intenso en amplias zonas del oeste y el sur de Europa.<\/p>\n\n\n\n<h2 class=\"wp-block-heading\">El mundo no est\u00e1 preparado<\/h2>\n\n\n\n<p>La OMM sostuvo que estos eventos son una clara se\u00f1al de que el mundo a\u00fan no est\u00e1 preparado&nbsp;<strong>para enfrentar un fen\u00f3meno<\/strong>&nbsp;<strong>que ser\u00e1 cada vez m\u00e1s frecuente e intenso<\/strong>&nbsp;debido al&nbsp;<a href=\"https:\/\/news.un.org\/es\/news\/topic\/climate-change\">cambio clim\u00e1tico<\/a>.<\/p>\n\n\n\n<p>Para conmemorar el aniversario del llamado a la acci\u00f3n global y reiterar importancia de poner tomar medidas, varias agencias de la ONU, lideradas por la OMM y la&nbsp;<a href=\"https:\/\/www.undrr.org\/es\" target=\"_blank\" rel=\"noreferrer noopener\">Oficina para la Reducci\u00f3n del Riesgo de Desastres<\/a>, han lanzado una serie de nuevos recursos destinados a mejorar la forma en que los gobiernos gestionan el riesgo t\u00e9rmico.<\/p>\n\n\n\n<p>La iniciativa conjunta busca ayudar a los&nbsp;<strong>pa\u00edses a prepararse mejor ante olas de calor<\/strong>, coordinando sus respuestas a nivel local, nacional e internacional. El objetivo principal es evitar muertes que pueden prevenirse.<\/p>\n\n\n\n<p>Seg\u00fan datos recientes, la implementaci\u00f3n de&nbsp;<strong>sistemas de alerta sanitaria por calor podr\u00eda salvar m\u00e1s de 98.000 vidas<\/strong>&nbsp;al a\u00f1o en 57 pa\u00edses. A pesar de esto, muchos gobiernos todav\u00eda carecen de planes de acci\u00f3n adecuados frente al calor extremo.<\/p>\n\n\n\n<h2 class=\"wp-block-heading\">Llamado a la acci\u00f3n<\/h2>\n\n\n\n<p>El llamado a la acci\u00f3n impulsa&nbsp;<strong>medidas concretas<\/strong>&nbsp;en cuatro \u00e1mbitos cr\u00edticos:<\/p>\n\n\n\n<ul class=\"wp-block-list\">\n<li>Cuidado a poblaciones vulnerables<\/li>\n\n\n\n<li>Protecci\u00f3n de trabajadores expuestos al calor<\/li>\n\n\n\n<li>Fortalecimiento de econom\u00edas y sociedades mediante datos cient\u00edficos<\/li>\n\n\n\n<li>Reducir el calentamiento global al l\u00edmite de 1.5\u202f\u00b0C mediante la transici\u00f3n energ\u00e9tica y abandono de combustibles f\u00f3siles<\/li>\n<\/ul>\n\n\n\n<p>Entre los materiales publicados para asistir a los gobiernos, se cuentan un informe que analiza las pol\u00edticas de diez agencias internacionales, otro que examina los planes de respuesta de pa\u00edses como Canad\u00e1, India, Reino Unido, Australia y Francia, y un tercero que presenta estudios de caso en doce pa\u00edses, incluyendo Argentina, Ecuador y Egipto.<\/p>\n\n\n\n<h2 class=\"wp-block-heading\">Emergencia de salud p\u00fablica diaria<\/h2>\n\n\n\n<p>Todos esos documentos comparten una idea central: no basta con saber que el calor es peligroso; hace falta<strong>&nbsp;actuar con rapidez, coherencia y con base en la ciencia.<\/strong><\/p>\n\n\n\n<p>\u201cEl calor extremo&nbsp;<strong>ya no es un problema clim\u00e1tico lejano<\/strong>, es una emergencia de salud p\u00fablica diaria\u201d, dijo la coordinadora de la Oficina Conjunta de Clima y Salud de la&nbsp;<a href=\"http:\/\/www.who.int\/es\/\" target=\"_blank\" rel=\"noreferrer noopener\">OMS<\/a>&nbsp;y la OMM.<\/p>\n\n\n\n<p>Joy Shumake-Guillemot afirm\u00f3 que&nbsp;<strong>el calor mata<\/strong>, aunque lo hace en silencio.<\/p>\n\n\n\n<p>A menudo, las&nbsp;<strong>cifras oficiales no reflejan la verdadera magnitud del problema<\/strong>, porque muchas muertes por calor no se registran como tales. No obstante, los impactos son reales y cada vez m\u00e1s evidentes: desde trabajadores expuestos sin protecci\u00f3n, hasta personas mayores y ni\u00f1os que sufren en viviendas sin ventilaci\u00f3n ni acceso a servicios m\u00e9dicos.<\/p>\n\n\n\n<p>Frente a este escenario, las agencias internacionales insisten en que t<strong>odav\u00eda estamos a tiempo de reducir el impacto del calor extremo<\/strong>&nbsp;si contamos con voluntad pol\u00edtica, inversiones sostenidas y una colaboraci\u00f3n m\u00e1s estrecha entre ciencia, salud p\u00fablica y gobiernos.<\/p>\n\n\n\n<p><\/p>\n\n\n\n<p>news.un.org<\/p>\n","protected":false},"excerpt":{"rendered":"<p>Captura de pantalla de un v\u00eddeo de la OMM. Una inusual ola excepcionalmente intensa de calor azot\u00f3 Europa a finales de junio y principios de julio, poniendo en riesgo la salud, la agricultura y el medio ambiente. A un a\u00f1o de que la ONU advirtiera que las olas de calor se convertir\u00edan en una amenaza [&hellip;]<\/p>\n","protected":false},"author":1,"featured_media":190241,"comment_status":"closed","ping_status":"closed","sticky":false,"template":"","format":"standard","meta":{"_acf_changed":false,"_jetpack_memberships_contains_paid_content":false,"footnotes":"","jetpack_publicize_message":"","jetpack_publicize_feature_enabled":true,"jetpack_social_post_already_shared":true,"jetpack_social_options":{"image_generator_settings":{"template":"highway","default_image_id":0,"font":"","enabled":false},"version":2}},"categories":[6],"tags":[],"class_list":["post-190240","post","type-post","status-publish","format-standard","has-post-thumbnail","hentry","category-ecologia"],"acf":[],"jetpack_publicize_connections":[],"jetpack_featured_media_url":"https:\/\/i0.wp.com\/sportseco.com\/wp-content\/uploads\/2025\/07\/image1170x530cropped-14.jpg?fit=1170%2C530&ssl=1","jetpack_sharing_enabled":true,"_links":{"self":[{"href":"https:\/\/sportseco.com\/index.php?rest_route=\/wp\/v2\/posts\/190240","targetHints":{"allow":["GET"]}}],"collection":[{"href":"https:\/\/sportseco.com\/index.php?rest_route=\/wp\/v2\/posts"}],"about":[{"href":"https:\/\/sportseco.com\/index.php?rest_route=\/wp\/v2\/types\/post"}],"author":[{"embeddable":true,"href":"https:\/\/sportseco.com\/index.php?rest_route=\/wp\/v2\/users\/1"}],"replies":[{"embeddable":true,"href":"https:\/\/sportseco.com\/index.php?rest_route=%2Fwp%2Fv2%2Fcomments&post=190240"}],"version-history":[{"count":1,"href":"https:\/\/sportseco.com\/index.php?rest_route=\/wp\/v2\/posts\/190240\/revisions"}],"predecessor-version":[{"id":190242,"href":"https:\/\/sportseco.com\/index.php?rest_route=\/wp\/v2\/posts\/190240\/revisions\/190242"}],"wp:featuredmedia":[{"embeddable":true,"href":"https:\/\/sportseco.com\/index.php?rest_route=\/wp\/v2\/media\/190241"}],"wp:attachment":[{"href":"https:\/\/sportseco.com\/index.php?rest_route=%2Fwp%2Fv2%2Fmedia&parent=190240"}],"wp:term":[{"taxonomy":"category","embeddable":true,"href":"https:\/\/sportseco.com\/index.php?rest_route=%2Fwp%2Fv2%2Fcategories&post=190240"},{"taxonomy":"post_tag","embeddable":true,"href":"https:\/\/sportseco.com\/index.php?rest_route=%2Fwp%2Fv2%2Ftags&post=190240"}],"curies":[{"name":"wp","href":"https:\/\/api.w.org\/{rel}","templated":true}]}}