{"id":190260,"date":"2025-07-29T17:22:08","date_gmt":"2025-07-29T21:22:08","guid":{"rendered":"https:\/\/sportseco.com\/?p=190260"},"modified":"2025-07-29T17:22:21","modified_gmt":"2025-07-29T21:22:21","slug":"el-puntal-un-espacio-protegido-convertido-en-un-mierdal-por-los-botellones","status":"publish","type":"post","link":"https:\/\/sportseco.com\/?p=190260","title":{"rendered":"El Puntal, un espacio protegido convertido \u00aben un mierdal\u00bb por los botellones"},"content":{"rendered":"\n<p><strong>Madrid\/Santander, 29 julio (EFE).- La concentraci\u00f3n masiva de j\u00f3venes para hacer botell\u00f3n durante el pasado fin de semana en El Puntal de Somo -un espacio natural protegido de Cantabria que forma parte de la Red Natura 2000- han convertido el lugar \u00aben un mierdal\u00bb, seg\u00fan Ecologistas en Acci\u00f3n, mientras que PSOE, IU y Cantabristas hablan de \u00abdescontrol\u00bb en la zona.<\/strong><\/p>\n\n\n\n<p>Cientos de personas, m\u00fasica a todo volumen y largas colas en las embarcaciones para llegar al lugar son algunas de las im\u00e1genes que se dieron el pasado fin de semana en El Puntal de Somo, un espacio natural protegido que forma parte del municipio de Ribamont\u00e1n al Mar (Cantabria).<\/p>\n\n\n\n<h2 class=\"wp-block-heading\">Espacio protegido<\/h2>\n\n\n\n<p>El Puntal de Somo forma parte de la Zona Especial de Conservaci\u00f3n (ZEC) Dunas del Puntal y Estuario del Miera, en donde tambi\u00e9n se incluye la desembocadura del r\u00edo Miera en la r\u00eda de Cubas y las islas de Mouro y Santa Marina.<\/p>\n\n\n\n<figure class=\"wp-block-image\" id=\"attachment_236052\"><img data-recalc-dims=\"1\" decoding=\"async\" src=\"https:\/\/i0.wp.com\/efeverde.com\/wp-content\/uploads\/2025\/07\/OBJ_20240812T133320S0012I_1_1_1_15_8_2.jpg?w=640&#038;ssl=1\" alt=\"\" class=\"wp-image-236052\"\/><figcaption class=\"wp-element-caption\">Vista de la playa del Puntal, en Cantabria. EFE\/ Celia Ag\u00fcero Pereda<\/figcaption><\/figure>\n\n\n\n<p>El espacio, parte de la Red Natura 200, presenta 49 formaciones vegetales, de las cuales 20 son prioritarias y de inter\u00e9s comunitario, adem\u00e1s de albergar 9 taxones de fauna de especial inter\u00e9s.<\/p>\n\n\n\n<p>Unas concentraciones que no son nuevas -ya se dieron el a\u00f1o pasado- y que han provocado la denuncia de los partidos pol\u00edticos de la oposici\u00f3n y de Ecologistas en Acci\u00f3n.<\/p>\n\n\n\n<h2 class=\"wp-block-heading\">\u00abUn hecho lamentable\u00bb<\/h2>\n\n\n\n<p>Concretamente, esta organizaci\u00f3n ambiental ha considerado en un comunicado publicado este martes \u00abinadmisible\u00bb que se convierta El Puntal \u00aben un mierdal, con botellas, pl\u00e1sticos, restos de comida y colillas dispersos por la arena\u00bb.<\/p>\n\n\n\n<p>\u00abEste fin de semana hemos sido testigos de un hecho lamentable que vuelve a poner en riesgo la salud de nuestros ecosistemas costeros: una concentraci\u00f3n masiva de j\u00f3venes en El Puntal para consumir alcohol y \u00bfdivertirse?, dejando tras de s\u00ed toneladas de residuos\u00bb, han asegurado.<\/p>\n\n\n\n<p>Desde la organizaci\u00f3n han advertido que la playa \u00abno es un espacio recreativo sin normas\u00bb, sino \u00abun bien p\u00fablico de alto valor ambiental cuya conservaci\u00f3n es un deber colectivo\u00bb, por lo que \u00abno basta con enviar un equipo de limpieza al d\u00eda siguiente\u00bb.<\/p>\n\n\n\n<p>Este colectivo ha propuesto \u00abmedidas claras y aplicables\u00bb, como el aumento de la presencia de agentes&nbsp;medioambientales&nbsp;y Fuerzas de Seguridad, al tiempo que ha exigido \u00absanciones ejemplares\u00bb y responsabilidad \u00abcompartida\u00bb.<\/p>\n\n\n\n<h2 class=\"wp-block-heading\">Quejas de la oposici\u00f3n<\/h2>\n\n\n\n<p>En esta l\u00ednea, los partidos PSOE, IU y Cantabristas han lamentado el \u00abdescontrol\u00bb y han denunciado que la zona protegida se ha convertido \u00aben la Magaluf del norte\u00bb.<\/p>\n\n\n\n<p>El PSOE de Cantabria ha reclamado medidas urgentes para proteger el litoral de Cantabria \u00abante avalanchas de gente como las que ha sufrido El Puntal\u00bb, seg\u00fan los socialistas, \u00abcon m\u00e1s de 4.000 personas de botell\u00f3n\u00bb.<\/p>\n\n\n\n<p>Por su parte, Cantabristas ha se\u00f1alado en un comunicado que lleva a\u00f1os advirtiendo de que el modelo tur\u00edstico que han impulsado los principales partidos pol\u00edticos de Cantabria \u00abs\u00f3lo est\u00e1 sirviendo para llevar a la masificaci\u00f3n tur\u00edstica que ha esquilmado por completo ya zonas como las Islas Baleares o el Levante peninsular\u00bb.<\/p>\n\n\n\n<p>Este partido pol\u00edtico considera que estos partidos \u00abhan convertido una zona protegida en la Magaluf del norte\u00bb.<\/p>\n\n\n\n<p>Seg\u00fan ha recalcado esta formaci\u00f3n, las im\u00e1genes \u00abhablan por s\u00ed solas\u00bb. \u00abCentenares de turistas que vienen a nuestros entornos naturales a utilizarlos como su club privado y convertirlos en aut\u00e9nticos vertederos de basura, bolsas y pl\u00e1sticos\u00bb, ha lamentado.<\/p>\n\n\n\n<p>Junto a ellos, Izquierda Unida de Cantabria ha reclamado la creaci\u00f3n urgente de una mesa de instituciones que agrupe a todas las administraciones con competencias en el entorno de El Puntal \u00abpara poner fin al descontrol que vive este espacio natural y tur\u00edstico en los periodos estivales y extender la coordinaci\u00f3n a otros espacios y situaciones\u00bb.<\/p>\n\n\n\n<p>Mientras tanto, desde el consistorio municipal hablaban de \u00abhecatombe \u00bb el pasado s\u00e1bado, cuando el alcalde, Francisco As\u00f3n (Partido Regionalista de Cantabria), ya mostr\u00f3 a EFE su preocupaci\u00f3n por lo que estaba ocurriendo.<\/p>\n\n\n\n<p><\/p>\n\n\n\n<p>efeverde.com<\/p>\n","protected":false},"excerpt":{"rendered":"<p>Madrid\/Santander, 29 julio (EFE).- La concentraci\u00f3n masiva de j\u00f3venes para hacer botell\u00f3n durante el pasado fin de semana en El Puntal de Somo -un espacio natural protegido de Cantabria que forma parte de la Red Natura 2000- han convertido el lugar \u00aben un mierdal\u00bb, seg\u00fan Ecologistas en Acci\u00f3n, mientras que PSOE, IU y Cantabristas hablan [&hellip;]<\/p>\n","protected":false},"author":1,"featured_media":190261,"comment_status":"closed","ping_status":"closed","sticky":false,"template":"","format":"standard","meta":{"_acf_changed":false,"_jetpack_memberships_contains_paid_content":false,"footnotes":"","jetpack_publicize_message":"","jetpack_publicize_feature_enabled":true,"jetpack_social_post_already_shared":true,"jetpack_social_options":{"image_generator_settings":{"template":"highway","default_image_id":0,"font":"","enabled":false},"version":2}},"categories":[6],"tags":[],"class_list":["post-190260","post","type-post","status-publish","format-standard","has-post-thumbnail","hentry","category-ecologia"],"acf":[],"jetpack_publicize_connections":[],"jetpack_featured_media_url":"https:\/\/i0.wp.com\/sportseco.com\/wp-content\/uploads\/2025\/07\/GRAF636-ESPANA-EL-PUNTAL.jpg?fit=1579%2C1158&ssl=1","jetpack_sharing_enabled":true,"_links":{"self":[{"href":"https:\/\/sportseco.com\/index.php?rest_route=\/wp\/v2\/posts\/190260","targetHints":{"allow":["GET"]}}],"collection":[{"href":"https:\/\/sportseco.com\/index.php?rest_route=\/wp\/v2\/posts"}],"about":[{"href":"https:\/\/sportseco.com\/index.php?rest_route=\/wp\/v2\/types\/post"}],"author":[{"embeddable":true,"href":"https:\/\/sportseco.com\/index.php?rest_route=\/wp\/v2\/users\/1"}],"replies":[{"embeddable":true,"href":"https:\/\/sportseco.com\/index.php?rest_route=%2Fwp%2Fv2%2Fcomments&post=190260"}],"version-history":[{"count":1,"href":"https:\/\/sportseco.com\/index.php?rest_route=\/wp\/v2\/posts\/190260\/revisions"}],"predecessor-version":[{"id":190262,"href":"https:\/\/sportseco.com\/index.php?rest_route=\/wp\/v2\/posts\/190260\/revisions\/190262"}],"wp:featuredmedia":[{"embeddable":true,"href":"https:\/\/sportseco.com\/index.php?rest_route=\/wp\/v2\/media\/190261"}],"wp:attachment":[{"href":"https:\/\/sportseco.com\/index.php?rest_route=%2Fwp%2Fv2%2Fmedia&parent=190260"}],"wp:term":[{"taxonomy":"category","embeddable":true,"href":"https:\/\/sportseco.com\/index.php?rest_route=%2Fwp%2Fv2%2Fcategories&post=190260"},{"taxonomy":"post_tag","embeddable":true,"href":"https:\/\/sportseco.com\/index.php?rest_route=%2Fwp%2Fv2%2Ftags&post=190260"}],"curies":[{"name":"wp","href":"https:\/\/api.w.org\/{rel}","templated":true}]}}