{"id":190269,"date":"2025-07-30T08:48:08","date_gmt":"2025-07-30T12:48:08","guid":{"rendered":"https:\/\/sportseco.com\/?p=190269"},"modified":"2025-07-30T08:48:50","modified_gmt":"2025-07-30T12:48:50","slug":"dia-internacional-de-la-amistad-30-de-julio-6","status":"publish","type":"post","link":"https:\/\/sportseco.com\/?p=190269","title":{"rendered":"D\u00eda Internacional de la Amistad, 30 de julio"},"content":{"rendered":"\n<p><img data-recalc-dims=\"1\" decoding=\"async\" src=\"https:\/\/i0.wp.com\/www.un.org\/sites\/un2.un.org\/files\/styles\/banner-image-style-27-10\/public\/2025\/07\/uni636866.jpg?w=640&#038;ssl=1\" alt=\"Ni\u00f1as y ni\u00f1os sonrientes asomados por una ventana.\"\/><\/p>\n\n\n\n<p>La amistad es la respuesta a un mundo fracturado.<\/p>\n\n\n\n<p><strong>Foto:<\/strong>UNICEF\/UNI636866\/Suman Paul Himu<\/p>\n\n\n\n<h2 class=\"wp-block-heading\">La amistad: camino hacia la paz&nbsp;<\/h2>\n\n\n\n<p>En unos tiempos en los que el ruido de la divisi\u00f3n se hace cada vez m\u00e1s ensordecedor \u2014alimentado por guerras, conflictos, desigualdad y miedo\u2014, la amistad parece casi un acto&nbsp;radical en su sencillez. No llega con fanfarria ni pol\u00edticas; no necesita discursos ni firmas. Comienza con algo m\u00e1s silencioso: una conversaci\u00f3n, un momento compartido, la voluntad de vernos unos a otros no como extra\u00f1os, sino como compa\u00f1eros y compa\u00f1eras de camino en la vida.<\/p>\n\n\n\n<p>La celebraci\u00f3n de este a\u00f1o del D\u00eda Internacional de la Amistad, trata de recordar que la paz verdadera no se forja solo en las salas de negociaci\u00f3n o mediante la redacci\u00f3n de tratados, sino que construye poco a poco, en la confianza que nos otorgamos unos a otros en la vida cotidiana.<\/p>\n\n\n\n<p>La amistad, especialmente entre la gente joven, tiene un poder muy especial. Puede traspasar las barreras del idioma, la religi\u00f3n y la historia que, de otro modo, podr\u00edan dividirnos. Nos invita a escuchar antes de juzgar, a quedarnos cuando es m\u00e1s f\u00e1cil marcharse. Cuando se cultiva entre culturas y comunidades, la amistad se convierte en algo m\u00e1s que un v\u00ednculo: se convierte en un modelo para la reconciliaci\u00f3n. Nos ense\u00f1a que la comprensi\u00f3n no es un gran logro, sino un h\u00e1bito, una pr\u00e1ctica, una forma de moverse por el mundo que dice \u00abtu bienestar tambi\u00e9n me importa\u00bb.<\/p>\n\n\n\n<p>Este a\u00f1o, mientras el mundo se enfrenta a profundas fracturas \u2014entre naciones, en el seno de las sociedades e incluso en \u00e1mbito familiar\u2014, el llamamiento a la amistad no es solo cuesti\u00f3n sentimental. Es esencial. Se trata de superar lo que nos separa y atrevernos a creer en algo mejor. Es un llamamiento a imaginar un futuro en el que la diferencia no signifique distancia, en el que la confianza sea m\u00e1s fuerte que el miedo. A trav\u00e9s de la amistad, no solo afrontamos el mundo tal y como es, sino que empezamos a dar forma al mundo tal y como podr\u00eda ser.<\/p>\n\n\n\n<h3 class=\"wp-block-heading\">Antecedentes<\/h3>\n\n\n\n<p>La Asamblea General design\u00f3&nbsp;en 2011 el&nbsp;<a href=\"https:\/\/undocs.org\/es\/A\/RES\/65\/275\">D\u00eda Internacional de la Amistad<\/a>&nbsp;con la idea de que la amistad entre los pueblos, los pa\u00edses, las culturas y las personas puede inspirar iniciativas de paz y presenta una oportunidad de tender puentes entre las comunidades.&nbsp;<\/p>\n\n\n\n<p>Para conmemorar el D\u00eda Internacional de la Amistad, la ONU alienta a los gobiernos, las organizaciones internacionales y los grupos de la sociedad civil a celebrar eventos, actividades e iniciativas que contribuyan a los esfuerzos de la comunidad internacional para promover un di\u00e1logo entre civilizaciones, solidaridad, comprensi\u00f3n mutua y reconciliaci\u00f3n.<\/p>\n\n\n\n<p>La resoluci\u00f3n (<a href=\"https:\/\/undocs.org\/es\/A\/RES\/65\/275\">A\/RES\/65\/275<\/a>) pone un especial \u00e9nfasis en la importancia de implicar a los j\u00f3venes y a los futuros l\u00edderes en actividades comunitarias encaminadas a fomentar la inclusi\u00f3n de las distintas culturas y el respeto entre ellas, promoviendo a la vez la comprensi\u00f3n internacional y el respeto de la diversidad.<\/p>\n\n\n\n<p>El D\u00eda Internacional de la Amistad es una iniciativa que se remonta y parte de la propuesta hecha por la UNESCO tratada y aprobada por la Asamblea General de las Naciones Unidas en 1997 (<a href=\"https:\/\/undocs.org\/es\/A\/RES\/52\/13\">A\/RES\/52\/13<\/a>), que defini\u00f3 la Cultura de Paz como un conjunto de valores, actitudes, y conductas que rechazan la violencia y procuran prevenir los conflictos, abordando las causas profundas con el objetivo de resolverlos.&nbsp;<\/p>\n\n\n\n<p>Dos a\u00f1os despu\u00e9s se adoptar\u00eda la Declaraci\u00f3n y Programa de Acci\u00f3n sobre una Cultura de Paz (<a href=\"https:\/\/undocs.org\/es\/A\/RES\/53\/243\">A\/RES\/53\/243<\/a>), la cual&nbsp;estableci\u00f3 8 l\u00edneas de acci\u00f3n que las naciones, organismos y personas pueden emprender para que prevalezca una cultura de paz.<\/p>\n\n\n\n<p><\/p>\n\n\n\n<p>un.org<\/p>\n","protected":false},"excerpt":{"rendered":"<p>La amistad es la respuesta a un mundo fracturado. Foto:UNICEF\/UNI636866\/Suman Paul Himu La amistad: camino hacia la paz&nbsp; En unos tiempos en los que el ruido de la divisi\u00f3n se hace cada vez m\u00e1s ensordecedor \u2014alimentado por guerras, conflictos, desigualdad y miedo\u2014, la amistad parece casi un acto&nbsp;radical en su sencillez. No llega con fanfarria [&hellip;]<\/p>\n","protected":false},"author":1,"featured_media":190270,"comment_status":"closed","ping_status":"closed","sticky":false,"template":"","format":"standard","meta":{"_acf_changed":false,"_jetpack_memberships_contains_paid_content":false,"footnotes":"","jetpack_publicize_message":"","jetpack_publicize_feature_enabled":true,"jetpack_social_post_already_shared":true,"jetpack_social_options":{"image_generator_settings":{"template":"highway","default_image_id":0,"font":"","enabled":false},"version":2}},"categories":[6],"tags":[],"class_list":["post-190269","post","type-post","status-publish","format-standard","has-post-thumbnail","hentry","category-ecologia"],"acf":[],"jetpack_publicize_connections":[],"jetpack_featured_media_url":"https:\/\/i0.wp.com\/sportseco.com\/wp-content\/uploads\/2025\/07\/uni636866.jpg?fit=1350%2C500&ssl=1","jetpack_sharing_enabled":true,"_links":{"self":[{"href":"https:\/\/sportseco.com\/index.php?rest_route=\/wp\/v2\/posts\/190269","targetHints":{"allow":["GET"]}}],"collection":[{"href":"https:\/\/sportseco.com\/index.php?rest_route=\/wp\/v2\/posts"}],"about":[{"href":"https:\/\/sportseco.com\/index.php?rest_route=\/wp\/v2\/types\/post"}],"author":[{"embeddable":true,"href":"https:\/\/sportseco.com\/index.php?rest_route=\/wp\/v2\/users\/1"}],"replies":[{"embeddable":true,"href":"https:\/\/sportseco.com\/index.php?rest_route=%2Fwp%2Fv2%2Fcomments&post=190269"}],"version-history":[{"count":2,"href":"https:\/\/sportseco.com\/index.php?rest_route=\/wp\/v2\/posts\/190269\/revisions"}],"predecessor-version":[{"id":190272,"href":"https:\/\/sportseco.com\/index.php?rest_route=\/wp\/v2\/posts\/190269\/revisions\/190272"}],"wp:featuredmedia":[{"embeddable":true,"href":"https:\/\/sportseco.com\/index.php?rest_route=\/wp\/v2\/media\/190270"}],"wp:attachment":[{"href":"https:\/\/sportseco.com\/index.php?rest_route=%2Fwp%2Fv2%2Fmedia&parent=190269"}],"wp:term":[{"taxonomy":"category","embeddable":true,"href":"https:\/\/sportseco.com\/index.php?rest_route=%2Fwp%2Fv2%2Fcategories&post=190269"},{"taxonomy":"post_tag","embeddable":true,"href":"https:\/\/sportseco.com\/index.php?rest_route=%2Fwp%2Fv2%2Ftags&post=190269"}],"curies":[{"name":"wp","href":"https:\/\/api.w.org\/{rel}","templated":true}]}}