{"id":190296,"date":"2025-07-30T09:58:39","date_gmt":"2025-07-30T13:58:39","guid":{"rendered":"https:\/\/sportseco.com\/?p=190296"},"modified":"2025-07-30T09:58:49","modified_gmt":"2025-07-30T13:58:49","slug":"arranca-en-brasilia-la-conferencia-mundial-sobre-el-clima-y-la-salud","status":"publish","type":"post","link":"https:\/\/sportseco.com\/?p=190296","title":{"rendered":"Arranca en Brasilia la Conferencia Mundial sobre el Clima y la Salud"},"content":{"rendered":"\n<figure class=\"wp-block-image\"><img data-recalc-dims=\"1\" decoding=\"async\" src=\"https:\/\/i0.wp.com\/global.unitednations.entermediadb.net\/assets\/mediadb\/services\/module\/asset\/downloads\/preset\/Collections\/Embargoed\/11-07-2025-UNDP-Peru-agrobiodiversity-06.jpg\/image1170x530cropped.jpg?w=640&#038;ssl=1\" alt=\"Las fluctuaciones extremas en las precipitaciones como consecuencia de la crisis clim\u00e1tica han afectado significativamente a la agricultura y a los medios de vida de las comunidades del sureste de Per\u00fa.\" title=\"Las fluctuaciones extremas en las precipitaciones como consecuencia de la crisis clim\u00e1tica han afectado significativamente a la agricultura y a los medios de vida de las comunidades del sureste de Per\u00fa.\"\/><\/figure>\n\n\n\n<p>El encuentro busca situar la salud y la equidad en el centro de la agenda clim\u00e1tica<strong>&nbsp;<\/strong>y sirve como reuni\u00f3n preparatoria para la COP30 que tendr\u00e1 lugar en Bel\u00e9m do Par\u00e1, en Brasil.<\/p>\n\n\n\n<p>Este martes arranc\u00f3 en Brasilia, la capital de Brasil, un encuentro de tres d\u00edas sobre el clima y la salud.<\/p>\n\n\n\n<p>La&nbsp;<a href=\"https:\/\/www.who.int\/news-room\/events\/detail\/2025\/07\/29\/default-calendar\/2025-global-conference-on-climate-and-health\" target=\"_blank\" rel=\"noreferrer noopener\">Conferencia Mundial<\/a>&nbsp;debate formas de promover la salud como uno de los pilares de la acci\u00f3n clim\u00e1tica meses antes de la celebraci\u00f3n de la Conferencia de las Naciones Unidas sobre el Cambio Clim\u00e1tico (COP30), prevista para noviembre en Bel\u00e9m do Par\u00e1, Brasil.<\/p>\n\n\n\n<p>El evento, que re\u00fane a representantes de gobiernos, el sistema de las Naciones Unidas y ONG, busca que los participantes discutan sobre las pol\u00edticas de adaptaci\u00f3n sanitaria al&nbsp;<a href=\"https:\/\/news.un.org\/es\/news\/topic\/climate-change\">cambio clim\u00e1tico<\/a>&nbsp;y aborden los beneficios para la salud derivados de la acci\u00f3n clim\u00e1tica a nivel internacional y nacional.<\/p>\n\n\n\n<p>La organizaci\u00f3n de la Conferencia est\u00e1 a cargo del Gobierno de Brasil, la&nbsp;<a href=\"https:\/\/www.paho.org\/hq\/?lang=es\" target=\"_blank\" rel=\"noreferrer noopener\">Organizaci\u00f3n Panamericana de la Salud<\/a>&nbsp;(<a href=\"https:\/\/www.paho.org\/hq\/?lang=es\" target=\"_blank\" rel=\"noreferrer noopener\">OPS<\/a>), la&nbsp;<a href=\"http:\/\/www.who.int\/es\/\" target=\"_blank\" rel=\"noreferrer noopener\">Organizaci\u00f3n Mundial de la Salud<\/a>&nbsp;(<a href=\"http:\/\/www.who.int\/es\/\" target=\"_blank\" rel=\"noreferrer noopener\">OMS<\/a>) y la Alianza para la Acci\u00f3n Transformadora sobre el Clima y la Salud (ATACH).<\/p>\n\n\n\n<h2 class=\"wp-block-heading\">Construir sistemas de salud resilientes en el continente americano<\/h2>\n\n\n\n<p>Mientras Am\u00e9rica se enfrenta a temperaturas r\u00e9cord, brotes de enfermedades y fen\u00f3menos clim\u00e1ticos cada vez m\u00e1s destructivos, el director de la OPS pidi\u00f3 durante la inauguraci\u00f3n del evento que se tomen \u201cmedidas urgentes\u201d para&nbsp;<strong>situar la salud y la equidad en el centro de la agenda clim\u00e1tica.<\/strong><\/p>\n\n\n\n<p>\u201cLas poblaciones en situaci\u00f3n de vulnerabilidad son las m\u00e1s afectadas por estos impactos clim\u00e1ticos, aunque son las menos responsables de ellos\u201d, advirti\u00f3 Jarbas Barbosa.<\/p>\n\n\n\n<p>Barbosa tambi\u00e9n destac\u00f3 el apoyo de la OPS a los pa\u00edses en la construcci\u00f3n de sistemas de salud resilientes al clima.<\/p>\n\n\n\n<p>\u201cEstamos trabajando con los Estados Miembros para desarrollar planes nacionales de adaptaci\u00f3n en materia de salud, mejorar la infraestructura sanitaria, reforzar la vigilancia de las enfermedades sensibles al clima y elaborar medidas clave para anticipar, prevenir, prepararse y responder a los fen\u00f3menos relacionados con el clima y mitigar sus efectos sobre la salud\u201d, declar\u00f3. Para ampliar estos esfuerzos, enfatiz\u00f3 en la necesidad de apoyo financiero.<\/p>\n\n\n\n<h2 class=\"wp-block-heading\">Propuestas para el plan de Bel\u00e9m<\/h2>\n\n\n\n<p>Esta es la quinta Conferencia Global para analizar estrategias de la salud y el clima y contar\u00e1 con sesiones, talleres y mesas redondas sobre tres temas: vigilancia sanitaria, estrategia pol\u00edtica basada en la evidencia y capacitaci\u00f3n, e innovaci\u00f3n y producci\u00f3n.<\/p>\n\n\n\n<p>Las sesiones abordar\u00e1n distintos temas, como el \u00cdndice de Salud Ambiental Infantil; los efectos de la sequ\u00eda en los nacimientos, las hospitalizaciones y la mortalidad en Brasil; el derecho al aire limpio; un plan de cambio clim\u00e1tico y saludo andino (Bolivia, Chile, Colombia, Ecuador, Per\u00fa y Venezuela); el uso de la inteligencia artificial para crear sistemas de salud resilientes al clima; o la situaci\u00f3n de la Amazon\u00eda.<\/p>\n\n\n\n<p>Los resultados de los debates se integrar\u00e1n en las propuestas para el&nbsp;<a href=\"https:\/\/cdn.who.int\/media\/docs\/default-source\/climate-change\/en---belem-action-plan.pdf\" target=\"_blank\" rel=\"noreferrer noopener\">borrador del Plan de Bel\u00e9m sobre Acci\u00f3n para la Salud<\/a>, la hoja de ruta para integrar la salud en la pol\u00edtica clim\u00e1tica mundial.<\/p>\n\n\n\n<p><\/p>\n\n\n\n<p>news.un.org<\/p>\n","protected":false},"excerpt":{"rendered":"<p>El encuentro busca situar la salud y la equidad en el centro de la agenda clim\u00e1tica&nbsp;y sirve como reuni\u00f3n preparatoria para la COP30 que tendr\u00e1 lugar en Bel\u00e9m do Par\u00e1, en Brasil. Este martes arranc\u00f3 en Brasilia, la capital de Brasil, un encuentro de tres d\u00edas sobre el clima y la salud. La&nbsp;Conferencia Mundial&nbsp;debate formas [&hellip;]<\/p>\n","protected":false},"author":1,"featured_media":190297,"comment_status":"closed","ping_status":"closed","sticky":false,"template":"","format":"standard","meta":{"_acf_changed":false,"_jetpack_memberships_contains_paid_content":false,"footnotes":"","jetpack_publicize_message":"","jetpack_publicize_feature_enabled":true,"jetpack_social_post_already_shared":true,"jetpack_social_options":{"image_generator_settings":{"template":"highway","default_image_id":0,"font":"","enabled":false},"version":2}},"categories":[6],"tags":[],"class_list":["post-190296","post","type-post","status-publish","format-standard","has-post-thumbnail","hentry","category-ecologia"],"acf":[],"jetpack_publicize_connections":[],"jetpack_featured_media_url":"https:\/\/i0.wp.com\/sportseco.com\/wp-content\/uploads\/2025\/07\/image1170x530cropped-1-3.jpg?fit=1170%2C530&ssl=1","jetpack_sharing_enabled":true,"_links":{"self":[{"href":"https:\/\/sportseco.com\/index.php?rest_route=\/wp\/v2\/posts\/190296","targetHints":{"allow":["GET"]}}],"collection":[{"href":"https:\/\/sportseco.com\/index.php?rest_route=\/wp\/v2\/posts"}],"about":[{"href":"https:\/\/sportseco.com\/index.php?rest_route=\/wp\/v2\/types\/post"}],"author":[{"embeddable":true,"href":"https:\/\/sportseco.com\/index.php?rest_route=\/wp\/v2\/users\/1"}],"replies":[{"embeddable":true,"href":"https:\/\/sportseco.com\/index.php?rest_route=%2Fwp%2Fv2%2Fcomments&post=190296"}],"version-history":[{"count":1,"href":"https:\/\/sportseco.com\/index.php?rest_route=\/wp\/v2\/posts\/190296\/revisions"}],"predecessor-version":[{"id":190298,"href":"https:\/\/sportseco.com\/index.php?rest_route=\/wp\/v2\/posts\/190296\/revisions\/190298"}],"wp:featuredmedia":[{"embeddable":true,"href":"https:\/\/sportseco.com\/index.php?rest_route=\/wp\/v2\/media\/190297"}],"wp:attachment":[{"href":"https:\/\/sportseco.com\/index.php?rest_route=%2Fwp%2Fv2%2Fmedia&parent=190296"}],"wp:term":[{"taxonomy":"category","embeddable":true,"href":"https:\/\/sportseco.com\/index.php?rest_route=%2Fwp%2Fv2%2Fcategories&post=190296"},{"taxonomy":"post_tag","embeddable":true,"href":"https:\/\/sportseco.com\/index.php?rest_route=%2Fwp%2Fv2%2Ftags&post=190296"}],"curies":[{"name":"wp","href":"https:\/\/api.w.org\/{rel}","templated":true}]}}