{"id":190306,"date":"2025-07-30T10:50:30","date_gmt":"2025-07-30T14:50:30","guid":{"rendered":"https:\/\/sportseco.com\/?p=190306"},"modified":"2025-07-30T10:50:40","modified_gmt":"2025-07-30T14:50:40","slug":"dia-mundial-contra-la-trata-30-de-julio-4","status":"publish","type":"post","link":"https:\/\/sportseco.com\/?p=190306","title":{"rendered":"D\u00eda Mundial contra la Trata, 30 de julio"},"content":{"rendered":"\n<p><img data-recalc-dims=\"1\" decoding=\"async\" src=\"https:\/\/i0.wp.com\/www.un.org\/sites\/un2.un.org\/files\/styles\/banner-image-style-27-10\/public\/2025\/06\/organized-crime.jpg?w=640&#038;ssl=1\" alt=\"silueta de una figura de pie en un s\u00f3tano vac\u00edo\"\/><\/p>\n\n\n\n<p><strong>Foto:<\/strong>\u00a9 UNODC\/Laura Gil<\/p>\n\n\n\n<h2 class=\"wp-block-heading\">La trata es delincuencia organizada: acabemos con la explotaci\u00f3n<\/h2>\n\n\n\n<p>La trata de personas sigue siendo una lacra mundial perpetrada por la delincuencia organizada. Cada a\u00f1o aumenta el n\u00famero de v\u00edctimas, a distancias cada vez m\u00e1s largas, con mayor violencia, durante per\u00edodos m\u00e1s prolongados y con fines de obtener mayores lucros. Entre 2020 y 2023, se detectaron m\u00e1s de 200.000 v\u00edctimas en todo el mundo, lo que no es m\u00e1s que la punta del iceberg. Se cree que el n\u00famero real de casos no denunciados es significativamente mayor.<\/p>\n\n\n\n<p>Las redes delictivas organizadas impulsan esta victimizaci\u00f3n y explotaci\u00f3n, utilizando los flujos migratorios, las cadenas de suministro mundiales, las lagunas legales y econ\u00f3micas y las plataformas digitales para facilitar la trata transfronteriza a gran escala. Se benefician del trabajo forzoso, la explotaci\u00f3n sexual y la coacci\u00f3n para realizar actividades delictivas, como estafas en l\u00ednea y tr\u00e1fico de drogas.<\/p>\n\n\n\n<p><img data-recalc-dims=\"1\" decoding=\"async\" alt=\"Tarjeta del D\u00eda Mundial contra la Trata con el lema de 2025: La trata de personas es crimen organizado: acabemos con la explotaci\u00f3n\" src=\"https:\/\/i0.wp.com\/www.un.org\/sites\/un2.un.org\/files\/tipday_-_slogan_-_es.png?w=640&#038;ssl=1\"\/>A pesar de algunos avances, las respuestas de la justicia penal son insuficientes para hacer frente a este delito. Para poner fin a la trata, las fuerzas del orden deben aplicar leyes estrictas, llevar a cabo investigaciones proactivas, reforzar la cooperaci\u00f3n transfronteriza, centrarse en las finanzas delictivas y aprovechar la tecnolog\u00eda para identificar y desmantelar las redes de trata.<\/p>\n\n\n\n<p>Garantizar la justicia para los supervivientes implica que los responsables rindan cuentas y que se adopte un enfoque centrado en las v\u00edctimas en materia de protecci\u00f3n, apoyo y acceso a la justicia.<\/p>\n\n\n\n<p><a href=\"https:\/\/www.unodc.org\/unodc\/en\/endht\/index.html\">La campa\u00f1a de este a\u00f1o<\/a>&nbsp;destaca el papel crucial que desempe\u00f1an las fuerzas del orden y el sistema de justicia penal en el desmantelamiento de las redes de tr\u00e1fico organizado, y garantizar al mismo tiempo un enfoque centrado en las v\u00edctimas.<\/p>\n\n\n\n<p>Desde la Oficina de las Naciones Unidas contra la Droga y el Delito (<a href=\"https:\/\/www.unodc.org\/unodc\/es\/\">UNODC<\/a>), se anima&nbsp;especialmente a los organismos encargados de hacer cumplir la ley, incluidos los departamentos de polic\u00eda, los servicios de seguridad fronteriza, los organismos internacionales y los grupos de trabajo especializados, a que desempe\u00f1en un papel activo utilizando plataformas en l\u00ednea y llevando a cabo actividades de divulgaci\u00f3n presenciales en zonas muy transitadas, como los centros de transporte.&nbsp;<\/p>\n\n\n\n<figure class=\"wp-block-image\"><a href=\"https:\/\/www.unodc.org\/blueheart\/en\/-campaign-tools.html\"><img data-recalc-dims=\"1\" decoding=\"async\" src=\"https:\/\/i0.wp.com\/www.un.org\/sites\/un2.un.org\/files\/bh_logo_2lines_black_es.jpg?w=640&#038;ssl=1\" alt=\"Logo Coraz\u00f3n Azul\"\/><\/a><\/figure>\n\n\n\n<h3 class=\"wp-block-heading\">\u00bfPor qu\u00e9 el Coraz\u00f3n Azul?<\/h3>\n\n\n\n<p>El Coraz\u00f3n Azul representa la tristeza de quienes sufren la trata, al tiempo que nos recuerda la insensibilidad de aquellos que compran y venden a otros seres humanos.<\/p>\n\n\n\n<p><a href=\"https:\/\/www.unodc.org\/unodc\/en\/blueheart\/\">M\u00e1s informaci\u00f3n sobre la campa\u00f1a<\/a><\/p>\n\n\n\n<h3 class=\"wp-block-heading\">C\u00f3mo puedes participar:<\/h3>\n\n\n\n<ul class=\"wp-block-list\">\n<li>Comparte, dale a me gusta y comenta en los mensajes de las redes sociales para el D\u00eda Mundial con la etiqueta en ingl\u00e9s: #EndHumanTrafficking (#AcabarConLaTrata).<\/li>\n\n\n\n<li>Donar al Fondo Fiduciario Voluntario de las Naciones Unidas para las V\u00edctimas de la Trata, \u00f3rgano que brinda asistencia y protecci\u00f3n en el terreno a las v\u00edctimas de la trata.<\/li>\n\n\n\n<li>\u00danete a la Comunidad Coraz\u00f3n Azul o descubre\u00a0<a href=\"https:\/\/www.unodc.org\/unodc\/en\/blueheart\/join.html\">c\u00f3mo apoyar la campa\u00f1a<\/a>.<\/li>\n\n\n\n<li>Participa en el\u00a0<a href=\"https:\/\/www.unodc.org\/unodc\/en\/endht\/photo-challenge.html\">desaf\u00edo fotogr\u00e1fico<\/a>.<\/li>\n<\/ul>\n\n\n\n<h3 class=\"wp-block-heading\">Explotaci\u00f3n sexual, trabajo forzado, esclavitud&#8230;<\/h3>\n\n\n\n<p>El tr\u00e1fico de personas es un grave delito y una grave violaci\u00f3n de los derechos humanos. Cada a\u00f1o, miles de hombres, mujeres y ni\u00f1as y ni\u00f1os caen en las manos de traficantes, en sus propios pa\u00edses y en el extranjero. Pr\u00e1cticamente todos los pa\u00edses del mundo se ven afectados por el tr\u00e1fico, ya sea como pa\u00eds de origen, tr\u00e1nsito o destino de las v\u00edctimas. La Oficina de las Naciones Unidas contra la Droga y el Delito (UNODC), como garante de la Convenci\u00f3n contra el Crimen Organizado Transnacional y los Protocolos al respecto, asiste a los Estados en la aplicaci\u00f3n del&nbsp;<em><a href=\"http:\/\/www.unodc.org\/unodc\/en\/treaties\/CTOC\/index.html\">Protocolo para Prevenir, Reprimir y Sancionar la Trata<\/a>.<\/em><\/p>\n\n\n\n<p>En su art\u00edculo 3, este Protocolo Disponible en ingl\u00e9s define la trata como la captaci\u00f3n, el transporte, el traslado, la acogida o la recepci\u00f3n de personas, recurriendo a la amenaza o al uso de la fuerza u otras formas de coacci\u00f3n, al rapto, al fraude, al enga\u00f1o, al abuso de poder o de una situaci\u00f3n de vulnerabilidad o a la concesi\u00f3n o recepci\u00f3n de pagos o beneficios para obtener el consentimiento de una persona que tenga autoridad sobre otra, con fines de explotaci\u00f3n. Esa explotaci\u00f3n incluir\u00e1, como m\u00ednimo, la explotaci\u00f3n de la prostituci\u00f3n ajena u otras formas de explotaci\u00f3n sexual, los trabajos o servicios forzados, la esclavitud o las pr\u00e1cticas an\u00e1logas a la esclavitud, la servidumbre o la extracci\u00f3n de \u00f3rganos.<\/p>\n\n\n\n<p>El D\u00eda Mundial contra la Trata fue proclamado por la Asamblea General de las Naciones Unidas en la resoluci\u00f3n&nbsp;<a href=\"https:\/\/undocs.org\/es\/A\/RES\/68\/192\">A\/RES\/68\/192<\/a>.<\/p>\n\n\n\n<p><\/p>\n\n\n\n<p>un.org<\/p>\n","protected":false},"excerpt":{"rendered":"<p>Foto:\u00a9 UNODC\/Laura Gil La trata es delincuencia organizada: acabemos con la explotaci\u00f3n La trata de personas sigue siendo una lacra mundial perpetrada por la delincuencia organizada. Cada a\u00f1o aumenta el n\u00famero de v\u00edctimas, a distancias cada vez m\u00e1s largas, con mayor violencia, durante per\u00edodos m\u00e1s prolongados y con fines de obtener mayores lucros. Entre 2020 [&hellip;]<\/p>\n","protected":false},"author":1,"featured_media":190307,"comment_status":"closed","ping_status":"closed","sticky":false,"template":"","format":"standard","meta":{"_acf_changed":false,"_jetpack_memberships_contains_paid_content":false,"footnotes":"","jetpack_publicize_message":"","jetpack_publicize_feature_enabled":true,"jetpack_social_post_already_shared":true,"jetpack_social_options":{"image_generator_settings":{"template":"highway","default_image_id":0,"font":"","enabled":false},"version":2}},"categories":[6],"tags":[],"class_list":["post-190306","post","type-post","status-publish","format-standard","has-post-thumbnail","hentry","category-ecologia"],"acf":[],"jetpack_publicize_connections":[],"jetpack_featured_media_url":"https:\/\/i0.wp.com\/sportseco.com\/wp-content\/uploads\/2025\/07\/organized-crime.jpg?fit=1350%2C500&ssl=1","jetpack_sharing_enabled":true,"_links":{"self":[{"href":"https:\/\/sportseco.com\/index.php?rest_route=\/wp\/v2\/posts\/190306","targetHints":{"allow":["GET"]}}],"collection":[{"href":"https:\/\/sportseco.com\/index.php?rest_route=\/wp\/v2\/posts"}],"about":[{"href":"https:\/\/sportseco.com\/index.php?rest_route=\/wp\/v2\/types\/post"}],"author":[{"embeddable":true,"href":"https:\/\/sportseco.com\/index.php?rest_route=\/wp\/v2\/users\/1"}],"replies":[{"embeddable":true,"href":"https:\/\/sportseco.com\/index.php?rest_route=%2Fwp%2Fv2%2Fcomments&post=190306"}],"version-history":[{"count":1,"href":"https:\/\/sportseco.com\/index.php?rest_route=\/wp\/v2\/posts\/190306\/revisions"}],"predecessor-version":[{"id":190308,"href":"https:\/\/sportseco.com\/index.php?rest_route=\/wp\/v2\/posts\/190306\/revisions\/190308"}],"wp:featuredmedia":[{"embeddable":true,"href":"https:\/\/sportseco.com\/index.php?rest_route=\/wp\/v2\/media\/190307"}],"wp:attachment":[{"href":"https:\/\/sportseco.com\/index.php?rest_route=%2Fwp%2Fv2%2Fmedia&parent=190306"}],"wp:term":[{"taxonomy":"category","embeddable":true,"href":"https:\/\/sportseco.com\/index.php?rest_route=%2Fwp%2Fv2%2Fcategories&post=190306"},{"taxonomy":"post_tag","embeddable":true,"href":"https:\/\/sportseco.com\/index.php?rest_route=%2Fwp%2Fv2%2Ftags&post=190306"}],"curies":[{"name":"wp","href":"https:\/\/api.w.org\/{rel}","templated":true}]}}