{"id":190320,"date":"2025-07-30T11:40:32","date_gmt":"2025-07-30T15:40:32","guid":{"rendered":"https:\/\/sportseco.com\/?p=190320"},"modified":"2025-07-30T11:40:40","modified_gmt":"2025-07-30T15:40:40","slug":"porque-la-prevencion-es-de-todos-asi-se-alista-cali-ante-la-segunda-temporada-seca-del-ano","status":"publish","type":"post","link":"https:\/\/sportseco.com\/?p=190320","title":{"rendered":"Porque la prevenci\u00f3n es de todos: as\u00ed se alista Cali ante la segunda temporada seca del a\u00f1o"},"content":{"rendered":"\n<figure class=\"wp-block-image\"><img data-recalc-dims=\"1\" decoding=\"async\" src=\"https:\/\/i0.wp.com\/www.cali.gov.co\/info\/caligovco_se\/media\/pubInt\/thumbs\/thpubInt_700X400_188060.webp?w=640&#038;ssl=1\" alt=\"Porque la prevenci\u00f3n es de todos: as\u00ed se alista Cali ante la segunda temporada seca del a\u00f1o\" title=\"Porque la prevenci\u00f3n es de todos: as\u00ed se alista Cali ante la segunda temporada seca del a\u00f1o\"\/><\/figure>\n\n\n\n<ul class=\"wp-block-list\">\n<li><em>Se hace un llamado a la ciudadan\u00eda para que alerten a las autoridades por medio de las l\u00edneas 123 o 119 sobre cualquier incidente que pueda generar un incendio forestal.<\/em><\/li>\n<\/ul>\n\n\n\n<p>A pesar de que en Colombia no existen las estaciones como tal, a lo largo del a\u00f1o se presentan dos temporadas secas y dos de lluvias. En agosto, se presenta una de las temporadas donde las condiciones clim\u00e1ticas son propicias para la generaci\u00f3n y propagaci\u00f3n de incendios debido a las altas temperaturas y los fuertes vientos.<\/p>\n\n\n\n<p>Es por esto que, desde el Sistema Distrital para la Gesti\u00f3n del Riesgo de Santiago de Cali se hace un llamado para tomar medidas preventivas contra este tipo de incidentes que tanto afecta al medioambiente y a las comunidades rurales.<\/p>\n\n\n\n<p>Entre estas medidas se encuentran:<\/p>\n\n\n\n<ul class=\"wp-block-list\">\n<li><strong>No hacer quemas al aire libre<\/strong><\/li>\n\n\n\n<li><strong>Evitar las fogatas<\/strong><\/li>\n\n\n\n<li><strong>No arrojar basuras como botellas de vidrio o colillas de cigarrillo<\/strong><\/li>\n\n\n\n<li><strong>Evitar el uso de p\u00f3lvora.<\/strong><\/li>\n<\/ul>\n\n\n\n<p>\u201cAlrededor del 95 % de los incendios forestales son causados por la acci\u00f3n humana, ya sea intencional o no intencional. Nuestra zona rural de Cali, que representa el 78 % del territorio, limita con el Parque Nacional Natural Farallones y presenta factores de riesgo como la quema de basuras, ocupaci\u00f3n irregular del territorio y la presencia de vegetaci\u00f3n inflamable. En temporada seca nuestros suelos no est\u00e1n lo suficientemente h\u00famedos y la combinaci\u00f3n de factores puede detonar incendios forestales\u201d, advirti\u00f3 la secretaria de Gesti\u00f3n del Riesgo, Mar\u00eda Alexandra Pacheco Mu\u00f1oz.<\/p>\n\n\n\n<p>Seg\u00fan el Cuerpo de Bomberos de Cali, en lo que va del a\u00f1o, se han registrado ocho incendios de vegetaci\u00f3n en la zona rural de la ciudad, presentando un aumento, pues a la fecha, durante el 2024 no se hab\u00edan presentado este tipo de emergencias.<\/p>\n\n\n\n<p>Ante esto, desde el Sistema Distrital para la Gesti\u00f3n de Riesgo de Cali se trabaja para establecer medidas con el fin de prevenir este tipo de desastres.<\/p>\n\n\n\n<p>\u201cLa respuesta ante un incendio se articula con entidades como Bomberos, Defensa Civil, Cruz Roja, Polic\u00eda, Movilidad, y autoridades ambientales como el Dagma, la CVC y Parques Nacionales. Somos alrededor de 35 entidades que colaboramos entre nosotros, hacemos equipo, e integramos nuestras capacidades para proteger a Cali\u201d, afirm\u00f3 la secretaria Mar\u00eda Alexandra Pacheco Mu\u00f1oz.<\/p>\n\n\n\n<p>En el marco de la prevenci\u00f3n, desde la Secretar\u00eda de Gesti\u00f3n del Riesgo, se han realizado acciones para prevenir las conflagraciones, entre estas se encuentran labores de restauraci\u00f3n ecol\u00f3gica y monitoreo de puntos donde a\u00f1os anteriores hubo incendios.<\/p>\n\n\n\n<p>\u201cRevisamos estos puntos para sembrar especies arb\u00f3reas que cumplan una acci\u00f3n retardante del fuego, pues en algunos lugares donde hubo incendios encontramos especies arb\u00f3reas como el pino, una que no es nativa de nuestra regi\u00f3n y facilita la propagaci\u00f3n del fuego\u201d, mencion\u00f3 Pacheco Mu\u00f1oz.<\/p>\n\n\n\n<p>Finalmente, la funcionaria hizo un llamado claro: \u201cnunca llegamos a riesgo cero, pero por eso mismo es fundamental el compromiso de todos: el sistema institucional, los equipos comunitarios y la ciudadan\u00eda en general\u201d.<\/p>\n\n\n\n<p>Para denunciar cualquier sospecha de personas sospechosas de iniciar incendios se debe llamar al 123. Para atenci\u00f3n de emergencias, la l\u00ednea 119 de Bomberos.<\/p>\n\n\n\n<p><strong>Andr\u00e9s Juli\u00e1n Trujillo<\/strong><\/p>\n\n\n\n<p><strong>Oficina de Comunicaciones<\/strong><\/p>\n\n\n\n<p><strong>Alcald\u00eda de Santiago de Cali<\/strong><\/p>\n\n\n\n<p><\/p>\n\n\n\n<p>cali.gov.co<\/p>\n","protected":false},"excerpt":{"rendered":"<p>A pesar de que en Colombia no existen las estaciones como tal, a lo largo del a\u00f1o se presentan dos temporadas secas y dos de lluvias. En agosto, se presenta una de las temporadas donde las condiciones clim\u00e1ticas son propicias para la generaci\u00f3n y propagaci\u00f3n de incendios debido a las altas temperaturas y los fuertes [&hellip;]<\/p>\n","protected":false},"author":1,"featured_media":190321,"comment_status":"closed","ping_status":"closed","sticky":false,"template":"","format":"standard","meta":{"_acf_changed":false,"_jetpack_memberships_contains_paid_content":false,"footnotes":"","jetpack_publicize_message":"","jetpack_publicize_feature_enabled":true,"jetpack_social_post_already_shared":true,"jetpack_social_options":{"image_generator_settings":{"template":"highway","default_image_id":0,"font":"","enabled":false},"version":2}},"categories":[6],"tags":[],"class_list":["post-190320","post","type-post","status-publish","format-standard","has-post-thumbnail","hentry","category-ecologia"],"acf":[],"jetpack_publicize_connections":[],"jetpack_featured_media_url":"https:\/\/i0.wp.com\/sportseco.com\/wp-content\/uploads\/2025\/07\/thpubInt_700X400_188060.webp?fit=660%2C400&ssl=1","jetpack_sharing_enabled":true,"_links":{"self":[{"href":"https:\/\/sportseco.com\/index.php?rest_route=\/wp\/v2\/posts\/190320","targetHints":{"allow":["GET"]}}],"collection":[{"href":"https:\/\/sportseco.com\/index.php?rest_route=\/wp\/v2\/posts"}],"about":[{"href":"https:\/\/sportseco.com\/index.php?rest_route=\/wp\/v2\/types\/post"}],"author":[{"embeddable":true,"href":"https:\/\/sportseco.com\/index.php?rest_route=\/wp\/v2\/users\/1"}],"replies":[{"embeddable":true,"href":"https:\/\/sportseco.com\/index.php?rest_route=%2Fwp%2Fv2%2Fcomments&post=190320"}],"version-history":[{"count":1,"href":"https:\/\/sportseco.com\/index.php?rest_route=\/wp\/v2\/posts\/190320\/revisions"}],"predecessor-version":[{"id":190322,"href":"https:\/\/sportseco.com\/index.php?rest_route=\/wp\/v2\/posts\/190320\/revisions\/190322"}],"wp:featuredmedia":[{"embeddable":true,"href":"https:\/\/sportseco.com\/index.php?rest_route=\/wp\/v2\/media\/190321"}],"wp:attachment":[{"href":"https:\/\/sportseco.com\/index.php?rest_route=%2Fwp%2Fv2%2Fmedia&parent=190320"}],"wp:term":[{"taxonomy":"category","embeddable":true,"href":"https:\/\/sportseco.com\/index.php?rest_route=%2Fwp%2Fv2%2Fcategories&post=190320"},{"taxonomy":"post_tag","embeddable":true,"href":"https:\/\/sportseco.com\/index.php?rest_route=%2Fwp%2Fv2%2Ftags&post=190320"}],"curies":[{"name":"wp","href":"https:\/\/api.w.org\/{rel}","templated":true}]}}