{"id":190362,"date":"2025-07-31T09:28:55","date_gmt":"2025-07-31T13:28:55","guid":{"rendered":"https:\/\/sportseco.com\/?p=190362"},"modified":"2025-07-31T09:29:02","modified_gmt":"2025-07-31T13:29:02","slug":"conoce-a-flor-de-ebano-la-artista-creadora-del-afiche-del-festival-de-musica-del-pacifico-petronio-alvarez-2025","status":"publish","type":"post","link":"https:\/\/sportseco.com\/?p=190362","title":{"rendered":"Conoce a Flor de \u00c9bano, la artista creadora del afiche del Festival de M\u00fasica del Pac\u00edfico Petronio \u00c1lvarez 2025"},"content":{"rendered":"\n<figure class=\"wp-block-image\"><img data-recalc-dims=\"1\" decoding=\"async\" src=\"https:\/\/i0.wp.com\/www.cali.gov.co\/info\/caligovco_se\/media\/pubInt\/thumbs\/thpubInt_700X400_188077.webp?w=640&#038;ssl=1\" alt=\"Conoce a Flor de \u00c9bano, la artista creadora del afiche del Festival de M\u00fasica del Pac\u00edfico Petronio \u00c1lvarez 2025\" title=\"Conoce a Flor de \u00c9bano, la artista creadora del afiche del Festival de M\u00fasica del Pac\u00edfico Petronio \u00c1lvarez 2025\"\/><\/figure>\n\n\n\n<ul class=\"wp-block-list\">\n<li><em>La artista representar\u00e1 a Colombia pr\u00f3ximamente en una bienal de arte en Dakar, Senegal.<\/em><\/li>\n<\/ul>\n\n\n\n<p>Antonia G\u00f3mez Quintero, conocida art\u00edsticamente como Flor de \u00c9bano, es la creadora del afiche oficial del XXIX Festival de M\u00fasica del Pac\u00edfico Petronio \u00c1lvarez. Su obra es un homenaje visual a la transmisi\u00f3n generacional de saberes, la ancestralidad y la importancia de los manglares en el litoral Pac\u00edfico.<\/p>\n\n\n\n<p>\u201cHa sido muy ch\u00e9vere y gratificante saber que mi trabajo puede representar, a nivel gr\u00e1fico, todo lo que conlleva el Pac\u00edfico. Aqu\u00ed tengo la oportunidad de mostrar c\u00f3mo veo a la gente negra desde las artes visuales\u201d, afirma la artista.<\/p>\n\n\n\n<p>El afiche retrata un recorrido generacional: una ni\u00f1a o ni\u00f1o peque\u00f1o sostiene una planta \u2014s\u00edmbolo de la semilla del conocimiento\u2014 mientras es abrazado por el manglar. Una adolescente toca la marimba, un hombre mayor ejecuta un cununo hembra, y en la parte superior, una mayora representa la c\u00faspide de la sabidur\u00eda. Para Flor de \u00c9bano, esta composici\u00f3n que le tom\u00f3&nbsp; 58 horas de trabajo, es una forma de honrar la ancestralidad y las distintas etapas de la vida afrodescendiente.<\/p>\n\n\n\n<p>\u201cEs ch\u00e9vere que la Alcald\u00eda se permita conocer nuevos artistas. Hay muchas formas de narrar a la gente, a Cali, desde lo gr\u00e1fico. Es importante integrar a los artistas visuales de la ciudad para mostrar todo el talento que tenemos\u201d, agrega.<\/p>\n\n\n\n<p><strong>Artista del Afrofuturismo<\/strong><\/p>\n\n\n\n<figure class=\"wp-block-image\"><img data-recalc-dims=\"1\" decoding=\"async\" src=\"https:\/\/i0.wp.com\/www.cali.gov.co\/boletines\/publicaciones\/188077\/conoce-a-flor-de-ebano-la-artista-creadora-del-afiche-del-festival-de-musica-del-pacifico-petronio-alvarez-2025\/info\/caligovco_se\/media\/galeria326705.png?w=640&#038;ssl=1\" alt=\"C1\" title=\"C1\"\/><\/figure>\n\n\n\n<p><em>Atorretrato No.29 \u201cUna Santa er\u00f3tica Afrofuturista del siglo XXVII\u201d<\/em><\/p>\n\n\n\n<p>Licenciada en Artes Visuales de la Universidad del Valle, Antonia lleva cinco a\u00f1os explorando su identidad a trav\u00e9s de la est\u00e9tica afrofuturista: un movimiento que vincula la negritud, el territorio y las ra\u00edces ancestrales con visiones del futuro, teniendo en cuenta el contexto territorial.<\/p>\n\n\n\n<p>Su obra ha explorado diferentes narrativas visuales sobre la prietitud, especialmente desde la fotograf\u00eda y la ilustraci\u00f3n. Entre sus proyectos m\u00e1s originales se encuentra la resignificaci\u00f3n del pl\u00e1tano, un alimento esencial del Pac\u00edfico, transformado en materia prima para piezas art\u00edsticas.<\/p>\n\n\n\n<p>\u201cEmpez\u00f3 con unos aretes, y paso a paso comprend\u00ed que el pl\u00e1tano puede tener una vida \u00fatil mucho m\u00e1s larga. Es interesante ver c\u00f3mo puede pasar de ser un alimento cotidiano a convertirse en un material para vestir\u201d, explica.<\/p>\n\n\n\n<p><strong>Su proyecci\u00f3n internacional<\/strong><\/p>\n\n\n\n<p>Gracias a su propuesta innovadora y profundamente conectada con las ra\u00edces, Flor de \u00c9bano fue invitada a representar&nbsp; a Colombia en el&nbsp;<strong>Future Waves Afrofuturism 2.0 and the world,<\/strong>&nbsp;en Dakar, Senegal que se llevar\u00e1 a cabo en el mes de septiembre. Un festival multidisciplinario que re\u00fane artistas, dise\u00f1adores, cineastas, y dem\u00e1s profesionales en torno al vasto espectro de las artes afrodiasp\u00f3ricas.<\/p>\n\n\n\n<p>\u201cDoy gracias a la comunidad negra del distrito, que me ha abierto las puertas para seguir explorando mi negritud. Quiero dejarle un mensaje a la gente negra, joven y mayor: sigamos narr\u00e1ndonos como queramos, desde nuestras propias visiones\u201d, expresa.<\/p>\n\n\n\n<p>Para apoyar a la artista y encontrar m\u00e1s detalles de su trabajo, s\u00edganla en instragram como @flordeebano_<\/p>\n\n\n\n<figure class=\"wp-block-image\"><img data-recalc-dims=\"1\" decoding=\"async\" src=\"https:\/\/i0.wp.com\/www.cali.gov.co\/boletines\/publicaciones\/188077\/conoce-a-flor-de-ebano-la-artista-creadora-del-afiche-del-festival-de-musica-del-pacifico-petronio-alvarez-2025\/info\/caligovco_se\/media\/galeria326706.jpg?w=640&#038;ssl=1\" alt=\"C2\" title=\"C2\"\/><\/figure>\n\n\n\n<ul class=\"wp-block-list\">\n<li><a href=\"https:\/\/www.cali.gov.co\/boletines\/publicaciones\/188077\/conoce-a-flor-de-ebano-la-artista-creadora-del-afiche-del-festival-de-musica-del-pacifico-petronio-alvarez-2025\/#\"><\/a><a href=\"https:\/\/www.cali.gov.co\/boletines\/publicaciones\/188077\/conoce-a-flor-de-ebano-la-artista-creadora-del-afiche-del-festival-de-musica-del-pacifico-petronio-alvarez-2025\/#\"><\/a><\/li>\n\n\n\n<li><a href=\"https:\/\/www.cali.gov.co\/boletines\/publicaciones\/188077\/conoce-a-flor-de-ebano-la-artista-creadora-del-afiche-del-festival-de-musica-del-pacifico-petronio-alvarez-2025\/#\"><\/a><a href=\"https:\/\/www.cali.gov.co\/boletines\/publicaciones\/188077\/conoce-a-flor-de-ebano-la-artista-creadora-del-afiche-del-festival-de-musica-del-pacifico-petronio-alvarez-2025\/#\"><\/a><\/li>\n\n\n\n<li><a href=\"https:\/\/www.cali.gov.co\/boletines\/publicaciones\/188077\/conoce-a-flor-de-ebano-la-artista-creadora-del-afiche-del-festival-de-musica-del-pacifico-petronio-alvarez-2025\/#\"><\/a><a href=\"https:\/\/www.cali.gov.co\/boletines\/publicaciones\/188077\/conoce-a-flor-de-ebano-la-artista-creadora-del-afiche-del-festival-de-musica-del-pacifico-petronio-alvarez-2025\/#\"><\/a><\/li>\n\n\n\n<li><a href=\"https:\/\/www.cali.gov.co\/boletines\/publicaciones\/188077\/conoce-a-flor-de-ebano-la-artista-creadora-del-afiche-del-festival-de-musica-del-pacifico-petronio-alvarez-2025\/#\"><\/a><a href=\"https:\/\/www.cali.gov.co\/boletines\/publicaciones\/188077\/conoce-a-flor-de-ebano-la-artista-creadora-del-afiche-del-festival-de-musica-del-pacifico-petronio-alvarez-2025\/#\"><\/a><\/li>\n<\/ul>\n\n\n\n<p><strong>Geraldine Mu\u00f1oz Asprilla<\/strong><\/p>\n\n\n\n<p><strong>Oficina de Comunicaciones<\/strong><\/p>\n\n\n\n<p><strong>Alcald\u00eda de Santiago de Cali<\/strong><\/p>\n\n\n\n<p><\/p>\n\n\n\n<p><\/p>\n\n\n\n<p>cali.gov.co<\/p>\n","protected":false},"excerpt":{"rendered":"<p>Antonia G\u00f3mez Quintero, conocida art\u00edsticamente como Flor de \u00c9bano, es la creadora del afiche oficial del XXIX Festival de M\u00fasica del Pac\u00edfico Petronio \u00c1lvarez. Su obra es un homenaje visual a la transmisi\u00f3n generacional de saberes, la ancestralidad y la importancia de los manglares en el litoral Pac\u00edfico. \u201cHa sido muy ch\u00e9vere y gratificante saber [&hellip;]<\/p>\n","protected":false},"author":1,"featured_media":190363,"comment_status":"closed","ping_status":"closed","sticky":false,"template":"","format":"standard","meta":{"_acf_changed":false,"_jetpack_memberships_contains_paid_content":false,"footnotes":"","jetpack_publicize_message":"","jetpack_publicize_feature_enabled":true,"jetpack_social_post_already_shared":true,"jetpack_social_options":{"image_generator_settings":{"template":"highway","default_image_id":0,"font":"","enabled":false},"version":2}},"categories":[6],"tags":[],"class_list":["post-190362","post","type-post","status-publish","format-standard","has-post-thumbnail","hentry","category-ecologia"],"acf":[],"jetpack_publicize_connections":[],"jetpack_featured_media_url":"https:\/\/i0.wp.com\/sportseco.com\/wp-content\/uploads\/2025\/07\/galeria326706.jpg?fit=1000%2C1546&ssl=1","jetpack_sharing_enabled":true,"_links":{"self":[{"href":"https:\/\/sportseco.com\/index.php?rest_route=\/wp\/v2\/posts\/190362","targetHints":{"allow":["GET"]}}],"collection":[{"href":"https:\/\/sportseco.com\/index.php?rest_route=\/wp\/v2\/posts"}],"about":[{"href":"https:\/\/sportseco.com\/index.php?rest_route=\/wp\/v2\/types\/post"}],"author":[{"embeddable":true,"href":"https:\/\/sportseco.com\/index.php?rest_route=\/wp\/v2\/users\/1"}],"replies":[{"embeddable":true,"href":"https:\/\/sportseco.com\/index.php?rest_route=%2Fwp%2Fv2%2Fcomments&post=190362"}],"version-history":[{"count":1,"href":"https:\/\/sportseco.com\/index.php?rest_route=\/wp\/v2\/posts\/190362\/revisions"}],"predecessor-version":[{"id":190367,"href":"https:\/\/sportseco.com\/index.php?rest_route=\/wp\/v2\/posts\/190362\/revisions\/190367"}],"wp:featuredmedia":[{"embeddable":true,"href":"https:\/\/sportseco.com\/index.php?rest_route=\/wp\/v2\/media\/190363"}],"wp:attachment":[{"href":"https:\/\/sportseco.com\/index.php?rest_route=%2Fwp%2Fv2%2Fmedia&parent=190362"}],"wp:term":[{"taxonomy":"category","embeddable":true,"href":"https:\/\/sportseco.com\/index.php?rest_route=%2Fwp%2Fv2%2Fcategories&post=190362"},{"taxonomy":"post_tag","embeddable":true,"href":"https:\/\/sportseco.com\/index.php?rest_route=%2Fwp%2Fv2%2Ftags&post=190362"}],"curies":[{"name":"wp","href":"https:\/\/api.w.org\/{rel}","templated":true}]}}