{"id":190438,"date":"2025-08-01T11:57:36","date_gmt":"2025-08-01T15:57:36","guid":{"rendered":"https:\/\/sportseco.com\/?p=190438"},"modified":"2025-08-01T12:03:02","modified_gmt":"2025-08-01T16:03:02","slug":"richard-rios-celebra-primer-titulo-con-benfica","status":"publish","type":"post","link":"https:\/\/sportseco.com\/?p=190438","title":{"rendered":"Richard Rios celebra primer titulo con Benfica"},"content":{"rendered":"\n<p>\u00a1Una victoria justa! Bruno Lage consider\u00f3 al Benfica el mejor equipo sobre el terreno de juego en el choque contra el Sporting (0-1), tras ganar la d\u00e9cima Supercopa C\u00e2ndido de Oliveira el jueves 31 de julio, en un partido disputado en el Est\u00e1dio Algarve.<br \/>Akturkoglu<\/p>\n\n\n\n<p>FACTORES DETERMINANTES DE LA VICTORIA<\/p>\n\n\n\n<p>\u00abLa determinaci\u00f3n de los jugadores para preparar este partido en 15 d\u00edas fue decisiva. Ese fue el secreto. Y, por supuesto, el fant\u00e1stico apoyo de nuestra afici\u00f3n. Quer\u00edamos ganar el primer trofeo de la temporada. Eso es lo m\u00e1s importante. Ahora, la atenci\u00f3n se centra en la pr\u00f3xima ronda clasificatoria de la Champions League, que es una ronda preliminar muy importante para nosotros, porque la queremos de verdad, los jugadores la quieren de verdad y se merecen jugar en la Champions League. Ese es nuestro objetivo.\u00bb<\/p>\n\n\n\n<p>Sporting-Benfica<\/p>\n\n\n\n<p>PAPELES EN LOS TRASPASOS<\/p>\n\n\n\n<p>\u00abHe estado muy comprometido, al igual que el presidente y el director deportivo. Y eso fue lo que dije al final del partido contra el Bayern: que trabajar\u00edamos con calma, que traer\u00edamos a los jugadores que creo que este equipo merece y que necesitamos para crecer. Me compromet\u00ed con todos [los fichajes], con Enzo [Barrenechea], con [Richard] R\u00edos, con Ivanovic, que lleg\u00f3 hoy (jueves 31 de julio), a\u00fan no ha entrenado y ya se ha tomado fotos con sus compa\u00f1eros, con Obrador. En fin, estamos comprometidos con todos, con construir lo que creemos que es una plantilla fuerte. Adem\u00e1s, nadie conoce al jugador [Jo\u00e3o F\u00e9lix] mejor que yo. El jugador no vino; si quieren hablar de alguien llamado Jo\u00e3o, como dije, hablar\u00e9 de Jo\u00e3o Rego, Jo\u00e3o Veloso. Si quieren que hable de alguien llamado F\u00e9lix, tengo que\u2026 Hablar de Nuno, que est\u00e1 en casa, sufri\u00f3 una lesi\u00f3n grave y me gustar\u00eda que estuviera aqu\u00ed celebrando con el equipo. Eso es lo m\u00e1s importante: los que est\u00e1n aqu\u00ed. Dedic<\/p>\n\n\n\n<p>IMPORTANCIA DEL LOGRO<\/p>\n\n\n\n<p>\u00abCreo que ganamos con justicia. Fuimos mejores, ganamos, y eso es lo que cuenta para nosotros. Las cr\u00edticas, y cualquiera en esta posici\u00f3n, viendo c\u00f3mo han sido los \u00faltimos cuatro, cinco o seis entrenadores \u2014y me incluyo dos veces en ese grupo\u2014, siempre tenemos que estar abiertos a ellas. Este es un club enorme, y lo que m\u00e1s nos importa es el futuro. As\u00ed que ganamos el partido, tenemos 15 d\u00edas de trabajo, y lo que quiero decir es que, viendo al equipo y su juego, dur\u00f3 90 minutos, con solo 15 d\u00edas de trabajo. En otras palabras, con media docena de entrenamientos, haciendo el tercer entrenamiento, y d\u00e1ndome buenos indicadores. Pero no hay tiempo para respirar. Saben que, en medio de la euforia, y hay que reconocerle a los jugadores que se merecen y se merec\u00edan dos d\u00edas libres, pero solo tendr\u00e1n uno porque no tenemos tiempo que perder. Y el tiempo, en este momento, es nuestro enemigo; se dieron cuenta de eso\u00bb. Tenemos que volver al trabajo r\u00e1pido porque tenemos una ronda preliminar muy importante por delante, contra un rival dif\u00edcil (el Niza), y nosotros, el Club, nos lo merecemos. Estos jugadores se esfuerzan mucho para jugar, y quiero volver a jugar la Champions League con el Benfica. Festejos<\/p>\n\n\n\n<figure class=\"wp-block-image size-large\"><img data-recalc-dims=\"1\" loading=\"lazy\" decoding=\"async\" width=\"640\" height=\"393\" src=\"https:\/\/i0.wp.com\/sportseco.com\/wp-content\/uploads\/2025\/08\/supertaca-2025-39.jpg?resize=640%2C393&#038;ssl=1\" alt=\"\" class=\"wp-image-190440\" srcset=\"https:\/\/i0.wp.com\/sportseco.com\/wp-content\/uploads\/2025\/08\/supertaca-2025-39-scaled.jpg?resize=1030%2C633&amp;ssl=1 1030w, https:\/\/i0.wp.com\/sportseco.com\/wp-content\/uploads\/2025\/08\/supertaca-2025-39-scaled.jpg?resize=300%2C184&amp;ssl=1 300w, https:\/\/i0.wp.com\/sportseco.com\/wp-content\/uploads\/2025\/08\/supertaca-2025-39-scaled.jpg?resize=768%2C472&amp;ssl=1 768w, https:\/\/i0.wp.com\/sportseco.com\/wp-content\/uploads\/2025\/08\/supertaca-2025-39-scaled.jpg?resize=1536%2C944&amp;ssl=1 1536w, https:\/\/i0.wp.com\/sportseco.com\/wp-content\/uploads\/2025\/08\/supertaca-2025-39-scaled.jpg?resize=2048%2C1259&amp;ssl=1 2048w, https:\/\/i0.wp.com\/sportseco.com\/wp-content\/uploads\/2025\/08\/supertaca-2025-39-scaled.jpg?w=1280&amp;ssl=1 1280w, https:\/\/i0.wp.com\/sportseco.com\/wp-content\/uploads\/2025\/08\/supertaca-2025-39-scaled.jpg?w=1920&amp;ssl=1 1920w\" sizes=\"auto, (max-width: 640px) 100vw, 640px\" \/><\/figure>\n\n\n\n<p>IVANOVIC Y LO QUE SIENTES QUE FALTA EN ESTE MERCADO<\/p>\n\n\n\n<p>\u00ab[\u00bfD\u00f3nde encajar\u00eda Ivanovic en el equipo actual?] En el banquillo, o en la grada, como estaba (sonr\u00ede). No puedo responder a la pregunta del mercado, la responder\u00e9 cuando cierre. Ahora, repito, y lo repito, creo que es importante, y creo que se podr\u00eda construir algo a partir de eso y ver qu\u00e9 vamos a hacer. Nuestro mercado debe tener en cuenta las lesiones que hemos tenido, tanto las de Bah como las de Manu, la salida de algunos jugadores al final de sus contratos, la salida de jugadores cedidos y las nuevas incorporaciones al equipo. Y, ya que hablo de estos jugadores, tambi\u00e9n me gustar\u00eda recordar, porque formaron parte de este viaje y de este trofeo, que fue su trabajo el que nos trajo hasta aqu\u00ed, y tambi\u00e9n me gustar\u00eda compartir este trofeo con Andr\u00e9 Gomes, Adrian [Bajrami], \u00c1lvaro Carreras, K\u00f6kc\u00fc, Renato [Sanches], Zeki [Amdouni], Arthur [Cabral], Di Mar\u00eda y Belotti. Y, por supuesto, Louren\u00e7o Coelho y Ricardo Lemos.\u00bb<\/p>\n\n\n\n<p>Texto: Redacci\u00f3n<br \/>Fotos: T\u00e2nia Paulo y Vict\u00f3ria Ribeiro \/ SL Benfica<br \/>\u00daltima actualizaci\u00f3n: viernes 1 de agosto de 2025<\/p>\n\n\n\n<p><\/p>\n\n\n\n<p>slbenfica.pt<\/p>\n","protected":false},"excerpt":{"rendered":"<p>\u00a1Una victoria justa! Bruno Lage consider\u00f3 al Benfica el mejor equipo sobre el terreno de juego en el choque contra el Sporting (0-1), tras ganar la d\u00e9cima Supercopa C\u00e2ndido de Oliveira el jueves 31 de julio, en un partido disputado en el Est\u00e1dio Algarve.Akturkoglu FACTORES DETERMINANTES DE LA VICTORIA \u00abLa determinaci\u00f3n de los jugadores para [&hellip;]<\/p>\n","protected":false},"author":1,"featured_media":190439,"comment_status":"closed","ping_status":"closed","sticky":false,"template":"","format":"standard","meta":{"_acf_changed":false,"_jetpack_memberships_contains_paid_content":false,"footnotes":"","jetpack_publicize_message":"","jetpack_publicize_feature_enabled":true,"jetpack_social_post_already_shared":true,"jetpack_social_options":{"image_generator_settings":{"template":"highway","default_image_id":0,"font":"","enabled":false},"version":2}},"categories":[5],"tags":[],"class_list":["post-190438","post","type-post","status-publish","format-standard","has-post-thumbnail","hentry","category-futbol"],"acf":[],"jetpack_publicize_connections":[],"jetpack_featured_media_url":"https:\/\/i0.wp.com\/sportseco.com\/wp-content\/uploads\/2025\/08\/supertaca-2025-48-scaled.jpg?fit=2560%2C1662&ssl=1","jetpack_sharing_enabled":true,"_links":{"self":[{"href":"https:\/\/sportseco.com\/index.php?rest_route=\/wp\/v2\/posts\/190438","targetHints":{"allow":["GET"]}}],"collection":[{"href":"https:\/\/sportseco.com\/index.php?rest_route=\/wp\/v2\/posts"}],"about":[{"href":"https:\/\/sportseco.com\/index.php?rest_route=\/wp\/v2\/types\/post"}],"author":[{"embeddable":true,"href":"https:\/\/sportseco.com\/index.php?rest_route=\/wp\/v2\/users\/1"}],"replies":[{"embeddable":true,"href":"https:\/\/sportseco.com\/index.php?rest_route=%2Fwp%2Fv2%2Fcomments&post=190438"}],"version-history":[{"count":2,"href":"https:\/\/sportseco.com\/index.php?rest_route=\/wp\/v2\/posts\/190438\/revisions"}],"predecessor-version":[{"id":190442,"href":"https:\/\/sportseco.com\/index.php?rest_route=\/wp\/v2\/posts\/190438\/revisions\/190442"}],"wp:featuredmedia":[{"embeddable":true,"href":"https:\/\/sportseco.com\/index.php?rest_route=\/wp\/v2\/media\/190439"}],"wp:attachment":[{"href":"https:\/\/sportseco.com\/index.php?rest_route=%2Fwp%2Fv2%2Fmedia&parent=190438"}],"wp:term":[{"taxonomy":"category","embeddable":true,"href":"https:\/\/sportseco.com\/index.php?rest_route=%2Fwp%2Fv2%2Fcategories&post=190438"},{"taxonomy":"post_tag","embeddable":true,"href":"https:\/\/sportseco.com\/index.php?rest_route=%2Fwp%2Fv2%2Ftags&post=190438"}],"curies":[{"name":"wp","href":"https:\/\/api.w.org\/{rel}","templated":true}]}}