{"id":190450,"date":"2025-08-01T17:34:27","date_gmt":"2025-08-01T21:34:27","guid":{"rendered":"https:\/\/sportseco.com\/?p=190450"},"modified":"2025-08-01T17:34:33","modified_gmt":"2025-08-01T21:34:33","slug":"final-2025-brasil-busca-mantener-la-hegemonia-y-colombia-su-primer-grito-sagrado","status":"publish","type":"post","link":"https:\/\/sportseco.com\/?p=190450","title":{"rendered":"Final 2025: Brasil busca mantener la hegemon\u00eda y Colombia su primer grito sagrado"},"content":{"rendered":"\n<figure class=\"wp-block-image\"><img data-recalc-dims=\"1\" height=\"427\" width=\"640\" decoding=\"async\" src=\"https:\/\/i0.wp.com\/cdn.conmebol.com\/wp-content\/uploads\/2025\/08\/Finalistas_Web_COL_ES_2eaf6a709b-1024x683.webp?resize=640%2C427&#038;ssl=1\" alt=\"\" class=\"wp-image-411400\"\/><\/figure>\n\n\n\n<ul class=\"wp-block-list\">\n<li>Colombia y Brasil se enfrentar\u00e1n por el t\u00edtulo en la gran final de la CONMEBOL Copa Am\u00e9rica Femenina Ecuador 2025\u2122\ufe0f.<br \/><\/li>\n\n\n\n<li>El duelo ser\u00e1 el 2 de agosto a las 16:00h, en Quito.<br \/><\/li>\n\n\n\n<li>Argentina y Uruguay se medir\u00e1n este 1 de agosto, por el tercer puesto.<br \/><\/li>\n<\/ul>\n\n\n\n<p>La d\u00e9cima edici\u00f3n de la CONMEBOL Copa Am\u00e9rica Femenina Ecuador 2025\u2122\ufe0f conocer\u00e1 a la nueva campeona continental este s\u00e1bado 2 de agosto en Quito.<\/p>\n\n\n\n<figure class=\"wp-block-image size-large\"><img data-recalc-dims=\"1\" loading=\"lazy\" decoding=\"async\" width=\"640\" height=\"800\" src=\"https:\/\/i0.wp.com\/sportseco.com\/wp-content\/uploads\/2025\/08\/526486597_18276940597274692_3858998333912575660_n.jpg?resize=640%2C800&#038;ssl=1\" alt=\"\" class=\"wp-image-190452\" srcset=\"https:\/\/i0.wp.com\/sportseco.com\/wp-content\/uploads\/2025\/08\/526486597_18276940597274692_3858998333912575660_n.jpg?resize=824%2C1030&amp;ssl=1 824w, https:\/\/i0.wp.com\/sportseco.com\/wp-content\/uploads\/2025\/08\/526486597_18276940597274692_3858998333912575660_n.jpg?resize=240%2C300&amp;ssl=1 240w, https:\/\/i0.wp.com\/sportseco.com\/wp-content\/uploads\/2025\/08\/526486597_18276940597274692_3858998333912575660_n.jpg?resize=768%2C960&amp;ssl=1 768w, https:\/\/i0.wp.com\/sportseco.com\/wp-content\/uploads\/2025\/08\/526486597_18276940597274692_3858998333912575660_n.jpg?w=1080&amp;ssl=1 1080w\" sizes=\"auto, (max-width: 640px) 100vw, 640px\" \/><\/figure>\n\n\n\n<p>Las selecciones de Colombia y Brasil, que repiten la final de la edici\u00f3n 2022, se enfrentar\u00e1n por el t\u00edtulo en el estadio Rodrigo Paz Delgado, a las 16:00h (hora local).<\/p>\n\n\n\n<p>La&nbsp;<em>Canarinha<\/em>&nbsp;buscar\u00e1 su noveno t\u00edtulo, mientras que la selecci\u00f3n \u2018cafetera\u2019 pelear\u00e1 por su primera conquista.<\/p>\n\n\n\n<p>Este viernes 1 de agosto, Argentina y Uruguay, ya clasificados a los Juegos Panamericanos de Lima 2027, jugar\u00e1n por el tercer puesto a las 19:00h (hora local), en el Rodrigo Paz Delgado.<\/p>\n\n\n\n<p><br \/><br \/><strong>Argentina vs. Uruguay \u2013 Tercer Puesto<\/strong><\/p>\n\n\n\n<p><strong>Fecha:&nbsp;<\/strong>1 de agosto<\/p>\n\n\n\n<p><strong>Estadio:<\/strong>&nbsp;Rodrigo Paz Delgado<\/p>\n\n\n\n<p><strong>Hora:<\/strong>&nbsp;19:00h (hora local)<\/p>\n\n\n\n<p><strong>\u00c1rbitr<\/strong>a: Emikar Calderas (VEN)<\/p>\n\n\n\n<p><strong>\u00c1rbitra VAR:<\/strong>&nbsp;Milagros Arruela (PER)<\/p>\n\n\n\n<p><strong>Antecedentes:<\/strong><\/p>\n\n\n\n<p><strong>Antecedentes:<\/strong><\/p>\n\n\n\n<ul class=\"wp-block-list\">\n<li>Dos de las cuatro futbolistas con m\u00e1s participaciones en secuencias que finalizaron en remate en la CONMEBOL Copa Am\u00e9rica Femenina 2025\u2122\ufe0f pertenecen a Argentina: Florencia Bonsegundo est\u00e1 tercera con 21 y Yamila Rodriguez cuarta, con 20. Solo son superadas por Deyna Castellanos (Venezuela, 27) y Claudia Martinez (Paraguay, 22).<\/li>\n\n\n\n<li>Argentina tiene r\u00e9cord perfecto ante Uruguay en CONMEBOL Copa Am\u00e9rica Femenina\u2122\ufe0f, con seis triunfos en seis encuentros, incluyendo el 1-0 en la fase de grupos en la actual edici\u00f3n.<\/li>\n\n\n\n<li>Argentina busca repetir el tercer lugar que obtuvo en las \u00faltimas dos ediciones de CONMEBOL Copa Am\u00e9rica Femenina\u2122\ufe0f (2018 y 2022), tras no ocupar este lugar del podio en las seis participaciones previas. De lograrlo, ser\u00e1 el equipo con mayor cantidad de terceros puestos superando a Chile (2).<\/li>\n\n\n\n<li>Uruguay busca volver a estar en un podio en CONMEBOL Copa Am\u00e9rica Femenina\u2122\ufe0f por primera vez desde 2006, cuando justamente obtuvo la medalla de bronce en aquella edici\u00f3n.<\/li>\n\n\n\n<li>Esperanza Pizarro realiz\u00f3 cuatro traslados de pelota que finalizaron en un pase para remate de una compa\u00f1era. La uruguaya lidera en el rubro en la CONMEBOL Copa Am\u00e9rica Femenina 2025\u2122\ufe0f junto a la colombiana Mayra Ram\u00edrez.<\/li>\n<\/ul>\n\n\n\n<p><strong>Colombia vs. Brasil \u2013 Final<\/strong><\/p>\n\n\n\n<p><strong>Fecha:&nbsp;<\/strong>2 de agosto<\/p>\n\n\n\n<p><strong>Estadio:<\/strong>&nbsp;Rodrigo Paz Delgado<\/p>\n\n\n\n<p><strong>Hora:<\/strong>&nbsp;16:00h (hora local)<\/p>\n\n\n\n<p><strong>\u00c1rbitr<\/strong>a: Dione Rissios (CHI)<\/p>\n\n\n\n<p><strong>\u00c1rbitro VAR:<\/strong>&nbsp;Augusto Men\u00e9ndez (PER)<\/p>\n\n\n\n<p><strong>Antecedentes:<\/strong><\/p>\n\n\n\n<ul class=\"wp-block-list\">\n<li>Ninguna futbolista intent\u00f3 m\u00e1s regates en lo que va de la CONMEBOL Copa Am\u00e9rica Femenina 2025\u2122\ufe0f que Linda Caicedo, de Colombia. Hasta el momento, acumula 33 acciones de este tipo, con un \u00e9xito del 45% (15\/33).<\/li>\n\n\n\n<li>Brasil es el equipo que m\u00e1s remates realiz\u00f3 tras una recuperaci\u00f3n alta en la CONMEBOL Copa Am\u00e9rica Femenina 2025\u2122\ufe0f, con 11 en total. Solo la Canarinha (3) y Chile (2) tienen m\u00e1s de un gol producto de estos disparos.<\/li>\n\n\n\n<li>Brasil y Colombia se cruzaron en ocho oportunidades en CONMEBOL Copa Am\u00e9rica Femenina\u2122\ufe0f, con seis triunfos de Brasil y dos empates. La Canarinha, adem\u00e1s, no concede un gol de las Cafeteras en el torneo desde 2010, en un triunfo 2-1 (3V 2E).<\/li>\n\n\n\n<li>Colombia busca cortar una racha de siete partidos sin anotar m\u00e1s de un gol en fase final de CONMEBOL Copa Am\u00e9rica Femenina\u2122\ufe0f en cualquiera de sus formatos. La \u00faltima vez que lo logr\u00f3 fue un 2-1 ante Ecuador, en 2014.<\/li>\n\n\n\n<li>En este partido se enfrentan los dos equipos m\u00e1s efectivos a la hora de convertir sus remates a gol, excluyendo remates bloqueados en la CONMEBOL Copa Am\u00e9rica Femenina 2025\u2122\ufe0f: tanto Brasil como Colombia anotaron con el 25% de sus disparos.<\/li>\n\n\n\n<li>Leicy Santos (Colombia) es la jugadora en la actual CONMEBOL Copa Am\u00e9rica Femenina\u2122\ufe0f con m\u00e1s pases intentados en el campo rival. La jugadora del Washington Spirit acumula 116, con 71% de efectividad en esta zona del campo.<\/li>\n<\/ul>\n\n\n\n<p><br \/><br \/><strong>\u2013 Sistema de Asistencia Arbitral por Video (VAR) \u2013<\/strong><\/p>\n\n\n\n<p>Con el objetivo de seguir impulsando la justicia deportiva, la transparencia y las reglas claras, se har\u00e1 uso del Sistema de Asistencia Arbitral por Video (VAR) en todos los partidos de la Fase Final de la CONMEBOL Copa Am\u00e9rica Femenina Ecuador 2025\u2122\ufe0f (5to puesto, semifinales, tercer puesto y final).<\/p>\n\n\n\n<p><br \/><br \/><strong>\u2013&nbsp;Venta de Entradas \u2013<\/strong>https:\/\/www.instagram.com\/p\/DLsSJ4NMZDp\/embed\/captioned\/?cr=1&amp;v=14&amp;wp=1080&amp;rd=https%3A%2F%2Fwww.conmebol.com&amp;rp=%2Fnoticias%2Ffinal-2025-brasil-busca-mantener-la-hegemonia-y-colombia-su-primer-grito-sagrado%2F#%7B%22ci%22%3A1%2C%22os%22%3A345.2999999523163%2C%22ls%22%3A96.69999992847443%2C%22le%22%3A326.7999999523163%7D<\/p>\n\n\n\n<p>Las entradas ya est\u00e1n disponibles y pueden adquirirse a trav\u00e9s del siguiente enlace:<br \/><a href=\"https:\/\/copaamerica.com\/es\/copa-america-femenina-2025\/entradas\">https:\/\/copaamerica.com\/es\/copa-america-femenina-2025\/entradas<\/a>.<\/p>\n\n\n\n<p><br \/><br \/><strong>\u2013&nbsp;D\u00f3nde ver \u2013<\/strong>https:\/\/www.instagram.com\/p\/DL5tmkYu92J\/embed\/captioned\/?cr=1&amp;v=14&amp;wp=1080&amp;rd=https%3A%2F%2Fwww.conmebol.com&amp;rp=%2Fnoticias%2Ffinal-2025-brasil-busca-mantener-la-hegemonia-y-colombia-su-primer-grito-sagrado%2F#%7B%22ci%22%3A2%2C%22os%22%3A346.1999999284744%2C%22ls%22%3A96.69999992847443%2C%22le%22%3A326.7999999523163%7D<\/p>\n\n\n\n<p>Para conocer d\u00f3nde ver los partidos en tu pa\u00eds, consulta aqu\u00ed:<br \/><a href=\"https:\/\/copaamerica.com\/es\/novedades\/donde-ver-copa-america-femenina-2025-tv-streaming-todos-paises\">https:\/\/copaamerica.com\/es\/novedades\/donde-ver-copa-america-femenina-2025-tv-streaming-todos-paises<\/a>.<\/p>\n\n\n\n<p><br \/><strong>\u2013&nbsp;Sigue las Redes Sociales de la CONMEBOL Copa Am\u00e9rica Femenina 2025\u2122\ufe0f \u2013<\/strong><\/p>\n\n\n\n<p>\u00a1No te pierdas ning\u00fan detalle! Sigue la cobertura completa del torneo en siete plataformas oficiales, con contenido actualizado en espa\u00f1ol, portugu\u00e9s e ingl\u00e9s ingresando a este enlace:&nbsp;<a href=\"https:\/\/copaamerica.com\/es\/novedades\/sigue-la-conmebol-copa-america-femenina-2025-en-nuestras-redes-sociales\">https:\/\/copaamerica.com\/es\/novedades\/sigue-la-conmebol-copa-america-femenina-2025-en-nuestras-redes-sociales<\/a>,<\/p>\n\n\n\n<p><br \/><br \/><br \/><strong><em>CONMEBOL.com \/ OPTA<\/em><\/strong><\/p>\n","protected":false},"excerpt":{"rendered":"<p>La d\u00e9cima edici\u00f3n de la CONMEBOL Copa Am\u00e9rica Femenina Ecuador 2025\u2122\ufe0f conocer\u00e1 a la nueva campeona continental este s\u00e1bado 2 de agosto en Quito. Las selecciones de Colombia y Brasil, que repiten la final de la edici\u00f3n 2022, se enfrentar\u00e1n por el t\u00edtulo en el estadio Rodrigo Paz Delgado, a las 16:00h (hora local). La&nbsp;Canarinha&nbsp;buscar\u00e1 [&hellip;]<\/p>\n","protected":false},"author":1,"featured_media":190451,"comment_status":"closed","ping_status":"closed","sticky":false,"template":"","format":"standard","meta":{"_acf_changed":false,"_jetpack_memberships_contains_paid_content":false,"footnotes":"","jetpack_publicize_message":"","jetpack_publicize_feature_enabled":true,"jetpack_social_post_already_shared":true,"jetpack_social_options":{"image_generator_settings":{"template":"highway","default_image_id":0,"font":"","enabled":false},"version":2}},"categories":[5],"tags":[],"class_list":["post-190450","post","type-post","status-publish","format-standard","has-post-thumbnail","hentry","category-futbol"],"acf":[],"jetpack_publicize_connections":[],"jetpack_featured_media_url":"https:\/\/i0.wp.com\/sportseco.com\/wp-content\/uploads\/2025\/08\/MG_6998_16x9-1024x576-1.jpg?fit=1024%2C576&ssl=1","jetpack_sharing_enabled":true,"_links":{"self":[{"href":"https:\/\/sportseco.com\/index.php?rest_route=\/wp\/v2\/posts\/190450","targetHints":{"allow":["GET"]}}],"collection":[{"href":"https:\/\/sportseco.com\/index.php?rest_route=\/wp\/v2\/posts"}],"about":[{"href":"https:\/\/sportseco.com\/index.php?rest_route=\/wp\/v2\/types\/post"}],"author":[{"embeddable":true,"href":"https:\/\/sportseco.com\/index.php?rest_route=\/wp\/v2\/users\/1"}],"replies":[{"embeddable":true,"href":"https:\/\/sportseco.com\/index.php?rest_route=%2Fwp%2Fv2%2Fcomments&post=190450"}],"version-history":[{"count":1,"href":"https:\/\/sportseco.com\/index.php?rest_route=\/wp\/v2\/posts\/190450\/revisions"}],"predecessor-version":[{"id":190453,"href":"https:\/\/sportseco.com\/index.php?rest_route=\/wp\/v2\/posts\/190450\/revisions\/190453"}],"wp:featuredmedia":[{"embeddable":true,"href":"https:\/\/sportseco.com\/index.php?rest_route=\/wp\/v2\/media\/190451"}],"wp:attachment":[{"href":"https:\/\/sportseco.com\/index.php?rest_route=%2Fwp%2Fv2%2Fmedia&parent=190450"}],"wp:term":[{"taxonomy":"category","embeddable":true,"href":"https:\/\/sportseco.com\/index.php?rest_route=%2Fwp%2Fv2%2Fcategories&post=190450"},{"taxonomy":"post_tag","embeddable":true,"href":"https:\/\/sportseco.com\/index.php?rest_route=%2Fwp%2Fv2%2Ftags&post=190450"}],"curies":[{"name":"wp","href":"https:\/\/api.w.org\/{rel}","templated":true}]}}