{"id":190454,"date":"2025-08-01T17:50:12","date_gmt":"2025-08-01T21:50:12","guid":{"rendered":"https:\/\/sportseco.com\/?p=190454"},"modified":"2025-08-01T17:50:21","modified_gmt":"2025-08-01T21:50:21","slug":"primera-prueba-de-fuego-el-fc-bayern-recibe-al-olympique-de-lyon","status":"publish","type":"post","link":"https:\/\/sportseco.com\/?p=190454","title":{"rendered":"Primera prueba de fuego: El FC Bayern recibe al Olympique de Lyon"},"content":{"rendered":"\n<p>\u00a1Por fin empieza de nuevo! El partido amistoso contra el Olympique de Lyon supone el inicio del nuevo curso del FC Bayern. El s\u00e1bado a las 15:30 (CEST), el equipo dirigido por el entrenador&nbsp;<a href=\"https:\/\/fcbayern.com\/es\/teams\/first-team\/coaches-and-staff\/vincent-kompany\">Vincent Kompany<\/a>&nbsp;recibir\u00e1 en el Allianz Arena al hist\u00f3rico club franc\u00e9s en el primer amistos de la pretemporada 2025\/26.&nbsp;&nbsp;<\/p>\n\n\n\n<p><strong>Con una suscripci\u00f3n a&nbsp;<a href=\"https:\/\/fcbayern.com\/fcbayerntv\/de\/fc-bayern-tv-plus-abo\">FC Bayern TV PLUS<\/a>, podr\u00e1s ver el duelo contra el Olympique de Lyon en vivo y en exclusiva en<em>&nbsp;fcbayern.com<\/em>&nbsp;y en la app del FC Bayern.&nbsp;<\/strong><\/p>\n\n\n\n<figure class=\"wp-block-image\"><img data-recalc-dims=\"1\" decoding=\"async\" src=\"https:\/\/i0.wp.com\/img.fcbayern.com\/image\/upload\/f_auto\/q_auto\/ar_16%3A9%2Cc_fill%2Cg_custom%2Cw_1024\/v1754040943\/cms\/public\/images\/fcbayern-tv\/saison-25-26\/Videos\/250801-trailer-lyon.png?w=640&#038;ssl=1\" alt=\"Grafik mit den Logos des FC Bayern und von Olympique Lyon\"\/><\/figure>\n\n\n\n<p><a href=\"https:\/\/fcbayern.com\/fcbayerntv\/de\/video\/2025\/08\/video-trailer-fc-bayern-vs.-olympique-lyon-live-und-exklusiv-bei-fc-bayern-tv-plus\"><\/a><\/p>\n\n\n\n<h2 class=\"wp-block-heading\">As\u00ed llega el FC Bayern<\/h2>\n\n\n\n<p>Los jugadores del FC Bayern tuvieron tres semanas de descanso tras la derrota por 2-0 ante el Par\u00eds Saint-Germain en los cuartos de final del Mundial de Clubes. Desde principios de semana, los muniqueses se preparan para la nueva temporada. Tras los preceptivos reconocimientos m\u00e9dicos y pruebas de rendimiento,&nbsp;<a href=\"https:\/\/fcbayern.com\/es\/teams\/first-team\/harry-kane\">Harry Kane<\/a>,&nbsp;<a href=\"https:\/\/fcbayern.com\/es\/teams\/first-team\/michael-olise\">Michael Olise<\/a>&nbsp;y compa\u00f1\u00eda han completado hasta ahora tres sesiones de entrenamiento sobre el campo.<\/p>\n\n\n\n<p>El amistoso contra el Olympique de Lyon es la primera de tres duras pruebas antes del estreno en la Supercopa en el campo del VfB Stuttgart (16 de agosto). El nuevo fichaje&nbsp;<a href=\"https:\/\/fcbayern.com\/es\/teams\/first-team\/luis-diaz\">Luis D\u00edaz<\/a>&nbsp;tambi\u00e9n estar\u00e1 en la convocatoria para el amistoso contra el equipo franc\u00e9s. El colombiano ha fichado por el campe\u00f3n r\u00e9cord alem\u00e1n procedente del Liverpool FC y est\u00e1 con el equipo desde el mi\u00e9rcoles.&nbsp;<\/p>\n\n\n\n<p><a href=\"http:\/\/tickets.fcbayern.com\/internetverkauf\/start.aspx\" target=\"_blank\" rel=\"noreferrer noopener\">FC Bayern &#8211; Lyon: Consigue ya tu entrada<\/a><\/p>\n\n\n\n<figure class=\"wp-block-image\"><img data-recalc-dims=\"1\" decoding=\"async\" src=\"https:\/\/i0.wp.com\/img.fcbayern.com\/image\/upload\/f_auto\/q_auto\/ar_16%3A9%2Cc_fill%2Cg_custom%2Cw_1024\/v1754036270\/cms\/public\/images\/fcbayern-com\/homepage\/Saison-25-26\/Spieler\/Olise\/250730-luis-diaz-mel.jpg?w=640&#038;ssl=1\" alt=\"Luis D\u00edaz se r\u00ede durante el entrenamiento del FC Bayern\"\/><figcaption class=\"wp-element-caption\">Luis D\u00edaz se incorpor\u00f3 el mi\u00e9rcoles al equipo del FC Bayern. | \u00a9 FC Bayern<\/figcaption><\/figure>\n\n\n\n<h2 class=\"wp-block-heading\">As\u00ed llega el Olympique Lyon<\/h2>\n\n\n\n<p>El FC Bayern &#8211; Olympique de Lyon tiene una gran historia en el f\u00fatbol europeo. Ambos clubes ya se han enfrentado dos veces en una semifinal de la Champions League (2010 y 2020), y en ambas ocasiones el FCB lleg\u00f3 a la final. En total, los muniqueses se han enfrentado diez veces al siete veces campe\u00f3n de Francia en la categor\u00eda reina (6 victorias, 2 empates y 2 derrotas).<\/p>\n\n\n\n<p>La temporada pasada, el Lyon alcanz\u00f3 los cuartos de final de la Europa League y acab\u00f3 en sexta posici\u00f3n en la Ligue 1.&nbsp;<em>Los Gones<\/em>&nbsp;se clasificaron as\u00ed de nuevo para la Europa League. La nueva direcci\u00f3n del club logr\u00f3 evitar recientemente la amenaza del descenso. Corentin Tolisso, ex jugador del FCB, forma parte de la plantilla. El campe\u00f3n del mundo en 2018 visti\u00f3 la camiseta muniquesa desde 2017 hasta 2022 y gan\u00f3 cinco campeonatos alemanes con el Bayern formando parte adem\u00e1s del equipo en el hist\u00f3rico a\u00f1o del sextete.<\/p>\n\n\n\n<figure class=\"wp-block-image\"><img data-recalc-dims=\"1\" decoding=\"async\" src=\"https:\/\/i0.wp.com\/img.fcbayern.com\/image\/upload\/f_auto\/q_auto\/ar_16%3A9%2Cc_fill%2Cg_custom%2Cw_1024\/v1754037363\/cms\/public\/images\/fcbayern-com\/homepage\/saison-19-20\/galerien\/spiele\/lyon-fcb\/07_lyon-fcb_200819_don.jpg?w=640&#038;ssl=1\" alt=\"Serge Gnabry dispara a puerta durante el partido contra el Lyon.\"\/><figcaption class=\"wp-element-caption\">El FC Bayern y Serge Gnabry derrotaron al Olympique de Lyon por 3-0 en semifinales en su camino hacia el t\u00edtulo de la Champions League 2020. | \u00a9 FC Bayern<\/figcaption><\/figure>\n\n\n\n<h2 class=\"wp-block-heading\">FC Bayern vs. Olympique Lyon &#8211; EN VIVO y en exclusiva en FC Bayern TV PLUS<\/h2>\n\n\n\n<p>Aficionados del Bayern, \u00a1ATENTOS! Con una suscripci\u00f3n a&nbsp;<a href=\"https:\/\/fcbayern.com\/fcbayerntv\/de\/fc-bayern-tv-plus-abo\">FC Bayern TV PLUS<\/a>, podr\u00e1s ver el duelo contra el Olympique de Lyon en vivo y en exclusiva en nuestra p\u00e1gina web&nbsp;<em>fcbayern.com<\/em>&nbsp;y en la app del FC Bayern a partir de las 15:20 (CEST) del s\u00e1bado.<\/p>\n\n\n\n<p><em>Toda la informaci\u00f3n sobre los partidos amistosos en FC Bayern TV PLUS:<\/em><\/p>\n\n\n\n<p><\/p>\n\n\n\n<p>fcbayern.com<\/p>\n","protected":false},"excerpt":{"rendered":"<p>\u00a1Por fin empieza de nuevo! El partido amistoso contra el Olympique de Lyon supone el inicio del nuevo curso del FC Bayern. El s\u00e1bado a las 15:30 (CEST), el equipo dirigido por el entrenador&nbsp;Vincent Kompany&nbsp;recibir\u00e1 en el Allianz Arena al hist\u00f3rico club franc\u00e9s en el primer amistos de la pretemporada 2025\/26.&nbsp;&nbsp; Con una suscripci\u00f3n a&nbsp;FC [&hellip;]<\/p>\n","protected":false},"author":1,"featured_media":190455,"comment_status":"closed","ping_status":"closed","sticky":false,"template":"","format":"standard","meta":{"_acf_changed":false,"_jetpack_memberships_contains_paid_content":false,"footnotes":"","jetpack_publicize_message":"","jetpack_publicize_feature_enabled":true,"jetpack_social_post_already_shared":true,"jetpack_social_options":{"image_generator_settings":{"template":"highway","default_image_id":0,"font":"","enabled":false},"version":2}},"categories":[5],"tags":[],"class_list":["post-190454","post","type-post","status-publish","format-standard","has-post-thumbnail","hentry","category-futbol"],"acf":[],"jetpack_publicize_connections":[],"jetpack_featured_media_url":"https:\/\/sportseco.com\/wp-content\/uploads\/2025\/08\/250730-luis-diaz-mel.avif","jetpack_sharing_enabled":true,"_links":{"self":[{"href":"https:\/\/sportseco.com\/index.php?rest_route=\/wp\/v2\/posts\/190454","targetHints":{"allow":["GET"]}}],"collection":[{"href":"https:\/\/sportseco.com\/index.php?rest_route=\/wp\/v2\/posts"}],"about":[{"href":"https:\/\/sportseco.com\/index.php?rest_route=\/wp\/v2\/types\/post"}],"author":[{"embeddable":true,"href":"https:\/\/sportseco.com\/index.php?rest_route=\/wp\/v2\/users\/1"}],"replies":[{"embeddable":true,"href":"https:\/\/sportseco.com\/index.php?rest_route=%2Fwp%2Fv2%2Fcomments&post=190454"}],"version-history":[{"count":1,"href":"https:\/\/sportseco.com\/index.php?rest_route=\/wp\/v2\/posts\/190454\/revisions"}],"predecessor-version":[{"id":190456,"href":"https:\/\/sportseco.com\/index.php?rest_route=\/wp\/v2\/posts\/190454\/revisions\/190456"}],"wp:featuredmedia":[{"embeddable":true,"href":"https:\/\/sportseco.com\/index.php?rest_route=\/wp\/v2\/media\/190455"}],"wp:attachment":[{"href":"https:\/\/sportseco.com\/index.php?rest_route=%2Fwp%2Fv2%2Fmedia&parent=190454"}],"wp:term":[{"taxonomy":"category","embeddable":true,"href":"https:\/\/sportseco.com\/index.php?rest_route=%2Fwp%2Fv2%2Fcategories&post=190454"},{"taxonomy":"post_tag","embeddable":true,"href":"https:\/\/sportseco.com\/index.php?rest_route=%2Fwp%2Fv2%2Ftags&post=190454"}],"curies":[{"name":"wp","href":"https:\/\/api.w.org\/{rel}","templated":true}]}}