{"id":190527,"date":"2025-08-03T09:25:42","date_gmt":"2025-08-03T13:25:42","guid":{"rendered":"https:\/\/sportseco.com\/?p=190527"},"modified":"2025-08-03T09:25:48","modified_gmt":"2025-08-03T13:25:48","slug":"lideres-mundiales-se-preparan-para-una-conferencia-historica-de-la-onu-en-turkmenistan","status":"publish","type":"post","link":"https:\/\/sportseco.com\/?p=190527","title":{"rendered":"L\u00edderes mundiales se preparan para una conferencia hist\u00f3rica de la ONU en Turkmenist\u00e1n"},"content":{"rendered":"\n<figure class=\"wp-block-image\"><img data-recalc-dims=\"1\" decoding=\"async\" src=\"https:\/\/i0.wp.com\/global.unitednations.entermediadb.net\/assets\/mediadb\/services\/module\/asset\/downloads\/preset\/Libraries\/Production%20Library\/22-02-22_UNSPLASH_Sergio_Arze.jpg\/image1170x530cropped.jpg?w=640&#038;ssl=1\" alt=\"El Alto, en la provincia de Pedro Domingo Murillo, en Bolivia, un pa\u00eds sin litoral.\" title=\"El Alto, en la provincia de Pedro Domingo Murillo, en Bolivia, un pa\u00eds sin litoral.\"\/><\/figure>\n\n\n\n<p>Este mes de agosto, jefes de Estado, ministros, inversores y l\u00edderes de la sociedad civil se reunir\u00e1n en Awaza, en la costa caspia de Turkmenist\u00e1n, para una conferencia \u00fanica de la ONU que busca reestructurar el sistema global en apoyo de 32 pa\u00edses en desarrollo sin litoral, cuyas econom\u00edas a menudo se ven excluidas de oportunidades debido a su falta de acceso al mar.<\/p>\n\n\n\n<p>Con el respaldo del nuevo Programa de Acci\u00f3n de Awaza, la&nbsp;<a href=\"https:\/\/www.un.org\/es\/landlocked\" target=\"_blank\" rel=\"noreferrer noopener\">Tercera Conferencia de las Naciones Unidas sobre Pa\u00edses en Desarrollo Sin Litoral&nbsp;<\/a>(LLDC3) impulsar\u00e1 un tr\u00e1nsito m\u00e1s libre, corredores comerciales m\u00e1s inteligentes, una mayor resiliencia econ\u00f3mica y nueva financiaci\u00f3n para mejorar las perspectivas de desarrollo de los 570 millones de personas que viven en esos pa\u00edses.<\/p>\n\n\n\n<p>Para las naciones sin litoral, la geograf\u00eda ha dictado su destino desde hace mucho tiempo.<\/p>\n\n\n\n<p>Los costos del comercio son hasta un 74% m\u00e1s altos que el promedio mundial y el transporte de mercanc\u00edas a trav\u00e9s de las fronteras puede tardar el doble que en los pa\u00edses costeros. Como resultado, los pa\u00edses sin litoral se quedan con tan solo el 1,2% del comercio mundial.<\/p>\n\n\n\n<p>Y en medio de los cambios econ\u00f3micos mundiales, estos pa\u00edses se enfrentan al enorme riesgo de quedar rezagados.<\/p>\n\n\n\n<p>\u201cLa conferencia es una oportunidad crucial para revertir esta tendencia\u201d, declar\u00f3 Rabab Fatima, alta representante de la ONU para los Pa\u00edses en Desarrollo Sin Litoral.<\/p>\n\n\n\n<p>\u201cEn esencia, se centra en las personas: en los millones de ni\u00f1os que carecen de internet o herramientas digitales, en los agricultores que no pueden llevar sus productos al mercado debido al mal estado de las carreteras y en los emprendedores cuyos sue\u00f1os se ven frenados por los retrasos fronterizos y el acceso limitado al financiamiento\u201d.<\/p>\n\n\n\n<h2 class=\"wp-block-heading\">Participaci\u00f3n amplia<\/h2>\n\n\n\n<p>El evento, que durar\u00e1 cuatro d\u00edas, del 5 al 8 de agosto, incluir\u00e1 sesiones plenarias, cinco mesas redondas de alto nivel y un Foro del Sector Privado centrado en la creaci\u00f3n de alianzas y el impulso a la inversi\u00f3n.<\/p>\n\n\n\n<p>Foros espec\u00edficos con parlamentarios, mujeres l\u00edderes, la sociedad civil y j\u00f3venes representar\u00e1n las voces de toda la sociedad en el centro de los debates.<\/p>\n\n\n\n<p>Se espera la asistencia del&nbsp;<a href=\"https:\/\/www.un.org\/sg\/es\">Secretario General<\/a>, Ant\u00f3nio Guterres, lo que subraya la urgencia de la agenda.<\/p>\n\n\n\n<h2 class=\"wp-block-heading\">El Programa de Acci\u00f3n Awaza<\/h2>\n\n\n\n<p>Un elemento central de la conferencia es el Programa de Acci\u00f3n Awaza para 2024-2034, adoptado por la&nbsp;<a href=\"https:\/\/www.un.org\/es\/ga\/about\/index.shtml\">Asamblea General<\/a>&nbsp;de la ONU en diciembre.<\/p>\n\n\n\n<p>Este programa establece cinco \u00e1reas prioritarias: transformaci\u00f3n estructural, infraestructura y conectividad, facilitaci\u00f3n del comercio, integraci\u00f3n regional y desarrollo de la resiliencia, respaldadas por cinco iniciativas emblem\u00e1ticas.<\/p>\n\n\n\n<p>Las iniciativas incluyen:<\/p>\n\n\n\n<ul class=\"wp-block-list\">\n<li>Un mecanismo global de inversi\u00f3n en infraestructura para cerrar las brechas de financiamiento<\/li>\n\n\n\n<li>Centros regionales de investigaci\u00f3n agr\u00edcola para impulsar la seguridad alimentaria<\/li>\n\n\n\n<li>Un panel de alto nivel de la ONU sobre libertad de tr\u00e1nsito, que garantice la fluidez de los flujos transfronterizos<\/li>\n\n\n\n<li>Iniciativas de conectividad digital para reducir la brecha digital<\/li>\n\n\n\n<li>Un programa de trabajo espec\u00edfico sobre comercio para los pa\u00edses en desarrollo sin litoral en la Organizaci\u00f3n Mundial del Comercio<\/li>\n<\/ul>\n\n\n\n<h2 class=\"wp-block-heading\">Turkmenist\u00e1n<\/h2>\n\n\n\n<p>Para Turkmenist\u00e1n, ser anfitri\u00f3n del c\u00f3nclave LLDC3 representa tanto un hito diplom\u00e1tico como una declaraci\u00f3n de intenciones.<\/p>\n\n\n\n<p>\u201cNos enorgullece celebrarla en la costa del Mar Caspio, en Turkmenist\u00e1n\u201d, dijo Aksoltan Ataeva, embajadora de ese pa\u00eds ante la ONU.<\/p>\n\n\n\n<p>\u201cEsperamos darles la bienvenida a todos a Awaza para una conferencia transformadora y orientada a la acci\u00f3n que sit\u00faa a los pa\u00edses sin litoral en el centro de las alianzas globales\u201d, apunt\u00f3.<\/p>\n\n\n\n<p>Los organizadores prometen instalaciones de vanguardia, muestras culturales y espacios de&nbsp;<em>networking&nbsp;<\/em>dise\u00f1ados para impulsar la colaboraci\u00f3n. Los delegados tambi\u00e9n experimentar\u00e1n de primera mano el patrimonio turcomano, desde el arte local hasta la gastronom\u00eda del Caspio.<\/p>\n\n\n\n<h2 class=\"wp-block-heading\">El panorama general<\/h2>\n\n\n\n<p>Para los pa\u00edses en desarrollo sin litoral, lo que est\u00e1 en juego es existencial.<\/p>\n\n\n\n<p>Estos pa\u00edses se encuentran entre los m\u00e1s vulnerables al clima, los menos conectados y los m\u00e1s alejados de las cadenas de valor globales. Sin acciones contundentes, el progreso en la Agenda 2030 para el Desarrollo Sostenible seguir\u00e1 siendo inalcanzable.<\/p>\n\n\n\n<p>\u201cEl destino de la humanidad est\u00e1 inseparablemente ligado al destino de estos pa\u00edses\u201d, afirm\u00f3 Diego Pacheco, embajador de Bolivia, quien actualmente preside el Grupo de Pa\u00edses en Desarrollo sin Litoral en la ONU.<\/p>\n\n\n\n<p>Juntos, podemos liberar el potencial de los pa\u00edses sin litoral en desarrollo, no solo para el beneficio de nuestras naciones, sino para el futuro compartido de toda la humanidad y la Madre Tierra, acot\u00f3.<\/p>\n\n\n\n<p>Al comenzar la cuenta regresiva para Awaza, las expectativas son altas; no se trata de si la geograf\u00eda importa (que s\u00ed importa), sino de si la solidaridad global puede trascender sus l\u00edmites.<\/p>\n\n\n\n<p>La Conferencia LLDC3 busca demostrar que s\u00ed puede.<\/p>\n\n\n\n<p><\/p>\n\n\n\n<p><\/p>\n\n\n\n<p>news.un.org<\/p>\n","protected":false},"excerpt":{"rendered":"<p>Este mes de agosto, jefes de Estado, ministros, inversores y l\u00edderes de la sociedad civil se reunir\u00e1n en Awaza, en la costa caspia de Turkmenist\u00e1n, para una conferencia \u00fanica de la ONU que busca reestructurar el sistema global en apoyo de 32 pa\u00edses en desarrollo sin litoral, cuyas econom\u00edas a menudo se ven excluidas de [&hellip;]<\/p>\n","protected":false},"author":1,"featured_media":190528,"comment_status":"closed","ping_status":"closed","sticky":false,"template":"","format":"standard","meta":{"_acf_changed":false,"_jetpack_memberships_contains_paid_content":false,"footnotes":"","jetpack_publicize_message":"","jetpack_publicize_feature_enabled":true,"jetpack_social_post_already_shared":true,"jetpack_social_options":{"image_generator_settings":{"template":"highway","default_image_id":0,"font":"","enabled":false},"version":2}},"categories":[6],"tags":[],"class_list":["post-190527","post","type-post","status-publish","format-standard","has-post-thumbnail","hentry","category-ecologia"],"acf":[],"jetpack_publicize_connections":[],"jetpack_featured_media_url":"https:\/\/i0.wp.com\/sportseco.com\/wp-content\/uploads\/2025\/08\/image1170x530cropped-1.jpg?fit=1170%2C530&ssl=1","jetpack_sharing_enabled":true,"_links":{"self":[{"href":"https:\/\/sportseco.com\/index.php?rest_route=\/wp\/v2\/posts\/190527","targetHints":{"allow":["GET"]}}],"collection":[{"href":"https:\/\/sportseco.com\/index.php?rest_route=\/wp\/v2\/posts"}],"about":[{"href":"https:\/\/sportseco.com\/index.php?rest_route=\/wp\/v2\/types\/post"}],"author":[{"embeddable":true,"href":"https:\/\/sportseco.com\/index.php?rest_route=\/wp\/v2\/users\/1"}],"replies":[{"embeddable":true,"href":"https:\/\/sportseco.com\/index.php?rest_route=%2Fwp%2Fv2%2Fcomments&post=190527"}],"version-history":[{"count":1,"href":"https:\/\/sportseco.com\/index.php?rest_route=\/wp\/v2\/posts\/190527\/revisions"}],"predecessor-version":[{"id":190529,"href":"https:\/\/sportseco.com\/index.php?rest_route=\/wp\/v2\/posts\/190527\/revisions\/190529"}],"wp:featuredmedia":[{"embeddable":true,"href":"https:\/\/sportseco.com\/index.php?rest_route=\/wp\/v2\/media\/190528"}],"wp:attachment":[{"href":"https:\/\/sportseco.com\/index.php?rest_route=%2Fwp%2Fv2%2Fmedia&parent=190527"}],"wp:term":[{"taxonomy":"category","embeddable":true,"href":"https:\/\/sportseco.com\/index.php?rest_route=%2Fwp%2Fv2%2Fcategories&post=190527"},{"taxonomy":"post_tag","embeddable":true,"href":"https:\/\/sportseco.com\/index.php?rest_route=%2Fwp%2Fv2%2Ftags&post=190527"}],"curies":[{"name":"wp","href":"https:\/\/api.w.org\/{rel}","templated":true}]}}