{"id":190536,"date":"2025-08-03T09:52:44","date_gmt":"2025-08-03T13:52:44","guid":{"rendered":"https:\/\/sportseco.com\/?p=190536"},"modified":"2025-08-03T09:53:46","modified_gmt":"2025-08-03T13:53:46","slug":"calendario-lunar-de-agosto-2025-que-dias-cortar-tu-cabello-cuando-depilarte-y-mas","status":"publish","type":"post","link":"https:\/\/sportseco.com\/?p=190536","title":{"rendered":"Calendario lunar de agosto 2025: qu\u00e9 d\u00edas cortar tu cabello, cu\u00e1ndo depilarte y m\u00e1s"},"content":{"rendered":"\n<h2 class=\"wp-block-heading\">Las mejores fechas del calendario lunar agosto 2025 para cuidar cabello y piel, y disfrutar del espect\u00e1culo celeste de la Luna del Esturi\u00f3n.<\/h2>\n\n\n\n<p><a href=\"https:\/\/i0.wp.com\/ecoosfera.com\/wp-content\/uploads\/2025\/08\/1-6.jpg?fit=1920%2C1080&amp;ssl=1\"><\/a><\/p>\n\n\n\n<figure class=\"wp-block-image\"><a href=\"https:\/\/i0.wp.com\/ecoosfera.com\/wp-content\/uploads\/2025\/08\/1-6.jpg?fit=1920%2C1080&amp;ssl=1\"><img decoding=\"async\" src=\"https:\/\/i0.wp.com\/ecoosfera.com\/wp-content\/uploads\/2025\/08\/1-6.jpg?resize=750%2C375&amp;ssl=1\" alt=\"Calendario lunar agosto 2025\" title=\"Calendario lunar de agosto 2025: qu\u00e9 d\u00edas cortar tu cabello, cu\u00e1ndo depilarte y m\u00e1s 1\"\/><\/a><\/figure>\n\n\n\n<p><a href=\"https:\/\/i0.wp.com\/ecoosfera.com\/wp-content\/uploads\/2025\/08\/1-6.jpg?fit=1920%2C1080&amp;ssl=1\"><\/a><\/p>\n\n\n<div class=\"wp-block-image\">\n<figure class=\"aligncenter\"><img decoding=\"async\" src=\"https:\/\/i0.wp.com\/ecoosfera.com\/wp-content\/uploads\/2025\/08\/5-5.jpg?resize=1920%2C1080&amp;ssl=1\" alt=\"Calendario lunar agosto 2025\" class=\"wp-image-153227\" title=\"Calendario lunar de agosto 2025: qu\u00e9 d\u00edas cortar tu cabello, cu\u00e1ndo depilarte y m\u00e1s 5\"\/><\/figure>\n<\/div>\n\n\n<p>Agosto est\u00e1 aqu\u00ed y, como siempre, llega acompa\u00f1ado de cielos despejados, noches c\u00e1lidas y espect\u00e1culos astron\u00f3micos que no querr\u00e1s perderte. Pero m\u00e1s all\u00e1 de la belleza visual de eventos como la&nbsp;<a href=\"https:\/\/ecoosfera.com\/sci-innovacion\/llegar-luna-mitos-alunizaje\/\">Luna<\/a>&nbsp;del Esturi\u00f3n y la lluvia de las Perseidas, \u00bfsab\u00edas que las fases lunares tambi\u00e9n influyen en los mejores d\u00edas para cortarte el pelo o depilarte?<\/p>\n\n\n\n<h2 class=\"wp-block-heading\">\u00bfCu\u00e1les son las fases lunares en agosto 2025?<\/h2>\n\n\n\n<p>Agosto comienza con la&nbsp;<a href=\"https:\/\/ecoosfera.com\/cosmos\/tierra-6-mini-lunas-minimoons-fragmentos\/\">Luna<\/a>&nbsp;en cuarto creciente el d\u00eda viernes 1, pasando a Luna llena (conocida como la Luna del Esturi\u00f3n) el s\u00e1bado 9, luego cuarto menguante el s\u00e1bado 16, luna nueva el s\u00e1bado 23 y cerrando de nuevo con cuarto creciente el domingo 31.<\/p>\n\n\n\n<p>Estas fases no solo embellecen el cielo nocturno, sino que tambi\u00e9n tienen efectos comprobados sobre el crecimiento y vitalidad de nuestro cabello y vello corporal. Cada fase lunar tiene su propia energ\u00eda y efectos espec\u00edficos sobre nuestro organismo, algo que puedes aprovechar para planificar rutinas de belleza personal.<\/p>\n\n\n\n<h3 class=\"wp-block-heading\">\u00bfCu\u00e1ndo cortarte el pelo para que crezca m\u00e1s fuerte?<\/h3>\n\n\n\n<p>Si buscas fortalecer tu cabello y hacer que crezca m\u00e1s saludable, la clave est\u00e1 en cort\u00e1rtelo en d\u00edas espec\u00edficos del calendario lunar llamados&nbsp;<strong>\u201cd\u00edas ra\u00edz\u201d<\/strong>. Estas fechas son ideales porque la Luna se encuentra en \u00f3rbita descendente, potenciando un crecimiento capilar fuerte y revitalizado:<\/p>\n\n\n\n<ul class=\"wp-block-list\">\n<li><strong>Viernes 1 de agosto<\/strong>: toda la ma\u00f1ana hasta las 13:00 horas.<\/li>\n\n\n\n<li><strong>Lunes 25 de agosto<\/strong>: desde las 4:00 hasta las 19:00 horas.<\/li>\n\n\n\n<li><strong>Martes 26 de agosto<\/strong>: desde las 7:00 hasta las 17:00 horas.<\/li>\n\n\n\n<li><strong>Mi\u00e9rcoles 27 de agosto<\/strong>: todo el d\u00eda (desde las 5:00 horas).<\/li>\n<\/ul>\n\n\n\n<p>En estos d\u00edas, el corte de pelo revitaliza la ra\u00edz capilar, por lo que tu cabello crecer\u00e1 m\u00e1s fuerte y resistente.<\/p>\n\n\n\n<h3 class=\"wp-block-heading\">Fechas ideales para depilarte seg\u00fan el calendario lunar<\/h3>\n\n\n\n<p>\u00bfQuieres que tu depilaci\u00f3n dure m\u00e1s tiempo y debilite gradualmente el vello corporal? El calendario lunar tambi\u00e9n tiene una respuesta para eso. Los d\u00edas ideales son los conocidos como&nbsp;<strong>\u201cd\u00edas flor\u201d<\/strong>, momentos en los que la Luna est\u00e1 descendente y ejerce una influencia inhibitoria sobre el vello:<\/p>\n\n\n\n<ul class=\"wp-block-list\">\n<li><strong>Viernes 1 de agosto<\/strong>: desde las 16:00 horas en adelante.<\/li>\n\n\n\n<li><strong>S\u00e1bado 2 de agosto<\/strong>: todo el d\u00eda completo es excelente.<\/li>\n\n\n\n<li><strong>Lunes 18 de agosto<\/strong>: a partir de las 21:00 horas por la noche.<\/li>\n\n\n\n<li><strong>Martes 19 de agosto<\/strong>: todo el d\u00eda es \u00f3ptimo.<\/li>\n\n\n\n<li><strong>Mi\u00e9rcoles 20 de agosto<\/strong>: hasta las 21:00 horas.<\/li>\n\n\n\n<li><strong>S\u00e1bado 30 de agosto<\/strong>: desde las 4:00 hasta las 11:00 horas de la ma\u00f1ana.<\/li>\n<\/ul>\n\n\n\n<p>Estos d\u00edas espec\u00edficos son ideales para debilitar progresivamente el vello, haciendo que cada sesi\u00f3n de depilaci\u00f3n sea m\u00e1s efectiva y duradera.<\/p>\n\n\n\n<h3 class=\"wp-block-heading\">Luna del Esturi\u00f3n y Perseidas: belleza m\u00e1s all\u00e1 del cuerpo<\/h3>\n\n\n\n<p>El s\u00e1bado&nbsp;<strong>9 de agosto<\/strong>&nbsp;podr\u00e1s disfrutar de la espectacular Luna llena, conocida tradicionalmente como la&nbsp;<a href=\"https:\/\/ecoosfera.com\/cosmos\/guia-luna-llena-esturion-2025-agosto\/\"><strong>Luna del Esturi\u00f3n<\/strong>.<\/a>&nbsp;Adem\u00e1s, entre el 11 y el 12 de agosto podr\u00e1s observar la famosa&nbsp;<strong>lluvia de estrellas Perseidas<\/strong>. Este espect\u00e1culo celeste no solo ser\u00e1 un regalo para tus ojos, sino que tradicionalmente se asocia a renovaci\u00f3n, inspiraci\u00f3n y deseos cumplidos. Una excusa perfecta para hacerte un ritual personal de belleza nocturna bajo las estrellas.<\/p>\n\n\n\n<h3 class=\"wp-block-heading\">Alineaciones planetarias y conjunciones: magia en el cielo de agosto<\/h3>\n\n\n\n<p>No olvides mirar el cielo el lunes&nbsp;<strong>11 de agosto<\/strong>, ya que tendr\u00e1s una alineaci\u00f3n planetaria de seis planetas, visible en la madrugada. Mercurio, J\u00fapiter, Venus y Saturno podr\u00e1n verse claramente a simple vista. Un motivo m\u00e1s para disfrutar de una belleza que va mucho m\u00e1s all\u00e1 de nuestro aspecto f\u00edsico. Adem\u00e1s, durante el mes podr\u00e1s observar&nbsp;<strong>varias conjunciones<\/strong>&nbsp;interesantes, como la del 20 de agosto, cuando una Luna menguante muy delgada se encontrar\u00e1 con Venus justo antes del amanecer, formando una escena incre\u00edblemente hermosa.<\/p>\n\n\n\n<p>Agosto ofrece m\u00faltiples oportunidades, no solo para mejorar tu belleza externa, sino tambi\u00e9n para&nbsp;<strong>recargar tu energ\u00eda interior<\/strong>&nbsp;bajo un firmamento fascinante. Ya sea cort\u00e1ndote el cabello para fortalecerlo, depil\u00e1ndote para prolongar sus efectos o disfrutando de la&nbsp;<a href=\"https:\/\/ecoosfera.com\/cosmos\/20-julio-1969-dia-de-la-luna-origen-historia\/\">Luna<\/a>&nbsp;llena y las Perseidas, agosto es el mes ideal para conectar con la Luna y aprovechar toda su poderosa influencia en tu belleza y bienestar personal.<\/p>\n\n\n\n<p><\/p>\n\n\n\n<p>ecoosfera.com<\/p>\n","protected":false},"excerpt":{"rendered":"<p>Las mejores fechas del calendario lunar agosto 2025 para cuidar cabello y piel, y disfrutar del espect\u00e1culo celeste de la Luna del Esturi\u00f3n. Agosto est\u00e1 aqu\u00ed y, como siempre, llega acompa\u00f1ado de cielos despejados, noches c\u00e1lidas y espect\u00e1culos astron\u00f3micos que no querr\u00e1s perderte. Pero m\u00e1s all\u00e1 de la belleza visual de eventos como la&nbsp;Luna&nbsp;del Esturi\u00f3n [&hellip;]<\/p>\n","protected":false},"author":1,"featured_media":190537,"comment_status":"closed","ping_status":"closed","sticky":false,"template":"","format":"standard","meta":{"_acf_changed":false,"_jetpack_memberships_contains_paid_content":false,"footnotes":"","jetpack_publicize_message":"","jetpack_publicize_feature_enabled":true,"jetpack_social_post_already_shared":true,"jetpack_social_options":{"image_generator_settings":{"template":"highway","default_image_id":0,"font":"","enabled":false},"version":2}},"categories":[6],"tags":[],"class_list":["post-190536","post","type-post","status-publish","format-standard","has-post-thumbnail","hentry","category-ecologia"],"acf":[],"jetpack_publicize_connections":[],"jetpack_featured_media_url":"https:\/\/i0.wp.com\/sportseco.com\/wp-content\/uploads\/2025\/08\/2-6.webp?fit=1920%2C1080&ssl=1","jetpack_sharing_enabled":true,"_links":{"self":[{"href":"https:\/\/sportseco.com\/index.php?rest_route=\/wp\/v2\/posts\/190536","targetHints":{"allow":["GET"]}}],"collection":[{"href":"https:\/\/sportseco.com\/index.php?rest_route=\/wp\/v2\/posts"}],"about":[{"href":"https:\/\/sportseco.com\/index.php?rest_route=\/wp\/v2\/types\/post"}],"author":[{"embeddable":true,"href":"https:\/\/sportseco.com\/index.php?rest_route=\/wp\/v2\/users\/1"}],"replies":[{"embeddable":true,"href":"https:\/\/sportseco.com\/index.php?rest_route=%2Fwp%2Fv2%2Fcomments&post=190536"}],"version-history":[{"count":2,"href":"https:\/\/sportseco.com\/index.php?rest_route=\/wp\/v2\/posts\/190536\/revisions"}],"predecessor-version":[{"id":190539,"href":"https:\/\/sportseco.com\/index.php?rest_route=\/wp\/v2\/posts\/190536\/revisions\/190539"}],"wp:featuredmedia":[{"embeddable":true,"href":"https:\/\/sportseco.com\/index.php?rest_route=\/wp\/v2\/media\/190537"}],"wp:attachment":[{"href":"https:\/\/sportseco.com\/index.php?rest_route=%2Fwp%2Fv2%2Fmedia&parent=190536"}],"wp:term":[{"taxonomy":"category","embeddable":true,"href":"https:\/\/sportseco.com\/index.php?rest_route=%2Fwp%2Fv2%2Fcategories&post=190536"},{"taxonomy":"post_tag","embeddable":true,"href":"https:\/\/sportseco.com\/index.php?rest_route=%2Fwp%2Fv2%2Ftags&post=190536"}],"curies":[{"name":"wp","href":"https:\/\/api.w.org\/{rel}","templated":true}]}}