{"id":191239,"date":"2025-08-16T11:47:24","date_gmt":"2025-08-16T15:47:24","guid":{"rendered":"https:\/\/sportseco.com\/?p=191239"},"modified":"2025-08-16T11:49:40","modified_gmt":"2025-08-16T15:49:40","slug":"marc-marquez-consigue-su-12-a-victoria-al-sprint-de-la-temporada-en-austria","status":"publish","type":"post","link":"https:\/\/sportseco.com\/?p=191239","title":{"rendered":"MARC M\u00c1RQUEZ CONSIGUE SU 12.\u00aa VICTORIA AL SPRINT DE LA TEMPORADA EN AUSTRIA"},"content":{"rendered":"\n<p>El l\u00edder del campeonato, Marc M\u00e1rquez, ampli\u00f3 su ventaja sobre su hermano \u00c1lex, consiguiendo la victoria al Sprint en el Red Bull Ring.<br \/>Partiendo desde la cuarta posici\u00f3n, M\u00e1rquez se coloc\u00f3 segundo en la salida y se mantuvo cerca de \u00c1lex M\u00e1rquez, quien arrebat\u00f3 el liderato a Marco Bezzecchi, quien hab\u00eda conseguido la pole position, desde la salida.<br \/>Pedro Acosta se coloc\u00f3 cuarto en la salida y realiz\u00f3 una maniobra con valent\u00eda superando a Bezzecchi en la segunda vuelta, asegurando el tercer puesto, logrando as\u00ed su segundo podio consecutivo en el Sprint.<br \/>El compa\u00f1ero de equipo de M\u00e1rquez en Ducati, Francesco Bagnaia, tuvo una mala salida, ya que el derrape de las ruedas lo releg\u00f3 al \u00faltimo puesto del grupo. Posteriormente, se retir\u00f3 de la carrera.<br \/>Ra\u00fal Fern\u00e1ndez, de Trackhouse, tuvo una salida prometedora, pasando del noveno al quinto puesto. Luch\u00f3 con Brad Binder por la posici\u00f3n, y el piloto sudafricano se alz\u00f3 con la victoria. Fern\u00e1ndez se retir\u00f3 posteriormente debido a un presunto problema con el dispositivo de altura de la suspensi\u00f3n. <\/p>\n\n\n\n<p><\/p>\n\n\n\n<p><\/p>\n\n\n\n<p>tntsports.co.uk<\/p>\n\n\n\n<p><\/p>\n","protected":false},"excerpt":{"rendered":"<p>El l\u00edder del campeonato, Marc M\u00e1rquez, ampli\u00f3 su ventaja sobre su hermano \u00c1lex, consiguiendo la victoria al Sprint en el Red Bull Ring.Partiendo desde la cuarta posici\u00f3n, M\u00e1rquez se coloc\u00f3 segundo en la salida y se mantuvo cerca de \u00c1lex M\u00e1rquez, quien arrebat\u00f3 el liderato a Marco Bezzecchi, quien hab\u00eda conseguido la pole position, desde [&hellip;]<\/p>\n","protected":false},"author":1,"featured_media":191240,"comment_status":"closed","ping_status":"closed","sticky":false,"template":"","format":"standard","meta":{"_acf_changed":false,"_jetpack_memberships_contains_paid_content":false,"footnotes":"","jetpack_publicize_message":"","jetpack_publicize_feature_enabled":true,"jetpack_social_post_already_shared":true,"jetpack_social_options":{"image_generator_settings":{"template":"highway","default_image_id":0,"font":"","enabled":false},"version":2}},"categories":[10],"tags":[],"class_list":["post-191239","post","type-post","status-publish","format-standard","has-post-thumbnail","hentry","category-motos"],"acf":[],"jetpack_publicize_connections":[],"jetpack_featured_media_url":"https:\/\/sportseco.com\/wp-content\/uploads\/2025\/08\/KHXMOVRI2ZMXHOO3P6L33MXCTI.avif","jetpack_sharing_enabled":true,"_links":{"self":[{"href":"https:\/\/sportseco.com\/index.php?rest_route=\/wp\/v2\/posts\/191239","targetHints":{"allow":["GET"]}}],"collection":[{"href":"https:\/\/sportseco.com\/index.php?rest_route=\/wp\/v2\/posts"}],"about":[{"href":"https:\/\/sportseco.com\/index.php?rest_route=\/wp\/v2\/types\/post"}],"author":[{"embeddable":true,"href":"https:\/\/sportseco.com\/index.php?rest_route=\/wp\/v2\/users\/1"}],"replies":[{"embeddable":true,"href":"https:\/\/sportseco.com\/index.php?rest_route=%2Fwp%2Fv2%2Fcomments&post=191239"}],"version-history":[{"count":2,"href":"https:\/\/sportseco.com\/index.php?rest_route=\/wp\/v2\/posts\/191239\/revisions"}],"predecessor-version":[{"id":191243,"href":"https:\/\/sportseco.com\/index.php?rest_route=\/wp\/v2\/posts\/191239\/revisions\/191243"}],"wp:featuredmedia":[{"embeddable":true,"href":"https:\/\/sportseco.com\/index.php?rest_route=\/wp\/v2\/media\/191240"}],"wp:attachment":[{"href":"https:\/\/sportseco.com\/index.php?rest_route=%2Fwp%2Fv2%2Fmedia&parent=191239"}],"wp:term":[{"taxonomy":"category","embeddable":true,"href":"https:\/\/sportseco.com\/index.php?rest_route=%2Fwp%2Fv2%2Fcategories&post=191239"},{"taxonomy":"post_tag","embeddable":true,"href":"https:\/\/sportseco.com\/index.php?rest_route=%2Fwp%2Fv2%2Ftags&post=191239"}],"curies":[{"name":"wp","href":"https:\/\/api.w.org\/{rel}","templated":true}]}}