{"id":192064,"date":"2025-09-01T07:11:15","date_gmt":"2025-09-01T11:11:15","guid":{"rendered":"https:\/\/sportseco.com\/?p=192064"},"modified":"2025-09-01T07:11:19","modified_gmt":"2025-09-01T11:11:19","slug":"jornada-mundial-de-la-oracion-por-el-cuidado-de-la-creacion-1-de-septiembre","status":"publish","type":"post","link":"https:\/\/sportseco.com\/?p=192064","title":{"rendered":"Jornada Mundial de la Oraci\u00f3n por el Cuidado de la Creaci\u00f3n, 1 de septiembre"},"content":{"rendered":"\n<p><br \/>1 de septiembre de 2025<\/p>\n\n\n\n<p>1 de septiembre de 2026 <a href=\"https:\/\/www.diainternacionalde.com\/cuenta-atras-online?entidad=diainternacional&amp;code=jornada-mundial-oracion-cuidado-creacion\">Crea una cuenta atr\u00e1s<\/a><\/p>\n\n\n\n<p>Proclama: El Papa Francisco<\/p>\n\n\n\n<p>Desde cuando se celebra: 2015<\/p>\n\n\n\n<p>Etiquetas:<a href=\"https:\/\/www.diainternacionalde.com\/relacionados\/dias-internacionales-sobre-medio-ambiente\">Medio Ambiente<\/a><a href=\"https:\/\/www.diainternacionalde.com\/temas\/religion\">Religi\u00f3n<\/a><a href=\"https:\/\/www.diainternacionalde.com\/temas\/tradicion\">Tradici\u00f3n<\/a><\/p>\n\n\n\n<p>Actualizado el 31\/08\/2025<\/p>\n\n\n\n<p>Tiempo de lectura: 2 minutos<\/p>\n\n\n\n<p><strong>El 1 de septiembre de cada a\u00f1o, los cristianos de todo el mundo se unen en la Jornada Mundial de la Oraci\u00f3n por el Cuidado de la Creaci\u00f3n<\/strong>, una iniciativa instituida por el papa Francisco en agosto de 2015.<\/p>\n\n\n\n<p>Esta jornada tiene como objetivo sensibilizar a los fieles sobre la necesidad urgente de proteger y cuidar el medio ambiente, promoviendo una conversi\u00f3n espiritual que responda a la crisis ecol\u00f3gica actual.<\/p>\n\n\n\n<p>La fecha fue elegida en consonancia con la tradici\u00f3n de la Iglesia oriental, que marca este d\u00eda como el comienzo del a\u00f1o lit\u00fargico y la conmemoraci\u00f3n de la creaci\u00f3n del mundo.<\/p>\n\n\n\n<h2 class=\"wp-block-heading\">\u00bfDe d\u00f3nde proviene la Jornada Mundial de la Oraci\u00f3n por el Cuidado de la Creaci\u00f3n?<\/h2>\n\n\n\n<p>La inspiraci\u00f3n para esta jornada provino del te\u00f3logo ortodoxo griego&nbsp;<strong>Juan Zizioulas (1931-2023)<\/strong>, quien, durante la presentaci\u00f3n de la enc\u00edclica&nbsp;<em>Laudato Si<\/em>, sugiri\u00f3 establecer un d\u00eda especial dedicado a la oraci\u00f3n por la creaci\u00f3n.<\/p>\n\n\n\n<p>En su enc\u00edclica, Francisco subraya la interconexi\u00f3n entre los problemas ecol\u00f3gicos y las crisis sociales, invitando a una ecolog\u00eda integral que reconozca la dignidad de toda la creaci\u00f3n y la responsabilidad del ser humano en su cuidado.<\/p>\n\n\n\n<p>El objetivo central de esta jornada es fomentar una \u00abprofunda conversi\u00f3n espiritual\u00bb, una transformaci\u00f3n de los corazones y las mentes de las personas para ver el mundo natural como un don precioso de Dios, digno de protecci\u00f3n y cuidado.<\/p>\n\n\n\n<p>Es una oportunidad para reflexionar sobre c\u00f3mo nuestras acciones impactan en el medio ambiente y para comprometernos a adoptar estilos de vida m\u00e1s sostenibles y respetuosos con la creaci\u00f3n.<\/p>\n\n\n\n<h2 class=\"wp-block-heading\" id=\"noticia-2024\">Jornada Mundial de la Oraci\u00f3n por el Cuidado de la Creaci\u00f3n. Lema 2024: \u00abEspera y act\u00faa con la creaci\u00f3n\u00bb<\/h2>\n\n\n\n<p>Para la jornada de 2024, el lema propuesto es&nbsp;<em><strong>\u00abEspera y act\u00faa con la creaci\u00f3n\u00bb<\/strong><\/em>. En su mensaje para la jornada, el papa Francisco subraya la necesidad de esperar, no de manera pasiva, sino como una actitud activa de cuidado y amor hacia la creaci\u00f3n, que se traduce en acciones espec\u00edficas para proteger nuestro planeta y sus recursos.<\/p>\n\n\n\n<p>El papa enfatiza que la crisis ecol\u00f3gica no puede enfrentarse solo con palabras o buenas intenciones, sino con decisiones y acciones concretas.<\/p>\n\n\n\n<p>Es un llamamiento a ser parte activa de ese cambio, colaborando con la naturaleza y respetando los l\u00edmites que ella nos impone.<\/p>\n\n\n\n<p>Siguiendo la tradici\u00f3n de la Iglesia oriental, esta jornada es tambi\u00e9n un momento para celebrar la grandeza de la creaci\u00f3n de Dios. Es un recordatorio de que la creaci\u00f3n es un don divino que nos ha sido confiado. Esta perspectiva espiritual motiva a los creyentes a ver la tierra no solo como un recurso a explotar, sino como una manifestaci\u00f3n del amor de Dios, que requiere respeto y cuidado.<\/p>\n\n\n\n<p><\/p>\n\n\n\n<p>diainternacionalde.com<\/p>\n","protected":false},"excerpt":{"rendered":"<p>1 de septiembre de 2025 1 de septiembre de 2026 Crea una cuenta atr\u00e1s Proclama: El Papa Francisco Desde cuando se celebra: 2015 Etiquetas:Medio AmbienteReligi\u00f3nTradici\u00f3n Actualizado el 31\/08\/2025 Tiempo de lectura: 2 minutos El 1 de septiembre de cada a\u00f1o, los cristianos de todo el mundo se unen en la Jornada Mundial de la Oraci\u00f3n [&hellip;]<\/p>\n","protected":false},"author":1,"featured_media":192065,"comment_status":"closed","ping_status":"closed","sticky":false,"template":"","format":"standard","meta":{"_acf_changed":false,"_jetpack_memberships_contains_paid_content":false,"footnotes":"","jetpack_publicize_message":"","jetpack_publicize_feature_enabled":true,"jetpack_social_post_already_shared":true,"jetpack_social_options":{"image_generator_settings":{"template":"highway","default_image_id":0,"font":"","enabled":false},"version":2}},"categories":[6],"tags":[],"class_list":["post-192064","post","type-post","status-publish","format-standard","has-post-thumbnail","hentry","category-ecologia"],"acf":[],"jetpack_publicize_connections":[],"jetpack_featured_media_url":"https:\/\/i0.wp.com\/sportseco.com\/wp-content\/uploads\/2025\/09\/09-01_jornada-oracion-cuidado-creacion.jpg?fit=305%2C203&ssl=1","jetpack_sharing_enabled":true,"_links":{"self":[{"href":"https:\/\/sportseco.com\/index.php?rest_route=\/wp\/v2\/posts\/192064","targetHints":{"allow":["GET"]}}],"collection":[{"href":"https:\/\/sportseco.com\/index.php?rest_route=\/wp\/v2\/posts"}],"about":[{"href":"https:\/\/sportseco.com\/index.php?rest_route=\/wp\/v2\/types\/post"}],"author":[{"embeddable":true,"href":"https:\/\/sportseco.com\/index.php?rest_route=\/wp\/v2\/users\/1"}],"replies":[{"embeddable":true,"href":"https:\/\/sportseco.com\/index.php?rest_route=%2Fwp%2Fv2%2Fcomments&post=192064"}],"version-history":[{"count":1,"href":"https:\/\/sportseco.com\/index.php?rest_route=\/wp\/v2\/posts\/192064\/revisions"}],"predecessor-version":[{"id":192066,"href":"https:\/\/sportseco.com\/index.php?rest_route=\/wp\/v2\/posts\/192064\/revisions\/192066"}],"wp:featuredmedia":[{"embeddable":true,"href":"https:\/\/sportseco.com\/index.php?rest_route=\/wp\/v2\/media\/192065"}],"wp:attachment":[{"href":"https:\/\/sportseco.com\/index.php?rest_route=%2Fwp%2Fv2%2Fmedia&parent=192064"}],"wp:term":[{"taxonomy":"category","embeddable":true,"href":"https:\/\/sportseco.com\/index.php?rest_route=%2Fwp%2Fv2%2Fcategories&post=192064"},{"taxonomy":"post_tag","embeddable":true,"href":"https:\/\/sportseco.com\/index.php?rest_route=%2Fwp%2Fv2%2Ftags&post=192064"}],"curies":[{"name":"wp","href":"https:\/\/api.w.org\/{rel}","templated":true}]}}