{"id":192067,"date":"2025-09-01T18:26:06","date_gmt":"2025-09-01T22:26:06","guid":{"rendered":"https:\/\/sportseco.com\/?p=192067"},"modified":"2025-09-01T18:26:57","modified_gmt":"2025-09-01T22:26:57","slug":"comienzan-a-llegar-los-convocados-a-barranquilla-video","status":"publish","type":"post","link":"https:\/\/sportseco.com\/?p=192067","title":{"rendered":"Comienzan a llegar los convocados a Barranquilla.Video"},"content":{"rendered":"\n<p>Con miras a la \u00faltima doble jornada de l<strong>as clasificatorias rumbo al Mundial 2026, los jugadores convocados por N\u00e9stor Lorenzo para enfrentar a Bolivia y Venezuela<\/strong>&nbsp;comenzaron a ponerse a disposici\u00f3n del cuerpo t\u00e9cnico.<\/p>\n\n\n\n<p>El primero en incorporarse fue Yers\u00f3n Mosquera, seguido por Dayro Moreno.<\/p>\n\n\n\n<p><strong>Mosquera y Moreno realizaron su primera pr\u00e1ctica en la Sede Deportiva de la FCF en Barranquilla. En la primera parte, junto a un grupo de jugadores de la Selecci\u00f3n Colombia Masculina Sub20,<\/strong>&nbsp;hicieron trabajos en el gimnasio. Posteriormente, en el campo, llevaron a cabo rondas de pases y concluyeron la sesi\u00f3n con f\u00fatbol en espacio reducido.<\/p>\n\n\n\n<p>Durante la tarde arribaron Kevin Mier, James Rodr\u00edguez, D\u00e1vinson S\u00e1nchez y Jaminton Campaz.<\/p>\n\n\n\n<p><strong>A continuaci\u00f3n el resumen de la jornada:<\/strong><\/p>\n\n\n\n<figure class=\"wp-block-embed is-type-video is-provider-youtube wp-block-embed-youtube wp-embed-aspect-16-9 wp-has-aspect-ratio\"><div class=\"wp-block-embed__wrapper\">\n<iframe loading=\"lazy\" title=\"Entrenamiento | Selecci\u00f3n Colombia de Mayores desde Barranquilla.\" width=\"640\" height=\"360\" src=\"https:\/\/www.youtube.com\/embed\/riIaxcK_30s?feature=oembed\" frameborder=\"0\" allow=\"accelerometer; autoplay; clipboard-write; encrypted-media; gyroscope; picture-in-picture; web-share\" referrerpolicy=\"strict-origin-when-cross-origin\" allowfullscreen><\/iframe>\n<\/div><\/figure>\n\n\n\n<figure class=\"wp-block-embed is-type-rich is-provider-gestor-del-servicio wp-block-embed-gestor-del-servicio\"><div class=\"wp-block-embed__wrapper\">\nhttps:\/\/youtube.com\/watch?v=riIaxcK_30s%3Ffeature%3Doembed\n<\/div><\/figure>\n\n\n\n<p>agosto 31, 2025<\/p>\n\n\n\n<p><\/p>\n\n\n\n<p>fcf.com.co<\/p>\n","protected":false},"excerpt":{"rendered":"<p>Con miras a la \u00faltima doble jornada de las clasificatorias rumbo al Mundial 2026, los jugadores convocados por N\u00e9stor Lorenzo para enfrentar a Bolivia y Venezuela&nbsp;comenzaron a ponerse a disposici\u00f3n del cuerpo t\u00e9cnico. El primero en incorporarse fue Yers\u00f3n Mosquera, seguido por Dayro Moreno. Mosquera y Moreno realizaron su primera pr\u00e1ctica en la Sede Deportiva [&hellip;]<\/p>\n","protected":false},"author":1,"featured_media":192069,"comment_status":"closed","ping_status":"closed","sticky":false,"template":"","format":"standard","meta":{"_acf_changed":false,"_jetpack_memberships_contains_paid_content":false,"footnotes":"","jetpack_publicize_message":"","jetpack_publicize_feature_enabled":true,"jetpack_social_post_already_shared":true,"jetpack_social_options":{"image_generator_settings":{"template":"highway","default_image_id":0,"font":"","enabled":false},"version":2}},"categories":[5],"tags":[],"class_list":["post-192067","post","type-post","status-publish","format-standard","has-post-thumbnail","hentry","category-futbol"],"acf":[],"jetpack_publicize_connections":[],"jetpack_featured_media_url":"https:\/\/i0.wp.com\/sportseco.com\/wp-content\/uploads\/2025\/09\/DSC_6141-2048x1365-1.jpg?fit=2048%2C1365&ssl=1","jetpack_sharing_enabled":true,"_links":{"self":[{"href":"https:\/\/sportseco.com\/index.php?rest_route=\/wp\/v2\/posts\/192067","targetHints":{"allow":["GET"]}}],"collection":[{"href":"https:\/\/sportseco.com\/index.php?rest_route=\/wp\/v2\/posts"}],"about":[{"href":"https:\/\/sportseco.com\/index.php?rest_route=\/wp\/v2\/types\/post"}],"author":[{"embeddable":true,"href":"https:\/\/sportseco.com\/index.php?rest_route=\/wp\/v2\/users\/1"}],"replies":[{"embeddable":true,"href":"https:\/\/sportseco.com\/index.php?rest_route=%2Fwp%2Fv2%2Fcomments&post=192067"}],"version-history":[{"count":2,"href":"https:\/\/sportseco.com\/index.php?rest_route=\/wp\/v2\/posts\/192067\/revisions"}],"predecessor-version":[{"id":192071,"href":"https:\/\/sportseco.com\/index.php?rest_route=\/wp\/v2\/posts\/192067\/revisions\/192071"}],"wp:featuredmedia":[{"embeddable":true,"href":"https:\/\/sportseco.com\/index.php?rest_route=\/wp\/v2\/media\/192069"}],"wp:attachment":[{"href":"https:\/\/sportseco.com\/index.php?rest_route=%2Fwp%2Fv2%2Fmedia&parent=192067"}],"wp:term":[{"taxonomy":"category","embeddable":true,"href":"https:\/\/sportseco.com\/index.php?rest_route=%2Fwp%2Fv2%2Fcategories&post=192067"},{"taxonomy":"post_tag","embeddable":true,"href":"https:\/\/sportseco.com\/index.php?rest_route=%2Fwp%2Fv2%2Ftags&post=192067"}],"curies":[{"name":"wp","href":"https:\/\/api.w.org\/{rel}","templated":true}]}}