{"id":192084,"date":"2025-09-01T18:55:46","date_gmt":"2025-09-01T22:55:46","guid":{"rendered":"https:\/\/sportseco.com\/?p=192084"},"modified":"2025-09-01T18:55:51","modified_gmt":"2025-09-01T22:55:51","slug":"bernal-11-o-en-el-primer-dia-de-descanso-de-la-vuelta","status":"publish","type":"post","link":"https:\/\/sportseco.com\/?p=192084","title":{"rendered":"Bernal, 11.\u00ba en el primer d\u00eda de descanso de la Vuelta"},"content":{"rendered":"\n<p>Egan Bernal se sit\u00faa 11.\u00ba en la general de la Vuelta a Espa\u00f1a al llegar la carrera a su primer d\u00eda de descanso.<\/p>\n\n\n\n<p>El colombiano realiz\u00f3 una s\u00f3lida actuaci\u00f3n en ascensos en la novena etapa, controlando bien sus p\u00e9rdidas y terminando en el grupo perseguidor de la general en la estaci\u00f3n de esqu\u00ed de Valdezcaray.<\/p>\n\n\n\n<p>Los ataques clave se produjeron al principio de la empinada secci\u00f3n inicial de la cima de primera categor\u00eda, con Bernal abri\u00e9ndose paso en el primer grupo por detr\u00e1s del ganador de la etapa, Jonas Vingegaard (Visma | Lease a Bike). El granadero retrocedi\u00f3 ante los contraataques, cruzando finalmente la meta en 15.\u00ba lugar, a 1:46 de Vingegaard.<\/p>\n\n\n\n<p>El resultado le hizo descender dos puestos, hasta el 11.\u00ba puesto en la general, con muchas etapas de ciclismo y ascenso por delante en la siguiente fase de la carrera.<\/p>\n\n\n\n<p>Michal Kwiatkowski se esforz\u00f3 al m\u00e1ximo para colarse en la escapada inicial del d\u00eda, pero su grupo de cinco hombres nunca obtuvo una ventaja considerable gracias a la persistencia del pelot\u00f3n. Victor Langellotti tambi\u00e9n tuvo una gran actuaci\u00f3n en las subidas, terminando justo detr\u00e1s del grupo de Bernal en la meta, que tambi\u00e9n inclu\u00eda al l\u00edder de la carrera, Torstein Traeen (Bahr\u00e9in \u2013 Victorious).<\/p>\n\n\n\n<p>Imagen de marcador de posici\u00f3n<br \/>Reacci\u00f3n<\/p>\n\n\n\n<ul class=\"wp-block-list\">\n<li>Egan Bernal<\/li>\n<\/ul>\n\n\n\n<p>\u00abHa sido una etapa bastante dura, con kil\u00f3metros iniciales muy r\u00e1pidos. La subida era ideal para correr a un ritmo muy r\u00e1pido. Cuando Jonas sali\u00f3, intent\u00e9 seguirlo, pero me di cuenta de que no ten\u00eda piernas y que era mejor encontrar mi propio ritmo. Se form\u00f3 un grupo perseguidor, pero no mantuvimos un ritmo constante, y todos sabemos lo fuerte que es Jonas\u00bb.<\/p>\n\n\n\n<p>El domingo, el equipo tambi\u00e9n particip\u00f3 en la Bretagne Classic. En las carreteras locales, Axel Laurance lider\u00f3 al equipo en la meta en el puesto 24, formando parte de un gran grupo final, ganado por Arnaud De Lie (Lotto). \u00d3scar Rodr\u00edguez form\u00f3 parte de la escapada inicial, pero fue alcanzado a 95 km del final cuando comenzaron los contraataques.<\/p>\n\n\n\n<p><\/p>\n\n\n\n<p>ineosgrenadiers.com<\/p>\n","protected":false},"excerpt":{"rendered":"<p>Egan Bernal se sit\u00faa 11.\u00ba en la general de la Vuelta a Espa\u00f1a al llegar la carrera a su primer d\u00eda de descanso. El colombiano realiz\u00f3 una s\u00f3lida actuaci\u00f3n en ascensos en la novena etapa, controlando bien sus p\u00e9rdidas y terminando en el grupo perseguidor de la general en la estaci\u00f3n de esqu\u00ed de Valdezcaray. [&hellip;]<\/p>\n","protected":false},"author":1,"featured_media":192085,"comment_status":"closed","ping_status":"closed","sticky":false,"template":"","format":"standard","meta":{"_acf_changed":false,"_jetpack_memberships_contains_paid_content":false,"footnotes":"","jetpack_publicize_message":"","jetpack_publicize_feature_enabled":true,"jetpack_social_post_already_shared":true,"jetpack_social_options":{"image_generator_settings":{"template":"highway","default_image_id":0,"font":"","enabled":false},"version":2}},"categories":[14],"tags":[],"class_list":["post-192084","post","type-post","status-publish","format-standard","has-post-thumbnail","hentry","category-ciclismo"],"acf":[],"jetpack_publicize_connections":[],"jetpack_featured_media_url":"https:\/\/i0.wp.com\/sportseco.com\/wp-content\/uploads\/2025\/09\/eganbernalst9vuelta.jpg?fit=2560%2C1120&ssl=1","jetpack_sharing_enabled":true,"_links":{"self":[{"href":"https:\/\/sportseco.com\/index.php?rest_route=\/wp\/v2\/posts\/192084","targetHints":{"allow":["GET"]}}],"collection":[{"href":"https:\/\/sportseco.com\/index.php?rest_route=\/wp\/v2\/posts"}],"about":[{"href":"https:\/\/sportseco.com\/index.php?rest_route=\/wp\/v2\/types\/post"}],"author":[{"embeddable":true,"href":"https:\/\/sportseco.com\/index.php?rest_route=\/wp\/v2\/users\/1"}],"replies":[{"embeddable":true,"href":"https:\/\/sportseco.com\/index.php?rest_route=%2Fwp%2Fv2%2Fcomments&post=192084"}],"version-history":[{"count":1,"href":"https:\/\/sportseco.com\/index.php?rest_route=\/wp\/v2\/posts\/192084\/revisions"}],"predecessor-version":[{"id":192086,"href":"https:\/\/sportseco.com\/index.php?rest_route=\/wp\/v2\/posts\/192084\/revisions\/192086"}],"wp:featuredmedia":[{"embeddable":true,"href":"https:\/\/sportseco.com\/index.php?rest_route=\/wp\/v2\/media\/192085"}],"wp:attachment":[{"href":"https:\/\/sportseco.com\/index.php?rest_route=%2Fwp%2Fv2%2Fmedia&parent=192084"}],"wp:term":[{"taxonomy":"category","embeddable":true,"href":"https:\/\/sportseco.com\/index.php?rest_route=%2Fwp%2Fv2%2Fcategories&post=192084"},{"taxonomy":"post_tag","embeddable":true,"href":"https:\/\/sportseco.com\/index.php?rest_route=%2Fwp%2Fv2%2Ftags&post=192084"}],"curies":[{"name":"wp","href":"https:\/\/api.w.org\/{rel}","templated":true}]}}