{"id":192116,"date":"2025-09-02T11:58:45","date_gmt":"2025-09-02T15:58:45","guid":{"rendered":"https:\/\/sportseco.com\/?p=192116"},"modified":"2025-09-02T11:58:50","modified_gmt":"2025-09-02T15:58:50","slug":"cali-vivira-la-semana-de-la-biodiversidad-y-nuevamente-estara-en-el-centro-de-las-conversaciones-ambientales-del-planeta","status":"publish","type":"post","link":"https:\/\/sportseco.com\/?p=192116","title":{"rendered":"Cali vivir\u00e1 la \u2018Semana de la Biodiversidad\u2019 y nuevamente estar\u00e1 en el centro de las conversaciones ambientales del planeta"},"content":{"rendered":"\n<figure class=\"wp-block-image\"><img data-recalc-dims=\"1\" decoding=\"async\" src=\"https:\/\/i0.wp.com\/www.cali.gov.co\/info\/caligovco_se\/media\/pubInt\/thumbs\/thpubInt_700X400_188701.webp?w=640&#038;ssl=1\" alt=\"Cali vivir\u00e1 la \u2018Semana de la Biodiversidad\u2019 y nuevamente estar\u00e1 en el centro de las conversaciones ambientales del planeta\" title=\"Cali vivir\u00e1 la \u2018Semana de la Biodiversidad\u2019 y nuevamente estar\u00e1 en el centro de las conversaciones ambientales del planeta\"\/><\/figure>\n\n\n\n<ul class=\"wp-block-list\">\n<li><em>Del 29 de septiembre al 5 de octubre se realizar\u00e1 en Cali la \u2018Semana de la Biodiversidad\u2019.<\/em><br \/>\u00a0<\/li>\n\n\n\n<li><em>El tema central ser\u00e1 el \u2018Choc\u00f3 Biogeogr\u00e1fico\u2019, con espacios dedicados a resaltar la importancia ecol\u00f3gica de este territorio.<\/em><br \/>\u00a0<\/li>\n\n\n\n<li><em>Despu\u00e9s de la COP16, Cali vuelve a ser epicentro de la conversaci\u00f3n ambiental en el planeta.<\/em><br \/>\u00a0<\/li>\n<\/ul>\n\n\n\n<p><br \/><strong>Santiago de Cali, 1 de septiembre de 2025<\/strong><br \/>&nbsp;<\/p>\n\n\n\n<p>Cali volver\u00e1 a ser epicentro de la conversaci\u00f3n ambiental global con la&nbsp;<strong><em>\u2018Semana de<\/em><\/strong><\/p>\n\n\n\n<p><strong><em>la Biodiversidad\u2019<\/em><\/strong>, evento que se celebrar\u00e1&nbsp;<em>del 29 de septiembre al 5 de octubre<\/em>&nbsp;<em>de 2025&nbsp;<\/em>y que nace como legado de la&nbsp;<strong><em>COP16<\/em><\/strong>&nbsp;gracias a la visi\u00f3n del alcalde Alejandro Eder.<\/p>\n\n\n\n<p><br \/>La&nbsp;<em>Semana<\/em>&nbsp;reunir\u00e1 a m\u00e1s de 60 mil asistentes y 400 expertos, nacionales e internacionales, en una agenda acad\u00e9mica, cultural, art\u00edstica y empresarial, que se tomar\u00e1 el Bulevar del R\u00edo y el centro hist\u00f3rico de la capital vallecaucana, en un espacio denominado&nbsp;<em>\u2018Circuito de la Biodiversidad\u2019<\/em>.<\/p>\n\n\n\n<p><br \/><em>\u201cLa \u2018Semana de la Biodiversidad\u2019 nace como una idea de nuestro alcalde Alejandro Eder para dejar un legado a Cali despu\u00e9s de la COP16. Estamos trabajando para que este encuentro se convierta en un acuerdo de ciudad y se realice cada dos a\u00f1os, consolidando a Cali como capital de la biodiversidad\u201d<\/em>, explic\u00f3 Lina Marcela Bot\u00eda Mu\u00f1oz, subdirectora de Ecosistemas y Umata del Departamento Administrativo de Gesti\u00f3n del Medio Ambiente (<em>Dagma<\/em>).<\/p>\n\n\n\n<p><br \/><strong>De Cali para el mundo<\/strong><\/p>\n\n\n\n<p><br \/>El encuentro busca unir esfuerzos de gobiernos, el sector privado, la academia y la ciudadan\u00eda, con miras a generar conciencia ambiental, promover pr\u00e1cticas sostenibles y proponer soluciones frente a los grandes desaf\u00edos clim\u00e1ticos.<br \/><br \/><em>\u201cAqu\u00ed se gestar\u00e1n recomendaciones que influir\u00e1n en las pr\u00f3ximas convenciones ambientales. Es un espacio para unir esfuerzos globales y locales y fortalecer pr\u00e1cticas de sostenibilidad en nuestra sociedad\u201d<\/em>, se\u00f1al\u00f3 Ang\u00e9lica Mayolo, investigadora del Massachussetts Institute of Technology (<em>MIT<\/em>) y coordinadora t\u00e9cnico-acad\u00e9mica de la&nbsp;<em>\u2018Semana de la Biodiversidad\u2019<\/em>.<\/p>\n\n\n\n<p><br \/>El espacio se proyecta como una apuesta distrital en la que Cali no solo sea sede, sino protagonista regional y global de las discusiones ambientales, aportando desde Am\u00e9rica Latina a la implementaci\u00f3n de acciones concretas para la conservaci\u00f3n de la biodiversidad y el desarrollo sostenible.<\/p>\n\n\n\n<p><br \/><strong>Aliados de talla mundial<\/strong><\/p>\n\n\n\n<p><br \/>La<em>&nbsp;\u2018Semana de la Biodiversidad\u2019<\/em>&nbsp;cuenta con el respaldo del Banco Interamericano de Desarrollo (<em>BID<\/em>), el Programa Mundial del Medio Ambiente, el Convenio de Diversidad Biol\u00f3gica, la Organizaci\u00f3n de las Naciones Unidas (<em>ONU<\/em>), el Ministerio de Ambiente, la Gobernaci\u00f3n del Valle del Cauca, NaturaTech LAC, C Minds, la Asociaci\u00f3n Nacional de Industriales (<em>ANDI<\/em>), la C\u00e1mara de Comercio de Cali, as\u00ed como diversas embajadas, entre ellas la brit\u00e1nica, que celebrar\u00e1 en este marco el bicentenario de las relaciones diplom\u00e1ticas con Colombia.<\/p>\n\n\n\n<p><strong>Programaci\u00f3n abierta para todos<\/strong><\/p>\n\n\n\n<p><br \/><strong>|<\/strong>&nbsp;Durante&nbsp;<em>siete d\u00edas<\/em>, la ciudadan\u00eda podr\u00e1 disfrutar de una amplia agenda acad\u00e9mica, cultural, art\u00edstica y de emprendimientos verdes.<br \/><br \/><strong>|<\/strong>&nbsp;Gracias al&nbsp;<em>\u2018Circuito de la Biodiversidad\u2019<\/em>, pensado como una peque\u00f1a r\u00e9plica de la&nbsp;<em>\u2018Zona Verde\u2019<\/em>&nbsp;de la&nbsp;<em>COP16,<\/em>&nbsp;se desarrollar\u00e1n talleres, conversatorios y presentaciones art\u00edsticas y de negocios.<\/p>\n\n\n\n<p><br \/><strong>|<\/strong>&nbsp;Ser\u00e1n m\u00e1s de 15 eventos gratuitos en alianza con 21 universidades, nacionales e internacionales.<br \/><br \/><strong>|<\/strong>&nbsp;La<em>&nbsp;\u2018Feria de Negocios Verdes\u2019<\/em>&nbsp;visibilizar\u00e1 emprendimientos sostenibles y bio-econ\u00f3micos.<br \/><br \/><strong>|<\/strong>&nbsp;Se realizar\u00e1 un<em>&nbsp;\u2018Encuentro de Ciudades por la Biodiversidad\u2019<\/em>, con mandatarios, secretarios de ambiente y planeaci\u00f3n de Am\u00e9rica Latina y el Caribe.<\/p>\n\n\n\n<p><br \/><strong>|<\/strong>&nbsp;Tendr\u00e1 cabida una&nbsp;<em>\u2018Cumbre de Innovaci\u00f3n e Inversi\u00f3n por la Biodiversidad\u2019<\/em>, liderada por el BID y la C\u00e1mara de Comercio de Cali.<\/p>\n\n\n\n<p><br \/><strong>|<\/strong>&nbsp;La programaci\u00f3n oficial incluye actividades culturales y art\u00edsticas en el Bulevar del R\u00edo y el centro hist\u00f3rico de Cali para toda la familia.<\/p>\n\n\n\n<p><strong>Cali, capital de la biodiversidad<\/strong><\/p>\n\n\n\n<p><br \/>El tema central de esta edici\u00f3n ser\u00e1 el<em>&nbsp;\u2018Choc\u00f3 Biogeogr\u00e1fico\u2019<\/em>, con espacios dedicados a resaltar la importancia ecol\u00f3gica de este territorio a nivel mundial.<\/p>\n\n\n\n<p>A menos de un mes del evento, desde el&nbsp;<em>Dagma&nbsp;<\/em>ya se adelantan capacitaciones en colegios y con distintos gremios de la ciudad para motivar la participaci\u00f3n ciudadana.<\/p>\n\n\n\n<p><br \/><em>\u201cEste evento es un gran legado para la ciudad. Desde el Distrito tenemos nuestro Plan Maestro, que marcar\u00e1 el futuro ambiental de Cali y ser\u00e1 clave para posicionarnos como capital de la biodiversidad en el continente\u201d<\/em>, puntualiz\u00f3 Lina Marcela Bot\u00eda.<\/p>\n\n\n\n<p><\/p>\n\n\n\n<p>cali.gov.co<br \/><br \/><br \/><\/p>\n","protected":false},"excerpt":{"rendered":"<p>Santiago de Cali, 1 de septiembre de 2025&nbsp; Cali volver\u00e1 a ser epicentro de la conversaci\u00f3n ambiental global con la&nbsp;\u2018Semana de la Biodiversidad\u2019, evento que se celebrar\u00e1&nbsp;del 29 de septiembre al 5 de octubre&nbsp;de 2025&nbsp;y que nace como legado de la&nbsp;COP16&nbsp;gracias a la visi\u00f3n del alcalde Alejandro Eder. La&nbsp;Semana&nbsp;reunir\u00e1 a m\u00e1s de 60 mil asistentes [&hellip;]<\/p>\n","protected":false},"author":1,"featured_media":192117,"comment_status":"closed","ping_status":"closed","sticky":false,"template":"","format":"standard","meta":{"_acf_changed":false,"_jetpack_memberships_contains_paid_content":false,"footnotes":"","jetpack_publicize_message":"","jetpack_publicize_feature_enabled":true,"jetpack_social_post_already_shared":true,"jetpack_social_options":{"image_generator_settings":{"template":"highway","default_image_id":0,"font":"","enabled":false},"version":2}},"categories":[1],"tags":[],"class_list":["post-192116","post","type-post","status-publish","format-standard","has-post-thumbnail","hentry","category-uncategorized"],"acf":[],"jetpack_publicize_connections":[],"jetpack_featured_media_url":"https:\/\/i0.wp.com\/sportseco.com\/wp-content\/uploads\/2025\/09\/535932_3822.jpg?fit=644%2C362&ssl=1","jetpack_sharing_enabled":true,"_links":{"self":[{"href":"https:\/\/sportseco.com\/index.php?rest_route=\/wp\/v2\/posts\/192116","targetHints":{"allow":["GET"]}}],"collection":[{"href":"https:\/\/sportseco.com\/index.php?rest_route=\/wp\/v2\/posts"}],"about":[{"href":"https:\/\/sportseco.com\/index.php?rest_route=\/wp\/v2\/types\/post"}],"author":[{"embeddable":true,"href":"https:\/\/sportseco.com\/index.php?rest_route=\/wp\/v2\/users\/1"}],"replies":[{"embeddable":true,"href":"https:\/\/sportseco.com\/index.php?rest_route=%2Fwp%2Fv2%2Fcomments&post=192116"}],"version-history":[{"count":1,"href":"https:\/\/sportseco.com\/index.php?rest_route=\/wp\/v2\/posts\/192116\/revisions"}],"predecessor-version":[{"id":192118,"href":"https:\/\/sportseco.com\/index.php?rest_route=\/wp\/v2\/posts\/192116\/revisions\/192118"}],"wp:featuredmedia":[{"embeddable":true,"href":"https:\/\/sportseco.com\/index.php?rest_route=\/wp\/v2\/media\/192117"}],"wp:attachment":[{"href":"https:\/\/sportseco.com\/index.php?rest_route=%2Fwp%2Fv2%2Fmedia&parent=192116"}],"wp:term":[{"taxonomy":"category","embeddable":true,"href":"https:\/\/sportseco.com\/index.php?rest_route=%2Fwp%2Fv2%2Fcategories&post=192116"},{"taxonomy":"post_tag","embeddable":true,"href":"https:\/\/sportseco.com\/index.php?rest_route=%2Fwp%2Fv2%2Ftags&post=192116"}],"curies":[{"name":"wp","href":"https:\/\/api.w.org\/{rel}","templated":true}]}}