{"id":192136,"date":"2025-09-02T17:11:14","date_gmt":"2025-09-02T21:11:14","guid":{"rendered":"https:\/\/sportseco.com\/?p=192136"},"modified":"2025-09-02T17:11:20","modified_gmt":"2025-09-02T21:11:20","slug":"el-negro-es-infinito-desde-el-aire-pedro-armestre-documenta-las-zonas-arrasada-por-los-megaincendios","status":"publish","type":"post","link":"https:\/\/sportseco.com\/?p=192136","title":{"rendered":"\u201cEl negro es infinito desde el aire\u201d\u2026 Pedro Armestre documenta las zonas arrasada por los megaincendios"},"content":{"rendered":"\n<p>Valeria L\u00f3pez Pe\u00f1a<\/p>\n\n\n\n<p><strong>Madrid (EFEverde).- \u00abEl negro es infinito desde el aire\u00bb, explica a EFEverde el fot\u00f3grafo gallego Pedro Armestre, quien ha documentado desde una avioneta el rastro de los megaincendios que este verano arrasaron amplias zonas Ourense, Le\u00f3n y Zamora. En colaboraci\u00f3n con Greenpeace, Armestre ha volado sobre lo que antes fueron hogares, espacios protegidos y bosques, captando im\u00e1genes de casas destruidas, biodiversidad reducida a manchas negras y antiguos santuarios ecol\u00f3gicos calcinados.<\/strong><\/p>\n\n\n\n<p>Desde su casa en Villamayor (Ourense), Armestre explica a EFEverde como la crisis clim\u00e1tia a agravado estos desastres: \u201cestamos m\u00e1s que acostumbrados a los incendios forestales porque todos los a\u00f1os tenemos abundancia de ellos, aunque \u00faltimamente son m\u00e1s grandes y voraces\u201d.<\/p>\n\n\n\n<p>Con una trayectoria de m\u00e1s de 30 a\u00f1os de fotoperiodismo, retratando temas sociales y ambientales, el impacto del fuego ha sido uno de sus temas recurrentes. Durante dos de estas d\u00e9cadas retrat\u00f3 campa\u00f1as de extinci\u00f3n, trabajando de cerca con bomberos que, seg\u00fan recuerda, \u201cllegan hasta donde pueden, en condiciones laborales deplorables\u201d.<\/p>\n\n\n\n<p>Este verano, sin embargo, no pudo cubrir de forma activa los incendios debido a una infecci\u00f3n pulmonar. \u201cAunque estaba en el epicentro de la noticia, no he podido documentar como hubiera querido uno de los peores veranos desde que hay registros, ya que 2025 acumula 8 de los 10 grandes incendios forestales m\u00e1s graves del siglo\u00bb, lamenta.<\/p>\n\n\n\n<p>Un verano marcado por&nbsp;<a href=\"https:\/\/efeverde.com\/las-dos-semanas-negras-por-los-incendios-arde-mas-superficie-en-14-dias-que-en-cualquier-otro-ano-de-este-siglo\/\">dos semanas de una ola de incendios que arras\u00f3 con m\u00e1s de 330.000 hect\u00e1reas<\/a>, m\u00e1s superficie que en cualquier otro a\u00f1o completo de este siglo, seg\u00fan datos del Sistema Europeo de Informaci\u00f3n sobre Incendios Forestales (EFFIS).<\/p>\n\n\n\n<p>\u201cEstos d\u00edas que parece que ya todo ha acabado, es cuando me planteo hacer un trabajo desde el aire\u201d. As\u00ed, el pasado 30 de agosto se subi\u00f3 a una avioneta durante cuatro horas para sobrevolar zonas devastadas en Le\u00f3n, Castilla y Galicia.<\/p>\n\n\n\n<h2 class=\"wp-block-heading\">Ceniza convertida en memoria<\/h2>\n\n\n\n<p>Las im\u00e1genes muestran retratos in\u00e9ditos de suelos calcinados: casas con techos destruidos rodeadas de ceniza, espacios protegidos reducidos a manchas negras y antiguos santuarios ecol\u00f3gicos arrasados. Entre ellos, puntos que no hab\u00edan sido fotografiados hasta ahora como la Serra do Courel, el Parque Natural de O Invernadeiro o la parroquia de Parafita, que hace parte de la Red Natura 2000.<\/p>\n\n\n\n<p>Una magnitud que se logra apreciar desde las alturas: \u201ccuando est\u00e1s en tierra y ves todo quemado, la mirada queda limitada por una monta\u00f1a o los \u00e1rboles; pero cuando est\u00e1s a 300 o incluso a 1.500 metros de altura, la imagen es sobrecogedora, el negro es infinito\u201d, relata Armestre.<\/p>\n\n\n\n<p>Aun as\u00ed, entre las cenizas persisten algunos brotes verdes. Para el fot\u00f3grafo, son \u201cuna manera de resaltar que la vida se mantiene, aunque le est\u00e9 costando mucho\u201d, un resquicio de esperanza para unos bosques que tardar\u00e1n d\u00e9cadas en recuperarse.<\/p>\n\n\n\n<figure class=\"wp-block-image\" id=\"attachment_238707\"><img data-recalc-dims=\"1\" decoding=\"async\" src=\"https:\/\/i0.wp.com\/efeverde.com\/wp-content\/uploads\/2025\/09\/004_GPES20250830PA0983.jpg?w=640&#038;ssl=1\" alt=\"\" class=\"wp-image-238707\"\/><figcaption class=\"wp-element-caption\">30 agosto 2025. San Vicente de Leira, Ourense. \/ El municipio de Vilamart\u00edn de Valdeorras, Ourense, ha quedado reducido a un pu\u00f1ado de casas da\u00f1adas y otras tantas reducidas a escombros. El fuego del incendio forestal de Larouco arras\u00f3 60 viviendas con destrozos, 15 de ellas residencias habituales. El incendio de Larouco (Ourense), iniciado en la parroquia de Seadur se trata del mayor fuego de la historia de Galicia desde que hay registros: ha arrasado m\u00e1s de 30.000 hect\u00e1reas, llegando hasta el santuario ecol\u00f3gico de la Serra de O Courel.<br \/>\u00a9Greenpeace\/ Pedro Armestre<\/figcaption><\/figure>\n\n\n\n<h2 class=\"wp-block-heading\">Reflexiones desde Ourense<\/h2>\n\n\n\n<p>Armestre es contundente: \u201cEl mayor pir\u00f3mano es el pol\u00edtico que, conociendo la problem\u00e1tica desde hace a\u00f1os, ha abandonado la gesti\u00f3n forestal y el territorio\u201d.<\/p>\n\n\n\n<p>Si bien reconoce que la ola de calor de 15 d\u00edas y la primavera lluviosa agravaron la situaci\u00f3n, insiste en que la falta de planificaci\u00f3n convierte cada verano en un polvor\u00edn porque \u201csi tienes el territorio abandonado y adem\u00e1s no cuidas a los servicios de extinci\u00f3n, lo que ocurre es normal: un d\u00eda arde, y cuando lo hace, el fuego es imparable\u201d, dice Amestre.<\/p>\n\n\n\n<p>En su opini\u00f3n, \u201cel problema no se debe \u00fanicamente al abandono rural, ni a la emergencia clim\u00e1tica, ni a la falta de inversi\u00f3n p\u00fablica y prevenci\u00f3n; es un poco de cada cosa, y cuando todas se juntan sucede lo que vimos este verano\u201d.EFEverde<\/p>\n","protected":false},"excerpt":{"rendered":"<p>Valeria L\u00f3pez Pe\u00f1a Madrid (EFEverde).- \u00abEl negro es infinito desde el aire\u00bb, explica a EFEverde el fot\u00f3grafo gallego Pedro Armestre, quien ha documentado desde una avioneta el rastro de los megaincendios que este verano arrasaron amplias zonas Ourense, Le\u00f3n y Zamora. En colaboraci\u00f3n con Greenpeace, Armestre ha volado sobre lo que antes fueron hogares, espacios [&hellip;]<\/p>\n","protected":false},"author":1,"featured_media":192137,"comment_status":"closed","ping_status":"closed","sticky":false,"template":"","format":"standard","meta":{"_acf_changed":false,"_jetpack_memberships_contains_paid_content":false,"footnotes":"","jetpack_publicize_message":"","jetpack_publicize_feature_enabled":true,"jetpack_social_post_already_shared":true,"jetpack_social_options":{"image_generator_settings":{"template":"highway","default_image_id":0,"font":"","enabled":false},"version":2}},"categories":[6],"tags":[],"class_list":["post-192136","post","type-post","status-publish","format-standard","has-post-thumbnail","hentry","category-ecologia"],"acf":[],"jetpack_publicize_connections":[],"jetpack_featured_media_url":"https:\/\/i0.wp.com\/sportseco.com\/wp-content\/uploads\/2025\/09\/Portada.jpg?fit=1920%2C1280&ssl=1","jetpack_sharing_enabled":true,"_links":{"self":[{"href":"https:\/\/sportseco.com\/index.php?rest_route=\/wp\/v2\/posts\/192136","targetHints":{"allow":["GET"]}}],"collection":[{"href":"https:\/\/sportseco.com\/index.php?rest_route=\/wp\/v2\/posts"}],"about":[{"href":"https:\/\/sportseco.com\/index.php?rest_route=\/wp\/v2\/types\/post"}],"author":[{"embeddable":true,"href":"https:\/\/sportseco.com\/index.php?rest_route=\/wp\/v2\/users\/1"}],"replies":[{"embeddable":true,"href":"https:\/\/sportseco.com\/index.php?rest_route=%2Fwp%2Fv2%2Fcomments&post=192136"}],"version-history":[{"count":1,"href":"https:\/\/sportseco.com\/index.php?rest_route=\/wp\/v2\/posts\/192136\/revisions"}],"predecessor-version":[{"id":192138,"href":"https:\/\/sportseco.com\/index.php?rest_route=\/wp\/v2\/posts\/192136\/revisions\/192138"}],"wp:featuredmedia":[{"embeddable":true,"href":"https:\/\/sportseco.com\/index.php?rest_route=\/wp\/v2\/media\/192137"}],"wp:attachment":[{"href":"https:\/\/sportseco.com\/index.php?rest_route=%2Fwp%2Fv2%2Fmedia&parent=192136"}],"wp:term":[{"taxonomy":"category","embeddable":true,"href":"https:\/\/sportseco.com\/index.php?rest_route=%2Fwp%2Fv2%2Fcategories&post=192136"},{"taxonomy":"post_tag","embeddable":true,"href":"https:\/\/sportseco.com\/index.php?rest_route=%2Fwp%2Fv2%2Ftags&post=192136"}],"curies":[{"name":"wp","href":"https:\/\/api.w.org\/{rel}","templated":true}]}}