{"id":192191,"date":"2025-09-03T16:11:09","date_gmt":"2025-09-03T20:11:09","guid":{"rendered":"https:\/\/sportseco.com\/?p=192191"},"modified":"2025-09-03T16:11:15","modified_gmt":"2025-09-03T20:11:15","slug":"etapa-en-bilbao-sin-ganador-y-con-la-meta-tomada-por-la-policia","status":"publish","type":"post","link":"https:\/\/sportseco.com\/?p=192191","title":{"rendered":"Etapa en Bilbao: Sin ganador y con la meta tomada por la polic\u00eda"},"content":{"rendered":"\n<h2 class=\"wp-block-heading\">La 11\u00aa etapa de la Vuelta a Espa\u00f1a 2025 no tuvo ganador por decisi\u00f3n tomada por la organizaci\u00f3n \u00abpor motivos de seguridad\u00bb. Los tiempos para la clasificaci\u00f3n general se contaron a tres kil\u00f3metros de meta, siendo Jonas Vingegaard y Tom Pidcock los primeros en llegar a ese punto. La l\u00ednea de llegada de la Gran V\u00eda se llen\u00f3 de polic\u00edas para contener cualquier manifestaci\u00f3n o invasi\u00f3n del recorrido<\/h2>\n\n\n\n<p>El ca\u00f3tico final de la 11\u00aa etapa en Bilbao: Vingegaard y Pidcock llegaron en medio de la confusi\u00f3n<\/p>\n\n\n\n<p>El final de la und\u00e9cima etapa de la<strong>&nbsp;Vuelta a Espa\u00f1a<\/strong>&nbsp;en las calles de&nbsp;<strong>Bilbao<\/strong>&nbsp;se vio alterado a causa de las protestas contra Israel.&nbsp;<strong>Decenas de efectivos de polic\u00eda<\/strong>&nbsp;se apostaron ante el p\u00fablico en la zona de meta para evitar altercados y m\u00e1s protestas, de ah\u00ed la decisi\u00f3n de tomar los tiempos a tres kil\u00f3metros de meta y evitar que el pelot\u00f3n entrara en la Gran V\u00eda y en esa zona de l\u00ednea de meta.<\/p>\n\n\n\n<p>El ca\u00f3tico y confuso final se resume en la imagen del l\u00edder&nbsp;<strong>Jonas Vingegaard<\/strong>&nbsp;y&nbsp;<strong>Tom Pidcock&nbsp;<\/strong>pasando juntos por esa zona de toma de tiempos oficial, con unos segundos de ventaja sobre un grupo donde estaban Joao Almeida, Matteo Jorgenson, Jai Hindley y Felix Gall. Por lo que el dan\u00e9s deber\u00eda salir&nbsp;<a href=\"https:\/\/espanol.eurosport.com\/ciclismo\/vuelta-a-espana\/2025\/clasificacion-general-maillot-rojo-resultados-tiempos-diferencias-favoritos-hoy_sto23213006\/story.shtml\">m\u00e1s l\u00edder&nbsp;<\/a>tras este accidentado desenlace.<\/p>\n\n\n\n<p>Ya casi parados, Vingegaard y otros compa\u00f1eros&nbsp;<strong>desfilaron hacia sus autobuses de equipo<\/strong>, pasando por las inmediaciones del estadio de San Mam\u00e9s, incluso llegando a ser acompa\u00f1ados por furgones de la Ertzaintza, la polic\u00eda auton\u00f3mica vasca, que se pusieron en marcha a la llegada de estos corredores. Por otro lado, Tom Pidcock regal\u00f3 una imagen curiosa al dirigirse en bici hacia la misma l\u00ednea de meta, pasando entre esa mara\u00f1a de polic\u00edas y fot\u00f3grafos.<\/p>\n\n\n\n<p><a href=\"https:\/\/espanol.eurosport.com\/ciclismo\/vuelta-a-espana\/2025\/puede-organizacion-uci-expulsar-israel-premier-tech-lo-que-dice-normativa-decision-muy-compleja-acabaria-judicializada_sto23218026\/story.shtml\"><\/a><\/p>\n\n\n\n<figure class=\"wp-block-image\"><a class=\"card-hover relative flex w-full overflow-hidden max-md:px-5 max-md:py-3 bg-onLight-01 md:max-lg:bg-transparent lg:bg-transparent max-md:h-[124px] md:max-lg:h-25 lg:h-25\" href=\"https:\/\/espanol.eurosport.com\/ciclismo\/vuelta-a-espana\/2025\/puede-organizacion-uci-expulsar-israel-premier-tech-lo-que-dice-normativa-decision-muy-compleja-acabaria-judicializada_sto23218026\/story.shtml\"><img data-recalc-dims=\"1\" decoding=\"async\" src=\"https:\/\/i0.wp.com\/imgresizer.eurosport.com\/unsafe\/420x420\/filters%3Aformat%28jpeg%29\/origin-imgresizer.eurosport.com\/2025\/09\/03\/image-34cbc7ab-3332-49f3-b5d5-dc1fc8b75bad-68-310-310.jpeg?w=640&#038;ssl=1\" alt=\"\u00bfPueden La Vuelta o la UCI expulsar al Israel? Lo que dice la normativa de una decisi\u00f3n muy compleja\"\/><\/a><\/figure>\n\n\n\n<p><a href=\"https:\/\/espanol.eurosport.com\/ciclismo\/vuelta-a-espana\/2025\/puede-organizacion-uci-expulsar-israel-premier-tech-lo-que-dice-normativa-decision-muy-compleja-acabaria-judicializada_sto23218026\/story.shtml\">Vuelta a Espa\u00f1a<\/a><\/p>\n\n\n\n<h3 class=\"wp-block-heading\"><a href=\"https:\/\/espanol.eurosport.com\/ciclismo\/vuelta-a-espana\/2025\/puede-organizacion-uci-expulsar-israel-premier-tech-lo-que-dice-normativa-decision-muy-compleja-acabaria-judicializada_sto23218026\/story.shtml\">\u00bfPueden La Vuelta o la UCI expulsar al Israel? Lo que dice la normativa de una decisi\u00f3n muy compleja<\/a><\/h3>\n\n\n\n<p>Los incidentes acabaron sald\u00e1ndose con&nbsp;<strong>tres detenidos, cinco personas identificadas y cuatro agentes de la Ertzaintza lesionados<\/strong>.<\/p>\n\n\n\n<figure class=\"wp-block-image\"><img data-recalc-dims=\"1\" decoding=\"async\" src=\"https:\/\/i0.wp.com\/imgresizer.eurosport.com\/unsafe\/1200x0\/filters%3Aformat%28jpeg%29\/origin-imgresizer.eurosport.com\/2025\/09\/03\/image-2aca5a3b-8c41-427d-b0bb-83e80090f697-85-2560-1440.jpeg?w=640&#038;ssl=1\" alt=\"picture\"\/><\/figure>\n\n\n\n<p>La meta de Bilbao, tomada por polic\u00edas para evitar altercados por las protestas contra Israel<\/p>\n\n\n\n<p>Autor del v\u00eddeo: Eurosport<\/p>\n\n\n\n<h2 class=\"wp-block-heading\">Primero, neutralizaci\u00f3n: No hubo ganador<\/h2>\n\n\n\n<p>En la subida final a Pike Bidea,&nbsp;<strong>Radio Vuelta alert\u00f3 a equipos y corredores<\/strong>&nbsp;de que el final de etapa quedar\u00eda neutralizado: no habr\u00eda ni \u00faltimo paso por meta ni ganador de etapa en Bilbao. Contar\u00edan los puntos de la monta\u00f1a y de la clasificaci\u00f3n por puntos y tambi\u00e9n de la general, tomados a tres kil\u00f3metros de la llegada, en una zona pr\u00e1cticamente improvisada.<\/p>\n\n\n\n<p>Y as\u00ed fueron llegando los ciclistas, tras un inicio de jornada que pudo transcurrir casi con total normalidad tras la&nbsp;<a href=\"https:\/\/espanol.eurosport.com\/ciclismo\/vuelta-a-espana\/2025\/paron-peloton-11-etapa-videos-imagenes-contexto-reunion-equipos-expulsion-israel-premier-tech_sto23217892\/story.shtml\">reuni\u00f3n entre equipos y organizaci\u00f3n<\/a>&nbsp;en la salida para abordar la posible exclusi\u00f3n del equipo Israel-Premier Tech y demandando seguridad ante posibles protestas y un posterior par\u00f3n en la neutralizada, causado por una plataforma pro Palestina.<\/p>\n\n\n\n<h2 class=\"wp-block-heading\">Carlos Verona, primer portavoz del pelot\u00f3n<\/h2>\n\n\n\n<p><strong>Carlos Verona<\/strong>, ciclista espa\u00f1ol del Lidl-Trek, se erigi\u00f3 en portavoz del pelot\u00f3n en la meta de Bilbao, hablando muy claro y tratando de separar las leg\u00edtimas protestas del deporte y la integridad de los corredores.<\/p>\n\n\n\n<figure class=\"wp-block-image\"><img data-recalc-dims=\"1\" decoding=\"async\" src=\"https:\/\/i0.wp.com\/imgresizer.eurosport.com\/unsafe\/1200x0\/filters%3Aformat%28jpeg%29\/origin-imgresizer.eurosport.com\/2025\/09\/03\/image-2c93441a-50af-4a01-848b-6b52df1bb423-85-2560-1440.jpeg?w=640&#038;ssl=1\" alt=\"picture\"\/><\/figure>\n\n\n\n<p>Verona hace un llamamiento en Eurosport ante las protestas: \u00abHay que alejar la pol\u00edtica del deporte\u00bb<\/p>\n\n\n\n<p>Autor del v\u00eddeo: Eurosport<\/p>\n\n\n\n<h2 class=\"wp-block-heading\">LO QUE PUEDE PASAR TRAS ESTE PRECEDENTE<\/h2>\n\n\n\n<p>Las protestas de activistas pro Palestina y de otros aficionados contra el equipo Israel-Premier Tech desde el inicio de la Vuelta a Espa\u00f1a 2025 han sido una constante, especialmente desde la llegada a territorio nacional tras el inicio en Italia. El primer cap\u00edtulo fue la protesta que detuvo por momentos la contrarreloj por equipos al paso del equipo israel\u00ed. Despu\u00e9s, d\u00eda a d\u00eda pueden verse centenares de banderas de Palestina y pancartas reivindicativas denunciando la intervenci\u00f3n armada de Israel en Gaza.<\/p>\n\n\n\n<figure class=\"wp-block-image\"><img data-recalc-dims=\"1\" decoding=\"async\" src=\"https:\/\/i0.wp.com\/imgresizer.eurosport.com\/unsafe\/1200x0\/filters%3Aformat%28jpeg%29\/origin-imgresizer.eurosport.com\/2025\/08\/27\/image-4d458649-1df5-440a-b399-f6a8227822ba-85-2560-1440.jpeg?w=640&#038;ssl=1\" alt=\"picture\"\/><\/figure>\n\n\n\n<p>Una protesta contra el equipo Israel oblig\u00f3 a detener la crono: La secuencia del suceso<\/p>\n\n\n\n<p>Autor del v\u00eddeo: Eurosport<\/p>\n\n\n\n<p>La&nbsp;<strong>posible exclusi\u00f3n del Israel-Premier Tech est\u00e1 encima de la mesa<\/strong>&nbsp;y la organizaci\u00f3n de la carrera y la Uni\u00f3n Ciclista Internacional (UCI) podr\u00edan tomar medidas inminentes y excluirlos de forma definitiva para evitar cualquier nueva acci\u00f3n o protesta que pueda poner en peligro la integridad y seguridad de ciclistas y caravana.<\/p>\n\n\n\n<p>Conviene recordar que tras la invasi\u00f3n de Rusia a Ucrania, s\u00ed se excluy\u00f3 y vet\u00f3 al principal equipo ruso, el Gazprom, de todas las competiciones internacionales UCI. Algo que no ha sucedido con el Israel-Premier Tech, propiedad del empresario israel\u00ed Sylvan Adams.<\/p>\n\n\n\n<p><\/p>\n\n\n\n<p>eurosport.com<\/p>\n","protected":false},"excerpt":{"rendered":"<p>La 11\u00aa etapa de la Vuelta a Espa\u00f1a 2025 no tuvo ganador por decisi\u00f3n tomada por la organizaci\u00f3n \u00abpor motivos de seguridad\u00bb. Los tiempos para la clasificaci\u00f3n general se contaron a tres kil\u00f3metros de meta, siendo Jonas Vingegaard y Tom Pidcock los primeros en llegar a ese punto. La l\u00ednea de llegada de la Gran [&hellip;]<\/p>\n","protected":false},"author":1,"featured_media":192192,"comment_status":"closed","ping_status":"closed","sticky":false,"template":"","format":"standard","meta":{"_acf_changed":false,"_jetpack_memberships_contains_paid_content":false,"footnotes":"","jetpack_publicize_message":"","jetpack_publicize_feature_enabled":true,"jetpack_social_post_already_shared":true,"jetpack_social_options":{"image_generator_settings":{"template":"highway","default_image_id":0,"font":"","enabled":false},"version":2}},"categories":[1],"tags":[],"class_list":["post-192191","post","type-post","status-publish","format-standard","has-post-thumbnail","hentry","category-uncategorized"],"acf":[],"jetpack_publicize_connections":[],"jetpack_featured_media_url":"https:\/\/i0.wp.com\/sportseco.com\/wp-content\/uploads\/2025\/09\/68b8685a21047.jpeg?fit=948%2C465&ssl=1","jetpack_sharing_enabled":true,"_links":{"self":[{"href":"https:\/\/sportseco.com\/index.php?rest_route=\/wp\/v2\/posts\/192191","targetHints":{"allow":["GET"]}}],"collection":[{"href":"https:\/\/sportseco.com\/index.php?rest_route=\/wp\/v2\/posts"}],"about":[{"href":"https:\/\/sportseco.com\/index.php?rest_route=\/wp\/v2\/types\/post"}],"author":[{"embeddable":true,"href":"https:\/\/sportseco.com\/index.php?rest_route=\/wp\/v2\/users\/1"}],"replies":[{"embeddable":true,"href":"https:\/\/sportseco.com\/index.php?rest_route=%2Fwp%2Fv2%2Fcomments&post=192191"}],"version-history":[{"count":1,"href":"https:\/\/sportseco.com\/index.php?rest_route=\/wp\/v2\/posts\/192191\/revisions"}],"predecessor-version":[{"id":192193,"href":"https:\/\/sportseco.com\/index.php?rest_route=\/wp\/v2\/posts\/192191\/revisions\/192193"}],"wp:featuredmedia":[{"embeddable":true,"href":"https:\/\/sportseco.com\/index.php?rest_route=\/wp\/v2\/media\/192192"}],"wp:attachment":[{"href":"https:\/\/sportseco.com\/index.php?rest_route=%2Fwp%2Fv2%2Fmedia&parent=192191"}],"wp:term":[{"taxonomy":"category","embeddable":true,"href":"https:\/\/sportseco.com\/index.php?rest_route=%2Fwp%2Fv2%2Fcategories&post=192191"},{"taxonomy":"post_tag","embeddable":true,"href":"https:\/\/sportseco.com\/index.php?rest_route=%2Fwp%2Fv2%2Ftags&post=192191"}],"curies":[{"name":"wp","href":"https:\/\/api.w.org\/{rel}","templated":true}]}}