{"id":192212,"date":"2025-09-03T18:48:40","date_gmt":"2025-09-03T22:48:40","guid":{"rendered":"https:\/\/sportseco.com\/?p=192212"},"modified":"2025-09-03T18:48:45","modified_gmt":"2025-09-03T22:48:45","slug":"colombia-todos-juntos-para-enfrentar-a-bolivia-video","status":"publish","type":"post","link":"https:\/\/sportseco.com\/?p=192212","title":{"rendered":"Colombia, Todos juntos para enfrentar a Bolivia. Video"},"content":{"rendered":"\n<p>La jornada empez\u00f3 a las 8:30 de la ma\u00f1ana cuando el director t\u00e9cnico,&nbsp;<strong>N\u00e9stor Lorenzo, ofreci\u00f3 la conferencia de prensa oficial junto a David Ospina.<\/strong>&nbsp;El experimentado arquero junto al estratega dieron sus impresiones sobre el pr\u00f3ximo partido contra Bolivia y resaltaron la importancia del apoyo de los aficionados de cara al encuentro.<\/p>\n\n\n\n<p>Con respecto a lo que espera para el partido por parte del seleccionado boliviano, Lorenzo afirm\u00f3:&nbsp;<strong>\u201cBolivia es un equipo muy ordenado<\/strong>, no creo que se meta atr\u00e1s, un bloque medio y compacto que va a querer cortar nuestra generaci\u00f3n de juego, pero la responsabilidad es nuestra, en nuestro estadio y vamos a tratar de hacerlo de la mejor manera\u201d<\/p>\n\n\n\n<p>Posterior a la atenci\u00f3n a medios, los jugadores se trasladaron al campo, donde hicieron el calentamiento con pelota. M\u00e1s tarde, trabajaron en el plan de partido y las ABP.<\/p>\n\n\n\n<p>Finalmente, al cerrar la sesi\u00f3n, el equipo llev\u00f3 a cabo un partido recreativo.<\/p>\n\n\n\n<p>El pr\u00f3ximo jueves, 4 de septiembre, a las 6:30 P.M (HORA COL)&nbsp;<strong>Colombia enfrentar\u00e1 a la selecci\u00f3n Boliviana en el estadio Metropolitano de Barranquilla.<\/strong><\/p>\n\n\n\n<p><strong>A continuaci\u00f3n la conferencia de prensa:<\/strong><\/p>\n\n\n\n<figure class=\"wp-block-embed is-type-video is-provider-youtube wp-block-embed-youtube wp-embed-aspect-16-9 wp-has-aspect-ratio\"><div class=\"wp-block-embed__wrapper\">\n<iframe loading=\"lazy\" title=\"\u00a1Lo mejor de la conferencia de prensa de la Selecci\u00f3n Colombia de Mayores!\" width=\"640\" height=\"360\" src=\"https:\/\/www.youtube.com\/embed\/tSkB89e78Ok?feature=oembed\" frameborder=\"0\" allow=\"accelerometer; autoplay; clipboard-write; encrypted-media; gyroscope; picture-in-picture; web-share\" referrerpolicy=\"strict-origin-when-cross-origin\" allowfullscreen><\/iframe>\n<\/div><\/figure>\n\n\n\n<figure class=\"wp-block-embed is-type-rich is-provider-gestor-del-servicio wp-block-embed-gestor-del-servicio\"><div class=\"wp-block-embed__wrapper\">\nhttps:\/\/youtube.com\/watch?v=tSkB89e78Ok%3Ffeature%3Doembed\n<\/div><\/figure>\n\n\n\n<p>fcf.com.co<\/p>\n","protected":false},"excerpt":{"rendered":"<p>La jornada empez\u00f3 a las 8:30 de la ma\u00f1ana cuando el director t\u00e9cnico,&nbsp;N\u00e9stor Lorenzo, ofreci\u00f3 la conferencia de prensa oficial junto a David Ospina.&nbsp;El experimentado arquero junto al estratega dieron sus impresiones sobre el pr\u00f3ximo partido contra Bolivia y resaltaron la importancia del apoyo de los aficionados de cara al encuentro. Con respecto a lo [&hellip;]<\/p>\n","protected":false},"author":1,"featured_media":192214,"comment_status":"closed","ping_status":"closed","sticky":false,"template":"","format":"standard","meta":{"_acf_changed":false,"_jetpack_memberships_contains_paid_content":false,"footnotes":"","jetpack_publicize_message":"","jetpack_publicize_feature_enabled":true,"jetpack_social_post_already_shared":true,"jetpack_social_options":{"image_generator_settings":{"template":"highway","default_image_id":0,"font":"","enabled":false},"version":2}},"categories":[5],"tags":[],"class_list":["post-192212","post","type-post","status-publish","format-standard","has-post-thumbnail","hentry","category-futbol"],"acf":[],"jetpack_publicize_connections":[],"jetpack_featured_media_url":"https:\/\/i0.wp.com\/sportseco.com\/wp-content\/uploads\/2025\/09\/WhatsApp-Image-2025-09-03-at-12.53.51-PM-2048x1229-1.jpeg?fit=2048%2C1229&ssl=1","jetpack_sharing_enabled":true,"_links":{"self":[{"href":"https:\/\/sportseco.com\/index.php?rest_route=\/wp\/v2\/posts\/192212","targetHints":{"allow":["GET"]}}],"collection":[{"href":"https:\/\/sportseco.com\/index.php?rest_route=\/wp\/v2\/posts"}],"about":[{"href":"https:\/\/sportseco.com\/index.php?rest_route=\/wp\/v2\/types\/post"}],"author":[{"embeddable":true,"href":"https:\/\/sportseco.com\/index.php?rest_route=\/wp\/v2\/users\/1"}],"replies":[{"embeddable":true,"href":"https:\/\/sportseco.com\/index.php?rest_route=%2Fwp%2Fv2%2Fcomments&post=192212"}],"version-history":[{"count":1,"href":"https:\/\/sportseco.com\/index.php?rest_route=\/wp\/v2\/posts\/192212\/revisions"}],"predecessor-version":[{"id":192215,"href":"https:\/\/sportseco.com\/index.php?rest_route=\/wp\/v2\/posts\/192212\/revisions\/192215"}],"wp:featuredmedia":[{"embeddable":true,"href":"https:\/\/sportseco.com\/index.php?rest_route=\/wp\/v2\/media\/192214"}],"wp:attachment":[{"href":"https:\/\/sportseco.com\/index.php?rest_route=%2Fwp%2Fv2%2Fmedia&parent=192212"}],"wp:term":[{"taxonomy":"category","embeddable":true,"href":"https:\/\/sportseco.com\/index.php?rest_route=%2Fwp%2Fv2%2Fcategories&post=192212"},{"taxonomy":"post_tag","embeddable":true,"href":"https:\/\/sportseco.com\/index.php?rest_route=%2Fwp%2Fv2%2Ftags&post=192212"}],"curies":[{"name":"wp","href":"https:\/\/api.w.org\/{rel}","templated":true}]}}