{"id":192317,"date":"2025-09-05T17:12:20","date_gmt":"2025-09-05T21:12:20","guid":{"rendered":"https:\/\/sportseco.com\/?p=192317"},"modified":"2025-09-05T17:12:24","modified_gmt":"2025-09-05T21:12:24","slug":"china-logra-mejorar-la-calidad-del-aire-pero-los-incendios-forestales-en-otros-paises-contrarrestan-el-logro","status":"publish","type":"post","link":"https:\/\/sportseco.com\/?p=192317","title":{"rendered":"China logra mejorar la calidad del aire, pero los incendios forestales en otros pa\u00edses contrarrestan el logro"},"content":{"rendered":"\n<figure class=\"wp-block-image\"><img data-recalc-dims=\"1\" decoding=\"async\" src=\"https:\/\/i0.wp.com\/global.unitednations.entermediadb.net\/assets\/mediadb\/services\/module\/asset\/downloads\/preset\/assets\/2019\/04\/11-04-2019-altai-wetland-china-2.jpg\/image1170x530cropped.jpg?w=640&#038;ssl=1\" alt=\"ARCHIVO: Las medidas para combatir la mala calidad del aire funcionan, como lo demuestra el caso de China. En la imagen, las monta\u00f1as de Altai y los humedales del noroeste de China.\" title=\"ARCHIVO: Las medidas para combatir la mala calidad del aire funcionan, como lo demuestra el caso de China. En la imagen, las monta\u00f1as de Altai y los humedales del noroeste de China.\"\/><\/figure>\n\n\n\n<p>UNDP China\/Krause, Johansen<\/p>\n\n\n\n<p>ARCHIVO: Las medidas para combatir la mala calidad del aire funcionan, como lo demuestra el caso de China. En la imagen, las monta\u00f1as de Altai y los humedales del noroeste de China.<a><\/a><\/p>\n\n\n\n<p><strong><time datetime=\"2025-09-05T12:00:00Z\">5 Septiembre 2025<\/time><\/strong>&nbsp;<strong><a href=\"https:\/\/news.un.org\/es\/news\/topic\/climate-change\">Cambio clim\u00e1tico y medioambiente<\/a><\/strong><\/p>\n\n\n\n<p>El \u00faltimo informe sobre la calidad del aire, publicado por la agencia meteorol\u00f3gica, revela que las medidas para combatir la mala calidad del aire funcionan, como lo demuestra el caso de China. Sin embargo, esa haza\u00f1a se ve empa\u00f1ada por los incendios forestales en la pen\u00ednsula ib\u00e9rica, el amazonas brasile\u00f1o, Canad\u00e1 y la Siberia rusa. El informe expone c\u00f3mo la calidad del aire y el cambio clim\u00e1tico son dos caras de la misma moneda.<\/p>\n\n\n\n<p>Un nuevo informe de la&nbsp;<a href=\"https:\/\/public.wmo.int\/es\" target=\"_blank\" rel=\"noreferrer noopener\">Organizaci\u00f3n Meteorol\u00f3gica Mundial<\/a>&nbsp;(<a href=\"https:\/\/public.wmo.int\/es\" target=\"_blank\" rel=\"noreferrer noopener\">OMM<\/a>) destaca la compleja y dual relaci\u00f3n entre la calidad del aire y el clima. El documento subraya tanto los avances alentadores en la reducci\u00f3n de emisiones como las severas consecuencias de los incendios forestales que arrasaron regiones de Am\u00e9rica del Sur y Europa.<\/p>\n\n\n\n<p>El&nbsp;<a href=\"https:\/\/wmo.int\/es\/news\/media-centre\/estamos-inmersos-en-un-circulo-vicioso-segun-se-destaca-en-el-boletin-de-la-omm-sobre-la-calidad-del\" target=\"_blank\" rel=\"noreferrer noopener\"><em>Bolet\u00edn de Calidad del Aire y Clima 2025<\/em><\/a>, publicado este viernes, revela que&nbsp;<strong>las pol\u00edticas de control de emisiones en China oriental han resultado en una marcada mejora<\/strong>&nbsp;de la calidad del aire, representada por \u00abanomal\u00edas negativas\u00bb de material particulado fino (PM 2.5). Esto significa que los niveles de estas part\u00edculas da\u00f1inas est\u00e1n por debajo del promedio del per\u00edodo de referencia (2003-2024).<\/p>\n\n\n\n<p>\u00abVemos anomal\u00edas negativas, particularmente sobre el este de China, lo cual es un reflejo de la disminuci\u00f3n de emisiones, la reducci\u00f3n de emisiones que hemos tenido all\u00ed en los \u00faltimos a\u00f1os. As\u00ed que son buenas noticias\u00bb, afirm\u00f3 durante una rueda de prensa para presentar el informe el doctor Lorenzo Labrador, oficial cient\u00edfico de la OMM y coordinador del bolet\u00edn.<\/p>\n\n\n\n<p>Este progreso contrasta fuertemente con el panorama en otras partes del mundo, donde&nbsp;<strong>los incendios forestales, exacerbados por las condiciones clim\u00e1ticas<\/strong>, han sido el principal motor del deterioro de la calidad del aire.<\/p>\n\n\n\n<p>El bolet\u00edn identifica \u00abanomal\u00edas positivas\u00bb muy marcadas de PM 2.5 \u2013es decir, niveles por encima del promedio\u2013 en la cuenca del Amazonas, el norte de Canad\u00e1 y Siberia, atribuy\u00e9ndolas directamente a \u00abtemporadas de incendios forestales muy fuertes\u00bb.<\/p>\n\n\n\n<h2 class=\"wp-block-heading\">Consecuencias transfronterizas de los incendios<\/h2>\n\n\n\n<p>El impacto de estos incendios no conoce fronteras. El humo y la contaminaci\u00f3n resultantes tienen \u00abel poder de cruzar fronteras y viajar distancias muy largas\u00bb, degradando la calidad del aire en ciudades lejanas.<\/p>\n\n\n\n<p>El informe documenta c\u00f3mo los incendios en la Amazon\u00eda durante agosto de 2024 provocaron aumentos bruscos en los niveles de PM 2.5&nbsp;<strong>en ciudades tan distantes como Santiago de Chile, Vi\u00f1a del Mar, Quito y el estado de S\u00e3o Paulo en Brasil<\/strong>.<\/p>\n\n\n\n<p>Esta problem\u00e1tica tambi\u00e9n se manifest\u00f3 con crudeza en Europa. Al responder una pregunta sobre los incendios que han asolado Espa\u00f1a este verano, Labrador calific\u00f3 la temporada en la Pen\u00ednsula Ib\u00e9rica como \u00abhist\u00f3rica\u00bb. Citando datos del Servicio de Monitoreo Atmosf\u00e9rico de Copernicus, se\u00f1al\u00f3 que, en t\u00e9rminos de emisiones acumuladas de CO\u2082, ha sido la temporada m\u00e1s fuerte registrada desde 2003.<\/p>\n\n\n\n<p>\u00abSe ha visto afectado aproximadamente el 1% de toda la Pen\u00ednsula Ib\u00e9rica, que es b\u00e1sicamente un \u00e1rea muy grande\u00bb, explic\u00f3 Labrador. \u00abEl problema es que, como dije antes, la calidad del aire no respeta l\u00edmites. El humo y la contaminaci\u00f3n que emanan de los incendios forestales en esta temporada r\u00e9cord en la Pen\u00ednsula Ib\u00e9rica&nbsp;<strong>ya se han detectado en Europa Occidental<\/strong>\u00ab.<\/p>\n\n\n\n<figure class=\"wp-block-image\"><img data-recalc-dims=\"1\" decoding=\"async\" src=\"https:\/\/i0.wp.com\/global.unitednations.entermediadb.net\/assets\/mediadb\/services\/module\/asset\/downloads\/preset\/Libraries\/Production%20Library\/20-08-2025_NASA_Portugal-Spain.jpg\/image1170x530cropped.jpg?w=640&#038;ssl=1\" alt=\"Los incendios forestales en Espa\u00f1a y Portugal se intensificaron repentinamente a mediados de agosto de 2025, en medio de la \u00faltima ola de calor que afect\u00f3 a la regi\u00f3n este verano. \" title=\"Los incendios forestales en Espa\u00f1a y Portugal se intensificaron repentinamente a mediados de agosto de 2025, en medio de la \u00faltima ola de calor que afect\u00f3 a la regi\u00f3n este verano. \"\/><\/figure>\n\n\n\n<p>\u00a9 NASA<\/p>\n\n\n\n<p>Los incendios forestales en Espa\u00f1a y Portugal se intensificaron repentinamente a mediados de agosto de 2025, en medio de la \u00faltima ola de calor que afect\u00f3 a la regi\u00f3n este verano.<\/p>\n\n\n\n<h2 class=\"wp-block-heading\">Las dos caras de la misma moneda<\/h2>\n\n\n\n<p>El mensaje central del bolet\u00edn es que la calidad del aire y el&nbsp;<a href=\"https:\/\/news.un.org\/es\/news\/topic\/climate-change\">cambio clim\u00e1tico<\/a>&nbsp;son dos caras de la misma moneda y deben abordarse de manera interconectada, ya que comparten fuentes de emisi\u00f3n.<\/p>\n\n\n\n<p>Un ejemplo citado es la normativa MARPOL de la Organizaci\u00f3n Mar\u00edtima Internacional que redujo el azufre en los combustibles de los buques. Si bien esto mejor\u00f3 inmediatamente la calidad del aire y redujo los problemas de salud en zonas costeras, tambi\u00e9n elimin\u00f3 el efecto de enfriamiento que ten\u00edan los aerosoles de sulfato, \u00abdesenmascarando\u00bb el calentamiento real de los gases de efecto invernadero y contribuyendo a un leve aumento de la temperatura.<\/p>\n\n\n\n<p>Los expertos enfatizaron que las medidas para combatir la mala calidad del aire funcionan, como lo demuestra el caso de China, pero requieren tiempo y una infraestructura robusta de monitoreo.<\/p>\n\n\n\n<p>La OMM hizo un llamado a desarrollar estas redes de observaci\u00f3n, especialmente en pa\u00edses en desarrollo que carecen de ellas, para poder evaluar con precisi\u00f3n el estado del aire y implementar pol\u00edticas efectivas.<\/p>\n\n\n\n<p>\u00ab<strong>Lo que esto indica es que los gobiernos necesitan implementar medidas para abordar estas preocupaciones de calidad del aire<\/strong>&nbsp;que tienen un impacto en la salud humana\u00bb, concluy\u00f3 Labrador.<\/p>\n\n\n\n<p>El bolet\u00edn sirve como una alerta sobre c\u00f3mo los fen\u00f3menos meteorol\u00f3gicos extremos, como los mega incendios, y&nbsp;<strong>las acciones humanas est\u00e1n moldeando el aire que respiramos a escala global<\/strong>, con consecuencias directas para la salud p\u00fablica y el planeta.<\/p>\n\n\n\n<h2 class=\"wp-block-heading\">Implicaciones para la salud<\/h2>\n\n\n\n<p>La contaminaci\u00f3n atmosf\u00e9rica est\u00e1 teniendo un impacto cada vez mayor en la salud humana, convirti\u00e9ndose en el segundo factor de riesgo de muerte a nivel mundial, seg\u00fan la quinta edici\u00f3n del informe&nbsp;<a href=\"https:\/\/www.stateofglobalair.org\/resources\/report\/state-global-air-report-2024\" target=\"_blank\" rel=\"noreferrer noopener\"><em>Estado del aire global<\/em><\/a>.<\/p>\n\n\n\n<p>El informe, publicado por el Instituto de Efectos sobre la Salud, una organizaci\u00f3n independiente de investigaci\u00f3n sin \u00e1nimo de lucro con sede en Estados Unidos, y que cuenta con la colaboraci\u00f3n de&nbsp;<a href=\"https:\/\/www.unicef.org\/es\" target=\"_blank\" rel=\"noreferrer noopener\">UNICEF<\/a>, concluy\u00f3 que la contaminaci\u00f3n atmosf\u00e9rica fue responsable de 8,1 millones de muertes en todo el mundo en 2021, lo que muestra un avance constante frente a estudios anteriores que la cifran en 7 millones, anuales.<\/p>\n\n\n\n<p><\/p>\n\n\n\n<p>news.un.org<\/p>\n","protected":false},"excerpt":{"rendered":"<p>UNDP China\/Krause, Johansen ARCHIVO: Las medidas para combatir la mala calidad del aire funcionan, como lo demuestra el caso de China. En la imagen, las monta\u00f1as de Altai y los humedales del noroeste de China. 5 Septiembre 2025&nbsp;Cambio clim\u00e1tico y medioambiente El \u00faltimo informe sobre la calidad del aire, publicado por la agencia meteorol\u00f3gica, revela [&hellip;]<\/p>\n","protected":false},"author":1,"featured_media":192318,"comment_status":"closed","ping_status":"closed","sticky":false,"template":"","format":"standard","meta":{"_acf_changed":false,"_jetpack_memberships_contains_paid_content":false,"footnotes":"","jetpack_publicize_message":"","jetpack_publicize_feature_enabled":true,"jetpack_social_post_already_shared":true,"jetpack_social_options":{"image_generator_settings":{"template":"highway","default_image_id":0,"font":"","enabled":false},"version":2}},"categories":[5],"tags":[],"class_list":["post-192317","post","type-post","status-publish","format-standard","has-post-thumbnail","hentry","category-futbol"],"acf":[],"jetpack_publicize_connections":[],"jetpack_featured_media_url":"https:\/\/i0.wp.com\/sportseco.com\/wp-content\/uploads\/2025\/09\/image1170x530cropped-2.jpg?fit=1178%2C530&ssl=1","jetpack_sharing_enabled":true,"_links":{"self":[{"href":"https:\/\/sportseco.com\/index.php?rest_route=\/wp\/v2\/posts\/192317","targetHints":{"allow":["GET"]}}],"collection":[{"href":"https:\/\/sportseco.com\/index.php?rest_route=\/wp\/v2\/posts"}],"about":[{"href":"https:\/\/sportseco.com\/index.php?rest_route=\/wp\/v2\/types\/post"}],"author":[{"embeddable":true,"href":"https:\/\/sportseco.com\/index.php?rest_route=\/wp\/v2\/users\/1"}],"replies":[{"embeddable":true,"href":"https:\/\/sportseco.com\/index.php?rest_route=%2Fwp%2Fv2%2Fcomments&post=192317"}],"version-history":[{"count":1,"href":"https:\/\/sportseco.com\/index.php?rest_route=\/wp\/v2\/posts\/192317\/revisions"}],"predecessor-version":[{"id":192319,"href":"https:\/\/sportseco.com\/index.php?rest_route=\/wp\/v2\/posts\/192317\/revisions\/192319"}],"wp:featuredmedia":[{"embeddable":true,"href":"https:\/\/sportseco.com\/index.php?rest_route=\/wp\/v2\/media\/192318"}],"wp:attachment":[{"href":"https:\/\/sportseco.com\/index.php?rest_route=%2Fwp%2Fv2%2Fmedia&parent=192317"}],"wp:term":[{"taxonomy":"category","embeddable":true,"href":"https:\/\/sportseco.com\/index.php?rest_route=%2Fwp%2Fv2%2Fcategories&post=192317"},{"taxonomy":"post_tag","embeddable":true,"href":"https:\/\/sportseco.com\/index.php?rest_route=%2Fwp%2Fv2%2Ftags&post=192317"}],"curies":[{"name":"wp","href":"https:\/\/api.w.org\/{rel}","templated":true}]}}