{"id":192323,"date":"2025-09-05T17:16:50","date_gmt":"2025-09-05T21:16:50","guid":{"rendered":"https:\/\/sportseco.com\/?p=192323"},"modified":"2025-09-05T17:16:54","modified_gmt":"2025-09-05T21:16:54","slug":"colombia-a-la-septima-copa-mundial-fifa-de-mayores","status":"publish","type":"post","link":"https:\/\/sportseco.com\/?p=192323","title":{"rendered":"\u00a1Colombia a la s\u00e9ptima Copa Mundial FIFA de Mayores!"},"content":{"rendered":"\n<p>La&nbsp;<strong>Selecci\u00f3n Colombia Masculina de Mayores disput\u00f3 hoy, 4 de septiembre, la fecha 17 de las Clasificatorias a la Copa Mundial de la FIFA 2026<\/strong>. El estadio Metropolitano de Barranquilla fue el escenario donde los colombianos aseguraron su clasificaci\u00f3n a la cita orbital.<\/p>\n\n\n\n<p>Desde el inicio del compromiso,&nbsp;<strong>la \u2018Sele\u2019 ejerci\u00f3 presi\u00f3n alta y domin\u00f3 el juego en el \u00faltimo tercio de la cancha.<\/strong>&nbsp;James Rodr\u00edguez se destac\u00f3 como conductor del equipo, distribuyendo el bal\u00f3n con precisi\u00f3n y generando opciones de ataque.<\/p>\n\n\n\n<p>La&nbsp;<strong>apertura del marcador lleg\u00f3 al minuto 31, cuando el capit\u00e1n colombiano anot\u00f3 el primer gol, desatando la euforia<\/strong>&nbsp;de los aficionados presentes en el \u2018Metro\u2019.<\/p>\n\n\n\n<p>En la segunda mitad,&nbsp;<strong>los dirigidos por N\u00e9stor Lorenzo continuaron en busca de ampliar la ventaja<\/strong>. Pese a los esfuerzos de la Selecci\u00f3n de Bolivia y la destacada actuaci\u00f3n del arquero Carlos Lampe, el delantero&nbsp;<strong>Jhon C\u00f3rdoba apareci\u00f3 al minuto 74 para marcar el segundo tanto<\/strong>&nbsp;y encender la celebraci\u00f3n en las tribunas.<\/p>\n\n\n\n<p>Finalmente,&nbsp;<strong>una brillante asistencia de Luis D\u00edaz permiti\u00f3 que Juan Fernando Quintero sellara el 3-0 definitivo<\/strong>&nbsp;con un potente remate, asegurando as\u00ed la s\u00e9ptima clasificaci\u00f3n de la Selecci\u00f3n Colombia a una Copa Mundial de la FIFA.<\/p>\n\n\n\n<p><strong>As\u00ed aline\u00f3 la Selecci\u00f3n:&nbsp;<\/strong>Camilo Vargas, Santiago Ariaa, Davinson S\u00e1nchez, Jhon Lucumi, Johan Mojica, Jefferson Lerma, Richard R\u00edos, Jhon Arias, James Rodr\u00edguez, Luis D\u00edaz y Jhon C\u00f3rdoba.<\/p>\n\n\n\n<h2 class=\"wp-block-heading\">El camino a la Copa Mundial<\/h2>\n\n\n\n<p>La Selecci\u00f3n Colombia har\u00e1 parte de la Copa Mundial de la FIFA 2026 y este fue el recorrido para volver a una cita mundialista:<\/p>\n\n\n\n<p><strong>Fecha 1 \u2013 Selecci\u00f3n Colombia vs. Venezuela<\/strong>: 1-0<\/p>\n\n\n\n<p><strong>Fecha 2 \u2013 Chile vs. Selecci\u00f3n Colombia:<\/strong>&nbsp;0-0<\/p>\n\n\n\n<p><strong>Fecha 3 \u2013 Selecci\u00f3n Colombia vs. Uruguay:<\/strong>&nbsp;2-2<\/p>\n\n\n\n<p><strong>Fecha 4 \u2013 Ecuador vs. Selecci\u00f3n Colombia:&nbsp;<\/strong>0-0<\/p>\n\n\n\n<p><strong>Fecha 5 \u2013 Selecci\u00f3n Colombia vs. Brasil:&nbsp;<\/strong>2-1<\/p>\n\n\n\n<p><strong>Fecha 6 \u2013 Paraguay vs.<\/strong>&nbsp;<strong>Selecci\u00f3n Colombia :<\/strong>&nbsp;0-1<\/p>\n\n\n\n<p><strong>Fecha 7 \u2013 Per\u00fa vs. Selecci\u00f3n Colombia:<\/strong>&nbsp;1-1<\/p>\n\n\n\n<p><strong>Fecha 8 \u2013 Selecci\u00f3n Colombia vs. Argentina:<\/strong>&nbsp;2-1<\/p>\n\n\n\n<p><strong>Fecha 9 \u2013 Bolivia vs. Selecci\u00f3n Colombia:&nbsp;<\/strong>1-0<\/p>\n\n\n\n<p><strong>Fecha 10 \u2013 Selecci\u00f3n Colombia vs. Chile:<\/strong>&nbsp;4-0<\/p>\n\n\n\n<p><strong>Fecha 11 \u2013 Uruguay vs. Selecci\u00f3n Colombia :<\/strong>&nbsp;3-2<\/p>\n\n\n\n<p><strong>Fecha 12 \u2013 Selecci\u00f3n Colombia vs. Ecuador:&nbsp;<\/strong>0-1<\/p>\n\n\n\n<p><strong>Fecha 13 \u2013 Brasil vs.<\/strong>&nbsp;<strong>Selecci\u00f3n Colombia: 2-1<\/strong><\/p>\n\n\n\n<p><strong>Fecha 14 \u2013 Selecci\u00f3n Colombia vs. Paraguay:<\/strong>&nbsp;2-2<\/p>\n\n\n\n<p><strong>Fecha 15 \u2013 Selecci\u00f3n Colombia vs. Per\u00fa:&nbsp;<\/strong>0-0<\/p>\n\n\n\n<p><strong>Fecha 16 \u2013 Argentina vs. Selecci\u00f3n Colombia:<\/strong>&nbsp;1-1<\/p>\n\n\n\n<p><strong>Fecha 17: Selecci\u00f3n Colombia vs. Bolivia:<\/strong>&nbsp;3-0<\/p>\n\n\n\n<p><\/p>\n\n\n\n<p>fcf.com.co<\/p>\n","protected":false},"excerpt":{"rendered":"<p>La&nbsp;Selecci\u00f3n Colombia Masculina de Mayores disput\u00f3 hoy, 4 de septiembre, la fecha 17 de las Clasificatorias a la Copa Mundial de la FIFA 2026. El estadio Metropolitano de Barranquilla fue el escenario donde los colombianos aseguraron su clasificaci\u00f3n a la cita orbital. Desde el inicio del compromiso,&nbsp;la \u2018Sele\u2019 ejerci\u00f3 presi\u00f3n alta y domin\u00f3 el juego [&hellip;]<\/p>\n","protected":false},"author":1,"featured_media":192324,"comment_status":"closed","ping_status":"closed","sticky":false,"template":"","format":"standard","meta":{"_acf_changed":false,"_jetpack_memberships_contains_paid_content":false,"footnotes":"","jetpack_publicize_message":"","jetpack_publicize_feature_enabled":true,"jetpack_social_post_already_shared":true,"jetpack_social_options":{"image_generator_settings":{"template":"highway","default_image_id":0,"font":"","enabled":false},"version":2}},"categories":[5],"tags":[],"class_list":["post-192323","post","type-post","status-publish","format-standard","has-post-thumbnail","hentry","category-futbol"],"acf":[],"jetpack_publicize_connections":[],"jetpack_featured_media_url":"https:\/\/i0.wp.com\/sportseco.com\/wp-content\/uploads\/2025\/09\/PIEZA-CLASIFICADOS-MUNDIAL-web-1.png?fit=1920%2C1080&ssl=1","jetpack_sharing_enabled":true,"_links":{"self":[{"href":"https:\/\/sportseco.com\/index.php?rest_route=\/wp\/v2\/posts\/192323","targetHints":{"allow":["GET"]}}],"collection":[{"href":"https:\/\/sportseco.com\/index.php?rest_route=\/wp\/v2\/posts"}],"about":[{"href":"https:\/\/sportseco.com\/index.php?rest_route=\/wp\/v2\/types\/post"}],"author":[{"embeddable":true,"href":"https:\/\/sportseco.com\/index.php?rest_route=\/wp\/v2\/users\/1"}],"replies":[{"embeddable":true,"href":"https:\/\/sportseco.com\/index.php?rest_route=%2Fwp%2Fv2%2Fcomments&post=192323"}],"version-history":[{"count":1,"href":"https:\/\/sportseco.com\/index.php?rest_route=\/wp\/v2\/posts\/192323\/revisions"}],"predecessor-version":[{"id":192325,"href":"https:\/\/sportseco.com\/index.php?rest_route=\/wp\/v2\/posts\/192323\/revisions\/192325"}],"wp:featuredmedia":[{"embeddable":true,"href":"https:\/\/sportseco.com\/index.php?rest_route=\/wp\/v2\/media\/192324"}],"wp:attachment":[{"href":"https:\/\/sportseco.com\/index.php?rest_route=%2Fwp%2Fv2%2Fmedia&parent=192323"}],"wp:term":[{"taxonomy":"category","embeddable":true,"href":"https:\/\/sportseco.com\/index.php?rest_route=%2Fwp%2Fv2%2Fcategories&post=192323"},{"taxonomy":"post_tag","embeddable":true,"href":"https:\/\/sportseco.com\/index.php?rest_route=%2Fwp%2Fv2%2Ftags&post=192323"}],"curies":[{"name":"wp","href":"https:\/\/api.w.org\/{rel}","templated":true}]}}