{"id":192379,"date":"2025-09-06T11:26:40","date_gmt":"2025-09-06T15:26:40","guid":{"rendered":"https:\/\/sportseco.com\/?p=192379"},"modified":"2025-09-06T11:26:45","modified_gmt":"2025-09-06T15:26:45","slug":"inter-miami-cf-cede-al-mediocampista-canterano-benjamin-cremaschi-al-parma-calcio-1913-de-la-serie-a","status":"publish","type":"post","link":"https:\/\/sportseco.com\/?p=192379","title":{"rendered":"Inter Miami CF cede al mediocampista canterano Benjamin Cremaschi al Parma Calcio 1913 de la Serie A"},"content":{"rendered":"\n<figure class=\"wp-block-image\"><img data-recalc-dims=\"1\" decoding=\"async\" src=\"https:\/\/i0.wp.com\/images.mlssoccer.com\/image\/private\/t_editorial_landscape_8_desktop_mobile\/f_auto\/mls-mia\/zlntmeazuphd3bkq8p9s.jpg?w=640&#038;ssl=1\" alt=\"0058-IMCF - Thank You Benja Cremaschi_16X9 (1)\"\/><\/figure>\n\n\n\n<p><strong>Inter Miami CF<\/strong>&nbsp;anunci\u00f3 hoy que ha cedido al mediocampista canterano Benjamin Cremaschi al Parma Calcio 1913 de la Serie A italiana hasta junio de 2026. Parma tambi\u00e9n tendr\u00e1 una opci\u00f3n de compra del mediocampista.<\/p>\n\n\n\n<p>Cremaschi, de 20 a\u00f1os, se convirti\u00f3 en el quinto jugador desarrollado en la Academia de Inter Miami CF en firmar un contrato con el Primer Equipo del Club en noviembre de 2022. Posteriormente, se convirti\u00f3 en el primer jugador desarrollado en la Academia en alcanzar los 100 partidos, con un total de 107 apariciones en todas las competiciones, aportando ocho goles y nueve asistencias. Cabe destacar que Cremaschi fue un jugador clave en la conquista del t\u00edtulo en la edici\u00f3n inaugural de la Leagues Cup en 2023 y el Supporters\u2019 Shield 2024 con una cifra r\u00e9cord de 74 puntos en la temporada regular.<\/p>\n\n\n\n<p>Cremaschi inicialmente se incorpor\u00f3 a Inter Miami en agosto del 2021 y r\u00e1pidamente ascendi\u00f3 por las categor\u00edas juveniles del Club. Brill\u00f3 a nivel Sub-17, en donde ayud\u00f3 al equipo a llegar hasta semifinales en la GA Cup y fue seleccionado para Juego de Estrellas de la MLS NEXT. El mediocampista tambi\u00e9n sobresali\u00f3 en la MLS NEXT Pro con Inter Miami CF II en 2022, debutando como profesional y sumando cinco goles y una asistencia en tan solo 743 minutos de juego en 13 partidos disputados, ocho de ellos formando parte del once inicial.<\/p>\n\n\n\n<p><strong>TRANSACCI\u00d3N:<\/strong>&nbsp;Inter Miami CF cede al mediocampista canterano Benjamin Cremaschi al Parma Calcio 1913 de la Serie A italiana hasta junio de 2026.<\/p>\n\n\n\n<p>Inter Miami CF Communications Department<\/p>\n\n\n\n<p><\/p>\n\n\n\n<p>intermiamicf.com<\/p>\n","protected":false},"excerpt":{"rendered":"<p>Inter Miami CF&nbsp;anunci\u00f3 hoy que ha cedido al mediocampista canterano Benjamin Cremaschi al Parma Calcio 1913 de la Serie A italiana hasta junio de 2026. Parma tambi\u00e9n tendr\u00e1 una opci\u00f3n de compra del mediocampista. Cremaschi, de 20 a\u00f1os, se convirti\u00f3 en el quinto jugador desarrollado en la Academia de Inter Miami CF en firmar un [&hellip;]<\/p>\n","protected":false},"author":1,"featured_media":192380,"comment_status":"closed","ping_status":"closed","sticky":false,"template":"","format":"standard","meta":{"_acf_changed":false,"_jetpack_memberships_contains_paid_content":false,"footnotes":"","jetpack_publicize_message":"","jetpack_publicize_feature_enabled":true,"jetpack_social_post_already_shared":true,"jetpack_social_options":{"image_generator_settings":{"template":"highway","default_image_id":0,"font":"","enabled":false},"version":2}},"categories":[5],"tags":[],"class_list":["post-192379","post","type-post","status-publish","format-standard","has-post-thumbnail","hentry","category-futbol"],"acf":[],"jetpack_publicize_connections":[],"jetpack_featured_media_url":"https:\/\/i0.wp.com\/sportseco.com\/wp-content\/uploads\/2025\/09\/zlntmeazuphd3bkq8p9s.webp?fit=2560%2C1440&ssl=1","jetpack_sharing_enabled":true,"_links":{"self":[{"href":"https:\/\/sportseco.com\/index.php?rest_route=\/wp\/v2\/posts\/192379","targetHints":{"allow":["GET"]}}],"collection":[{"href":"https:\/\/sportseco.com\/index.php?rest_route=\/wp\/v2\/posts"}],"about":[{"href":"https:\/\/sportseco.com\/index.php?rest_route=\/wp\/v2\/types\/post"}],"author":[{"embeddable":true,"href":"https:\/\/sportseco.com\/index.php?rest_route=\/wp\/v2\/users\/1"}],"replies":[{"embeddable":true,"href":"https:\/\/sportseco.com\/index.php?rest_route=%2Fwp%2Fv2%2Fcomments&post=192379"}],"version-history":[{"count":1,"href":"https:\/\/sportseco.com\/index.php?rest_route=\/wp\/v2\/posts\/192379\/revisions"}],"predecessor-version":[{"id":192381,"href":"https:\/\/sportseco.com\/index.php?rest_route=\/wp\/v2\/posts\/192379\/revisions\/192381"}],"wp:featuredmedia":[{"embeddable":true,"href":"https:\/\/sportseco.com\/index.php?rest_route=\/wp\/v2\/media\/192380"}],"wp:attachment":[{"href":"https:\/\/sportseco.com\/index.php?rest_route=%2Fwp%2Fv2%2Fmedia&parent=192379"}],"wp:term":[{"taxonomy":"category","embeddable":true,"href":"https:\/\/sportseco.com\/index.php?rest_route=%2Fwp%2Fv2%2Fcategories&post=192379"},{"taxonomy":"post_tag","embeddable":true,"href":"https:\/\/sportseco.com\/index.php?rest_route=%2Fwp%2Fv2%2Ftags&post=192379"}],"curies":[{"name":"wp","href":"https:\/\/api.w.org\/{rel}","templated":true}]}}