{"id":192696,"date":"2025-09-11T18:20:46","date_gmt":"2025-09-11T22:20:46","guid":{"rendered":"https:\/\/sportseco.com\/?p=192696"},"modified":"2025-09-11T18:20:52","modified_gmt":"2025-09-11T22:20:52","slug":"gran-premio-de-san-marino-siguiente-parada-de-david-alonso-en-el-moto2","status":"publish","type":"post","link":"https:\/\/sportseco.com\/?p=192696","title":{"rendered":"Gran Premio de San Marino, siguiente parada de David Alonso en el Moto2"},"content":{"rendered":"\n<figure class=\"wp-block-image\"><img data-recalc-dims=\"1\" height=\"360\" width=\"640\" decoding=\"async\" src=\"https:\/\/i0.wp.com\/olimpicocol.co\/web\/wp-content\/uploads\/2025\/09\/David-Alonso-Moto-2.-Foto-Aspar-Team-1200x675.jpeg?resize=640%2C360&#038;ssl=1\" alt=\"\"\/><\/figure>\n\n\n\n<p>Tras lo sucedido en el&nbsp;<strong>Gran Premio de Catalu\u00f1a<\/strong>, el piloto colombiano&nbsp;<strong>David Alonso<\/strong>&nbsp;alista motores para la d\u00e9cimo sexta parada del Campeonato Mundial de Moto2 que se desarrollar\u00e1, desde este viernes 12 de septiembre, en el Circuito de Misano Marco Simoncelli durante el&nbsp;<strong>Gran Premio de San Marino<\/strong>.<br \/><br \/>Nuestro representante parti\u00f3 desde el lugar 25 de la parrilla en la carrera del&nbsp;<strong>Gran Premio de Catalu\u00f1a<\/strong>.&nbsp;<strong>David&nbsp;<\/strong>busc\u00f3 su propio ritmo para avanzar puestos a lo largo de los 21 giros y consigui\u00f3 escalar a la octava casilla a +8.790 de su compa\u00f1ero de equipo&nbsp;<strong>Daniel Holgado<\/strong>, quien obtuvo la victoria con un tiempo de 36:21.444.<br \/><br \/>Previo al desarrollo del GP de San Marino,&nbsp;<strong>David&nbsp;<\/strong>aparece en la casilla 14 de la general con un acumulado de&nbsp;<strong>76&nbsp;<\/strong>puntos, manteni\u00e9ndose como el segundo mejor \u2018rookie\u2019 de la categor\u00eda antesala del<strong>&nbsp;Moto GP<\/strong>&nbsp;y siendo solo superado por su compa\u00f1ero en el&nbsp;<strong>Aspar Team<\/strong>,&nbsp;<strong>Daniel Holgado<\/strong>&nbsp;(112 unidades \u2013 s\u00e9ptimo lugar).<br \/><br \/>\u201cLlegamos a Misano sin tiempo para descansar, que es algo que nos viene bien para no perder ritmo. El objetivo es intentar estar m\u00e1s activo desde el primer d\u00eda y mejorar las cosas que hemos visto en Barcelona. Tenemos que estar todo el tiempo posible en pista sin pararnos, sin buscar rueda y d\u00e1ndolo todo hasta nuestro l\u00edmite\u201d, expres\u00f3&nbsp;<strong>Alonso&nbsp;<\/strong>a su equipo previo al inicio del&nbsp;<strong>Gran Premio<\/strong>.<br \/><br \/>El espa\u00f1ol&nbsp;<strong>Manuel Gonz\u00e1lez<\/strong>&nbsp;lidera la tabla en el&nbsp;<strong>Moto2&nbsp;<\/strong>con un global de 217 unidades, seguido por su compatriota&nbsp;<strong>Ar\u00f3n Canet<\/strong>&nbsp;con 179 y el brasile\u00f1o&nbsp;<strong>Diogo Moreira<\/strong>&nbsp;ocupa la tercera posici\u00f3n con 175 puntos.<br \/><br \/>Las emociones de una nueva parada de la categor\u00eda antesala del<strong>&nbsp;MotoGP&nbsp;<\/strong>comenzar\u00e1n ese viernes 12 de septiembre con la primera pr\u00e1ctica libre desde las 2:50 de la madrugada colombiana, seguida por la pr\u00e1ctica a las 7:05 de la ma\u00f1ana.<br \/><br \/>El s\u00e1bado, la segunda pr\u00e1ctica libre tendr\u00e1 lugar a las 2:25 am. y los pilotos saldr\u00e1n a las \u2018Qualys\u2019 desde las 6:40 para la primera y las 7:05 para la segunda. La jornada del domingo acoger\u00e1 la carrera principal, a 22 vueltas, con inicio a las 5:15 de la ma\u00f1ana en nuestro pa\u00eds.<\/p>\n\n\n\n<p><em>Foto cortes\u00eda Aspar Team.<\/em><\/p>\n\n\n\n<p><\/p>\n\n\n\n<p>olimpicocol.co<\/p>\n","protected":false},"excerpt":{"rendered":"<p>Tras lo sucedido en el&nbsp;Gran Premio de Catalu\u00f1a, el piloto colombiano&nbsp;David Alonso&nbsp;alista motores para la d\u00e9cimo sexta parada del Campeonato Mundial de Moto2 que se desarrollar\u00e1, desde este viernes 12 de septiembre, en el Circuito de Misano Marco Simoncelli durante el&nbsp;Gran Premio de San Marino. Nuestro representante parti\u00f3 desde el lugar 25 de la parrilla [&hellip;]<\/p>\n","protected":false},"author":1,"featured_media":192697,"comment_status":"closed","ping_status":"closed","sticky":false,"template":"","format":"standard","meta":{"_acf_changed":false,"_jetpack_memberships_contains_paid_content":false,"footnotes":"","jetpack_publicize_message":"","jetpack_publicize_feature_enabled":true,"jetpack_social_post_already_shared":true,"jetpack_social_options":{"image_generator_settings":{"template":"highway","default_image_id":0,"font":"","enabled":false},"version":2}},"categories":[10],"tags":[],"class_list":["post-192696","post","type-post","status-publish","format-standard","has-post-thumbnail","hentry","category-motos"],"acf":[],"jetpack_publicize_connections":[],"jetpack_featured_media_url":"https:\/\/i0.wp.com\/sportseco.com\/wp-content\/uploads\/2025\/09\/David-Alonso-Moto-2.-Foto-Aspar-Team-2048x1152-1.jpeg?fit=2048%2C1152&ssl=1","jetpack_sharing_enabled":true,"_links":{"self":[{"href":"https:\/\/sportseco.com\/index.php?rest_route=\/wp\/v2\/posts\/192696","targetHints":{"allow":["GET"]}}],"collection":[{"href":"https:\/\/sportseco.com\/index.php?rest_route=\/wp\/v2\/posts"}],"about":[{"href":"https:\/\/sportseco.com\/index.php?rest_route=\/wp\/v2\/types\/post"}],"author":[{"embeddable":true,"href":"https:\/\/sportseco.com\/index.php?rest_route=\/wp\/v2\/users\/1"}],"replies":[{"embeddable":true,"href":"https:\/\/sportseco.com\/index.php?rest_route=%2Fwp%2Fv2%2Fcomments&post=192696"}],"version-history":[{"count":1,"href":"https:\/\/sportseco.com\/index.php?rest_route=\/wp\/v2\/posts\/192696\/revisions"}],"predecessor-version":[{"id":192698,"href":"https:\/\/sportseco.com\/index.php?rest_route=\/wp\/v2\/posts\/192696\/revisions\/192698"}],"wp:featuredmedia":[{"embeddable":true,"href":"https:\/\/sportseco.com\/index.php?rest_route=\/wp\/v2\/media\/192697"}],"wp:attachment":[{"href":"https:\/\/sportseco.com\/index.php?rest_route=%2Fwp%2Fv2%2Fmedia&parent=192696"}],"wp:term":[{"taxonomy":"category","embeddable":true,"href":"https:\/\/sportseco.com\/index.php?rest_route=%2Fwp%2Fv2%2Fcategories&post=192696"},{"taxonomy":"post_tag","embeddable":true,"href":"https:\/\/sportseco.com\/index.php?rest_route=%2Fwp%2Fv2%2Ftags&post=192696"}],"curies":[{"name":"wp","href":"https:\/\/api.w.org\/{rel}","templated":true}]}}