{"id":193381,"date":"2025-09-22T18:45:02","date_gmt":"2025-09-22T22:45:02","guid":{"rendered":"https:\/\/sportseco.com\/?p=193381"},"modified":"2025-09-22T18:45:07","modified_gmt":"2025-09-22T22:45:07","slug":"convocatoria-de-la-seleccion-colombia-masculina-para-la-copa-mundial-sub20-de-la-fifa-chile-2025","status":"publish","type":"post","link":"https:\/\/sportseco.com\/?p=193381","title":{"rendered":"Convocatoria de la Selecci\u00f3n Colombia Masculina para la Copa Mundial Sub20 de la FIFA Chile 2025"},"content":{"rendered":"\n<p>El director t\u00e9cnico de la Selecci\u00f3n Colombia Masculina Sub-20, C\u00e9sar Torres, ha dado a conocer la lista final de jugadores que participar\u00e1n en la Copa Mundial de la FIFA, que se llevar\u00e1 a cabo en Chile.<\/p>\n\n\n\n<p>Los 21 futbolistas representar\u00e1n al pa\u00eds en este torneo internacional, que se disputar\u00e1 del 27 de septiembre al 19 de octubre.<\/p>\n\n\n\n<p>Los deportistas se concentraron en la ciudad de Barranquilla del 30 de agosto al 13 de septiembre. Posteriormente, el 14 de septiembre, viajaron a Asunci\u00f3n, Paraguay, para completar su preparaci\u00f3n hasta el 25 de ese mes, fecha en la que partir\u00e1n hacia la ciudad chilena de Talca.<\/p>\n\n\n\n<p>Colombia iniciar\u00e1 la fase de grupos enfrentando a Arabia Saudita el 29 de septiembre a las 6:00 p.m. (hora Col). En la segunda jornada, el 2 de octubre, se medir\u00e1 contra Noruega a las 3:00 p.m. (hora Col). Para cerrar la zona, jugar\u00e1 contra Nigeria el 6 de octubre a las 6:00 p.m. (hora Col). Todos los partidos de la primera fase se disputar\u00e1n en el Estadio Fiscal de Talca.<\/p>\n\n\n\n<p><strong>A continuaci\u00f3n la lista de jugadores convocados:<\/strong><\/p>\n\n\n\n<ul class=\"wp-block-list\">\n<li>Jordan Garc\u00eda Bonnet \u2013 Fortaleza CEIF\u00a0<\/li>\n\n\n\n<li>Alex\u00e9i Rojas fedorushchenko \u2013 Arsenal FC (ING)<\/li>\n\n\n\n<li>Luis Mena Padilla \u2013 Atl\u00e9tico Huila\u00a0<\/li>\n\n\n\n<li>Sim\u00f3n Garc\u00eda Valero \u2013 Atl\u00e9tico Nacional\u00a0<\/li>\n\n\n\n<li>Juli\u00e1n Baz\u00e1n Medina \u2013 Deportivo Pereira\u00a0<\/li>\n\n\n\n<li>Yeimar Mosquera Mosquera \u2013 Aston Villa (ING)<\/li>\n\n\n\n<li>Weimar Vivas Palacios \u2013 Red Bull Bragantino (BRA)<\/li>\n\n\n\n<li>Carlos Sarabia Barrios \u2013 Millonarios FC\u00a0<\/li>\n\n\n\n<li>Juan Arizala Micolta \u2013 Deportivo Independiente Medell\u00edn<\/li>\n\n\n\n<li>Elkin Rivero Almario \u2013 Atl\u00e9tico Nacional\u00a0<\/li>\n\n\n\n<li>Luis Land\u00e1zuri Cuen\u00fa \u2013 Atl\u00e9tico Nacional\u00a0<\/li>\n\n\n\n<li>Kener Gonz\u00e1lez Mosquera \u2013 Am\u00e9rica de Cali<\/li>\n\n\n\n<li>Royner Ben\u00edtez Hern\u00e1ndez \u2013 \u00c1guilas Doradas\u00a0<\/li>\n\n\n\n<li>Jos\u00e9 Cavad\u00eda Pedraza \u2013 Am\u00e9rica de Cali<\/li>\n\n\n\n<li>Joel Romero \u2013 Am\u00e9rica de Cali<\/li>\n\n\n\n<li>Jordan Barrera Herrera \u2013 Botafogo (BRA)<\/li>\n\n\n\n<li>Jhon Renter\u00eda Arias \u2013 Sarmiento (ARG)<\/li>\n\n\n\n<li>Joel Canchimbo Morales \u2013 Junior FC\u00a0<\/li>\n\n\n\n<li>Oscar Perea Abonce \u2013 AVS Futebol SAD (POR)<\/li>\n\n\n\n<li>Neiser Villarreal Qui\u00f1ones \u2013 Millonarios FC\u00a0<\/li>\n\n\n\n<li>Emilio Aristiz\u00e1bal Chavarriaga \u2013 Fortaleza CEIF<\/li>\n\n\n\n<li><strong>Cuerpo t\u00e9cnico:<\/strong><\/li>\n<\/ul>\n\n\n\n<ul class=\"wp-block-list\">\n<li>Cesar Torres Ram\u00edrez \u2013 Director T\u00e9cnico\u00a0<\/li>\n\n\n\n<li>Yeisson Galvis Torres \u2013 Asistente T\u00e9cnico<\/li>\n\n\n\n<li>Christian Freyman Juliao \u2013 Preparador F\u00edsico\u00a0<\/li>\n\n\n\n<li>Marbin Sandoval Bola\u00f1os \u2013 Asistente T\u00e9cnico\u00a0<\/li>\n\n\n\n<li>Hugo Oswaldo Guzm\u00e1n \u2013 Entrenador De Arqueros\u00a0<\/li>\n\n\n\n<li>Mauricio Serrato Roa \u2013 M\u00e9dico\u00a0<\/li>\n\n\n\n<li>Rafael Francisco Zabara\u00edn \u2013 Psic\u00f3logo\u00a0<\/li>\n\n\n\n<li>Jorge Eduardo Mejia \u2013 Fisioterapeuta\u00a0<\/li>\n\n\n\n<li>Fabi\u00e1n Andr\u00e9s Bedoya \u2013 Fisioterapeuta\u00a0<\/li>\n\n\n\n<li>Jafeth Orejuela \u2013 Kinesi\u00f3logo<\/li>\n\n\n\n<li>Ricardo Bejarano Gonz\u00e1lez \u2013 Jefe de prensa<\/li>\n\n\n\n<li>Alexander G\u00f3mez \u2013 Utilero<\/li>\n\n\n\n<li>Juan Camilo Guti\u00e9rrez \u2013 Video Analista<\/li>\n<\/ul>\n\n\n\n<p><\/p>\n\n\n\n<p>fcf.com.co<\/p>\n","protected":false},"excerpt":{"rendered":"<p>El director t\u00e9cnico de la Selecci\u00f3n Colombia Masculina Sub-20, C\u00e9sar Torres, ha dado a conocer la lista final de jugadores que participar\u00e1n en la Copa Mundial de la FIFA, que se llevar\u00e1 a cabo en Chile. Los 21 futbolistas representar\u00e1n al pa\u00eds en este torneo internacional, que se disputar\u00e1 del 27 de septiembre al 19 [&hellip;]<\/p>\n","protected":false},"author":1,"featured_media":193382,"comment_status":"closed","ping_status":"closed","sticky":false,"template":"","format":"standard","meta":{"_acf_changed":false,"_jetpack_memberships_contains_paid_content":false,"footnotes":"","jetpack_publicize_message":"","jetpack_publicize_feature_enabled":true,"jetpack_social_post_already_shared":true,"jetpack_social_options":{"image_generator_settings":{"template":"highway","default_image_id":0,"font":"","enabled":false},"version":2}},"categories":[5],"tags":[],"class_list":["post-193381","post","type-post","status-publish","format-standard","has-post-thumbnail","hentry","category-futbol"],"acf":[],"jetpack_publicize_connections":[],"jetpack_featured_media_url":"https:\/\/i0.wp.com\/sportseco.com\/wp-content\/uploads\/2025\/09\/CONVO-WEB_.png?fit=1920%2C1080&ssl=1","jetpack_sharing_enabled":true,"_links":{"self":[{"href":"https:\/\/sportseco.com\/index.php?rest_route=\/wp\/v2\/posts\/193381","targetHints":{"allow":["GET"]}}],"collection":[{"href":"https:\/\/sportseco.com\/index.php?rest_route=\/wp\/v2\/posts"}],"about":[{"href":"https:\/\/sportseco.com\/index.php?rest_route=\/wp\/v2\/types\/post"}],"author":[{"embeddable":true,"href":"https:\/\/sportseco.com\/index.php?rest_route=\/wp\/v2\/users\/1"}],"replies":[{"embeddable":true,"href":"https:\/\/sportseco.com\/index.php?rest_route=%2Fwp%2Fv2%2Fcomments&post=193381"}],"version-history":[{"count":1,"href":"https:\/\/sportseco.com\/index.php?rest_route=\/wp\/v2\/posts\/193381\/revisions"}],"predecessor-version":[{"id":193383,"href":"https:\/\/sportseco.com\/index.php?rest_route=\/wp\/v2\/posts\/193381\/revisions\/193383"}],"wp:featuredmedia":[{"embeddable":true,"href":"https:\/\/sportseco.com\/index.php?rest_route=\/wp\/v2\/media\/193382"}],"wp:attachment":[{"href":"https:\/\/sportseco.com\/index.php?rest_route=%2Fwp%2Fv2%2Fmedia&parent=193381"}],"wp:term":[{"taxonomy":"category","embeddable":true,"href":"https:\/\/sportseco.com\/index.php?rest_route=%2Fwp%2Fv2%2Fcategories&post=193381"},{"taxonomy":"post_tag","embeddable":true,"href":"https:\/\/sportseco.com\/index.php?rest_route=%2Fwp%2Fv2%2Ftags&post=193381"}],"curies":[{"name":"wp","href":"https:\/\/api.w.org\/{rel}","templated":true}]}}