{"id":193601,"date":"2025-09-26T08:40:20","date_gmt":"2025-09-26T12:40:20","guid":{"rendered":"https:\/\/sportseco.com\/?p=193601"},"modified":"2025-09-26T08:40:26","modified_gmt":"2025-09-26T12:40:26","slug":"la-seleccion-colombia-masculina-sub20-ya-esta-en-chile-video","status":"publish","type":"post","link":"https:\/\/sportseco.com\/?p=193601","title":{"rendered":"La Selecci\u00f3n Colombia Masculina Sub20 ya est\u00e1 en Chile. Video"},"content":{"rendered":"\n<p>Los 21 convocados, junto con el cuerpo t\u00e9cnico de la Selecci\u00f3n Colombia, llegaron el jueves, 25 de septiembre, a la ciudad de Talca en Chile, para participar en\u00a0<strong>la Copa Mundial Masculina Sub-20 de la FIFA.\u00a0<\/strong><\/p>\n\n\n\n<p>El equipo viaj\u00f3 por la ma\u00f1ana, aterriz\u00f3 en la capital chilena y, posteriormente, se traslad\u00f3 en autob\u00fas por v\u00eda terrestre hasta \u00abla ciudad del trueno\u00bb, llegando sin contratiempos en horas de la noche.<\/p>\n\n\n\n<p>Este viernes, 25 de septiembre,&nbsp;<strong>el entrenador C\u00e9sar Torres atender\u00e1 en conferencia de prensa virtual<\/strong>&nbsp;a las 9:30 a.m. (Hora Col) y, por la tarde, se llevar\u00e1 a cabo una toma de im\u00e1genes de 15 minutos a las 4:30 p.m. (Hora Col) en el&nbsp;<strong>Complejo Deportivo Ranger f\u00fatbol joven<\/strong>.<\/p>\n\n\n\n<p><strong>Link conferencia de prensa virtual:<\/strong><strong>&nbsp;<\/strong><a href=\"https:\/\/meet.google.com\/kqv-jpra-pkj\"><strong>https:\/\/meet.google.com\/kqv-jpra-pkj<\/strong><\/a><\/p>\n\n\n\n<p><strong>Ubicaci\u00f3n toma de im\u00e1genes:<\/strong><strong>&nbsp;<\/strong><a href=\"https:\/\/maps.app.goo.gl\/xefQfVXE6RjK5kCq5\"><strong>Complejo Deportivo Ranger f\u00fatbol joven<\/strong><\/a><strong>&nbsp;&nbsp;<\/strong><\/p>\n\n\n\n<p><strong>Direcci\u00f3n toma de im\u00e1genes: K-510 1309, Talca, Maule<\/strong>.<\/p>\n\n\n\n<p><strong>A continuaci\u00f3n el resumen de la jornada:<\/strong><\/p>\n\n\n\n<figure class=\"wp-block-embed is-type-video is-provider-youtube wp-block-embed-youtube wp-embed-aspect-16-9 wp-has-aspect-ratio\"><div class=\"wp-block-embed__wrapper\">\n<iframe loading=\"lazy\" title=\"Vuela con la Selecci\u00f3n Colombia Masculina Sub20 a la Copa Mundial de la FIFA\" width=\"640\" height=\"360\" src=\"https:\/\/www.youtube.com\/embed\/NcBJZ97uKCU?feature=oembed\" frameborder=\"0\" allow=\"accelerometer; autoplay; clipboard-write; encrypted-media; gyroscope; picture-in-picture; web-share\" referrerpolicy=\"strict-origin-when-cross-origin\" allowfullscreen><\/iframe>\n<\/div><\/figure>\n\n\n\n<figure class=\"wp-block-embed is-type-rich is-provider-gestor-del-servicio wp-block-embed-gestor-del-servicio\"><div class=\"wp-block-embed__wrapper\">\nhttps:\/\/youtube.com\/watch?v=NcBJZ97uKCU%3Ffeature%3Doembed\n<\/div><\/figure>\n\n\n\n<p>fcf.com.co<\/p>\n","protected":false},"excerpt":{"rendered":"<p>Los 21 convocados, junto con el cuerpo t\u00e9cnico de la Selecci\u00f3n Colombia, llegaron el jueves, 25 de septiembre, a la ciudad de Talca en Chile, para participar en\u00a0la Copa Mundial Masculina Sub-20 de la FIFA.\u00a0 El equipo viaj\u00f3 por la ma\u00f1ana, aterriz\u00f3 en la capital chilena y, posteriormente, se traslad\u00f3 en autob\u00fas por v\u00eda terrestre [&hellip;]<\/p>\n","protected":false},"author":1,"featured_media":193603,"comment_status":"closed","ping_status":"closed","sticky":false,"template":"","format":"standard","meta":{"_acf_changed":false,"_jetpack_memberships_contains_paid_content":false,"footnotes":"","jetpack_publicize_message":"","jetpack_publicize_feature_enabled":true,"jetpack_social_post_already_shared":true,"jetpack_social_options":{"image_generator_settings":{"template":"highway","default_image_id":0,"font":"","enabled":false},"version":2}},"categories":[1],"tags":[],"class_list":["post-193601","post","type-post","status-publish","format-standard","has-post-thumbnail","hentry","category-uncategorized"],"acf":[],"jetpack_publicize_connections":[],"jetpack_featured_media_url":"https:\/\/i0.wp.com\/sportseco.com\/wp-content\/uploads\/2025\/09\/DSC_3989-2048x1365-1.jpg?fit=2048%2C1365&ssl=1","jetpack_sharing_enabled":true,"_links":{"self":[{"href":"https:\/\/sportseco.com\/index.php?rest_route=\/wp\/v2\/posts\/193601","targetHints":{"allow":["GET"]}}],"collection":[{"href":"https:\/\/sportseco.com\/index.php?rest_route=\/wp\/v2\/posts"}],"about":[{"href":"https:\/\/sportseco.com\/index.php?rest_route=\/wp\/v2\/types\/post"}],"author":[{"embeddable":true,"href":"https:\/\/sportseco.com\/index.php?rest_route=\/wp\/v2\/users\/1"}],"replies":[{"embeddable":true,"href":"https:\/\/sportseco.com\/index.php?rest_route=%2Fwp%2Fv2%2Fcomments&post=193601"}],"version-history":[{"count":1,"href":"https:\/\/sportseco.com\/index.php?rest_route=\/wp\/v2\/posts\/193601\/revisions"}],"predecessor-version":[{"id":193604,"href":"https:\/\/sportseco.com\/index.php?rest_route=\/wp\/v2\/posts\/193601\/revisions\/193604"}],"wp:featuredmedia":[{"embeddable":true,"href":"https:\/\/sportseco.com\/index.php?rest_route=\/wp\/v2\/media\/193603"}],"wp:attachment":[{"href":"https:\/\/sportseco.com\/index.php?rest_route=%2Fwp%2Fv2%2Fmedia&parent=193601"}],"wp:term":[{"taxonomy":"category","embeddable":true,"href":"https:\/\/sportseco.com\/index.php?rest_route=%2Fwp%2Fv2%2Fcategories&post=193601"},{"taxonomy":"post_tag","embeddable":true,"href":"https:\/\/sportseco.com\/index.php?rest_route=%2Fwp%2Fv2%2Ftags&post=193601"}],"curies":[{"name":"wp","href":"https:\/\/api.w.org\/{rel}","templated":true}]}}