{"id":193807,"date":"2025-09-30T08:43:34","date_gmt":"2025-09-30T12:43:34","guid":{"rendered":"https:\/\/sportseco.com\/?p=193807"},"modified":"2025-09-30T08:45:40","modified_gmt":"2025-09-30T12:45:40","slug":"cali-presenta-su-plan-de-biodiversidad-en-el-segundo-dia-de-la-semana-de-la-biodiversidad-de-este-martes-30-de-septiembre","status":"publish","type":"post","link":"https:\/\/sportseco.com\/?p=193807","title":{"rendered":"Cali presenta su plan de biodiversidad en el segundo d\u00eda de la Semana de la Biodiversidad, de este martes 30 de septiembre"},"content":{"rendered":"\n<figure class=\"wp-block-image\"><img data-recalc-dims=\"1\" decoding=\"async\" src=\"https:\/\/i0.wp.com\/www.cali.gov.co\/info\/caligovco_se\/media\/pubInt\/thumbs\/thpubInt_700X400_189226.webp?w=640&#038;ssl=1\" alt=\"Cali presenta su plan de biodiversidad en el segundo d\u00eda de la Semana de la Biodiversidad, de este martes 30 de septiembre\" title=\"Cali presenta su plan de biodiversidad en el segundo d\u00eda de la Semana de la Biodiversidad, de este martes 30 de septiembre\"\/><\/figure>\n\n\n\n<ul class=\"wp-block-list\">\n<li><em>Exposiciones, programaci\u00f3n acad\u00e9mica y cultural son parte de la agenda de este martes en diferentes escenarios, todos ubicados cerca del centro hist\u00f3rico de Cali. \u00a1Inf\u00f3rmate y progr\u00e1mate de esta conversaci\u00f3n ambiental!<\/em><\/li>\n<\/ul>\n\n\n\n<p><strong>Santiago de Cali, 29 de septiembre de 2025<\/strong><\/p>\n\n\n\n<p>Cali sigue conversando sobre mitigaci\u00f3n de cambio clim\u00e1tico, biodiversidad, \u00e1reas verdes y econom\u00eda verde en el segundo d\u00eda de la Semana de la Biodiversidad.<\/p>\n\n\n\n<p>A las 8:00 a.m., el director del Departamento Administrativo de Medio Ambiente \u2013 Dagma \u2013 Mauricio Mira, presentar\u00e1 el Plan de Biodiversidad de Cali, en el Teatro Municipal, en el marco del Encuentro de Ciudades y Regiones por la Biodiversidad.<\/p>\n\n\n\n<p>Igualmente se presentar\u00e1n las ponencias sobre tecnolog\u00edas innovadoras para combatir los cr\u00edmenes ambientales, finanzas verdes para la biodiversidad y el clima, el Plan Cali 500+, la Red de Biodiverciudades de la CAF (Banco de Desarrollo de Am\u00e9rica Latina y el Caribe), infraestructuras verdes y servicios p\u00fablicos.<\/p>\n\n\n\n<p>El expresidente Juan Manuel Santos participar\u00e1 en la ponencia Paz con la naturaleza, en entrevista con Jaime Pumarejo, director de Portafolio.<\/p>\n\n\n\n<p>Conoce la agenda del martes, 30 de septiembre:<\/p>\n\n\n\n<figure class=\"wp-block-image\"><img data-recalc-dims=\"1\" decoding=\"async\" src=\"https:\/\/i0.wp.com\/www.cali.gov.co\/boletines\/publicaciones\/189226\/cali-presenta-su-plan-de-biodiversidad-en-el-segundo-dia-de-la-semana-de-la-biodiversidad-de-este-martes-30-de-septiembre\/info\/caligovco_se\/media\/galeria331277.jpg?w=640&#038;ssl=1\" alt=\"C1\" title=\"C1\"\/><\/figure>\n\n\n\n<p><strong>Agenda cultural<\/strong><\/p>\n\n\n\n<p>3:00 p.m. &#8211; 9:00 p.m.<\/p>\n\n\n\n<p>Las orquestas institucionales de la ciudad amenizar\u00e1n la tarde y la noche de la ciudad.<\/p>\n\n\n\n<ul class=\"wp-block-list\">\n<li><strong>Orquesta Ox\u00edgeno<\/strong><\/li>\n\n\n\n<li><strong>Orquesta Folcl\u00f3rica Palenko<\/strong><\/li>\n\n\n\n<li><strong>Orquesta de la Polic\u00eda<\/strong><\/li>\n\n\n\n<li><strong>Orquesta Son De La UAO<\/strong><\/li>\n\n\n\n<li><strong>Astronativo<\/strong><\/li>\n\n\n\n<li><strong>Orquesta del Ej\u00e9rcito<\/strong><\/li>\n<\/ul>\n\n\n\n<p><strong>Oficina de Comunicaciones<\/strong><\/p>\n\n\n\n<p><strong>Alcald\u00eda de Santiago de Cali<\/strong><\/p>\n\n\n\n<p><strong>(ZLCP)<\/strong><\/p>\n\n\n\n<p><\/p>\n\n\n\n<p>cali.gov.co<\/p>\n","protected":false},"excerpt":{"rendered":"<p>Santiago de Cali, 29 de septiembre de 2025 Cali sigue conversando sobre mitigaci\u00f3n de cambio clim\u00e1tico, biodiversidad, \u00e1reas verdes y econom\u00eda verde en el segundo d\u00eda de la Semana de la Biodiversidad. A las 8:00 a.m., el director del Departamento Administrativo de Medio Ambiente \u2013 Dagma \u2013 Mauricio Mira, presentar\u00e1 el Plan de Biodiversidad de [&hellip;]<\/p>\n","protected":false},"author":1,"featured_media":193808,"comment_status":"closed","ping_status":"closed","sticky":false,"template":"","format":"standard","meta":{"_acf_changed":false,"_jetpack_memberships_contains_paid_content":false,"footnotes":"","jetpack_publicize_message":"","jetpack_publicize_feature_enabled":true,"jetpack_social_post_already_shared":true,"jetpack_social_options":{"image_generator_settings":{"template":"highway","default_image_id":0,"font":"","enabled":false},"version":2}},"categories":[1],"tags":[],"class_list":["post-193807","post","type-post","status-publish","format-standard","has-post-thumbnail","hentry","category-uncategorized"],"acf":[],"jetpack_publicize_connections":[],"jetpack_featured_media_url":"https:\/\/i0.wp.com\/sportseco.com\/wp-content\/uploads\/2025\/09\/thpubInt_700X400_189226.webp?fit=660%2C400&ssl=1","jetpack_sharing_enabled":true,"_links":{"self":[{"href":"https:\/\/sportseco.com\/index.php?rest_route=\/wp\/v2\/posts\/193807","targetHints":{"allow":["GET"]}}],"collection":[{"href":"https:\/\/sportseco.com\/index.php?rest_route=\/wp\/v2\/posts"}],"about":[{"href":"https:\/\/sportseco.com\/index.php?rest_route=\/wp\/v2\/types\/post"}],"author":[{"embeddable":true,"href":"https:\/\/sportseco.com\/index.php?rest_route=\/wp\/v2\/users\/1"}],"replies":[{"embeddable":true,"href":"https:\/\/sportseco.com\/index.php?rest_route=%2Fwp%2Fv2%2Fcomments&post=193807"}],"version-history":[{"count":2,"href":"https:\/\/sportseco.com\/index.php?rest_route=\/wp\/v2\/posts\/193807\/revisions"}],"predecessor-version":[{"id":193811,"href":"https:\/\/sportseco.com\/index.php?rest_route=\/wp\/v2\/posts\/193807\/revisions\/193811"}],"wp:featuredmedia":[{"embeddable":true,"href":"https:\/\/sportseco.com\/index.php?rest_route=\/wp\/v2\/media\/193808"}],"wp:attachment":[{"href":"https:\/\/sportseco.com\/index.php?rest_route=%2Fwp%2Fv2%2Fmedia&parent=193807"}],"wp:term":[{"taxonomy":"category","embeddable":true,"href":"https:\/\/sportseco.com\/index.php?rest_route=%2Fwp%2Fv2%2Fcategories&post=193807"},{"taxonomy":"post_tag","embeddable":true,"href":"https:\/\/sportseco.com\/index.php?rest_route=%2Fwp%2Fv2%2Ftags&post=193807"}],"curies":[{"name":"wp","href":"https:\/\/api.w.org\/{rel}","templated":true}]}}