{"id":193910,"date":"2025-10-02T08:26:56","date_gmt":"2025-10-02T12:26:56","guid":{"rendered":"https:\/\/sportseco.com\/?p=193910"},"modified":"2025-10-02T08:27:01","modified_gmt":"2025-10-02T12:27:01","slug":"mujeres-cuidadoras-del-medio-ambiente-una-exposicion-fotografica-de-anita-calero-que-visibiliza-el-papel-de-la-mujer","status":"publish","type":"post","link":"https:\/\/sportseco.com\/?p=193910","title":{"rendered":"Mujeres cuidadoras del medio ambiente: una exposici\u00f3n fotogr\u00e1fica de Anita Calero que visibiliza el papel de la mujer"},"content":{"rendered":"\n<figure class=\"wp-block-image\"><img data-recalc-dims=\"1\" decoding=\"async\" src=\"https:\/\/i0.wp.com\/www.cali.gov.co\/info\/caligovco_se\/media\/pubInt\/thumbs\/thpubInt_700X400_189318.webp?w=640&#038;ssl=1\" alt=\"Mujeres cuidadoras del medio ambiente: una exposici\u00f3n fotogr\u00e1fica de Anita Calero que visibiliza el papel de la mujer\" title=\"Mujeres cuidadoras del medio ambiente: una exposici\u00f3n fotogr\u00e1fica de Anita Calero que visibiliza el papel de la mujer\"\/><\/figure>\n\n\n\n<p><strong>Santiago de Cali, 1 octubre de 2025<\/strong><\/p>\n\n\n\n<p>Un espacio para reconocer y visibilizar el papel de las mujeres rurales que han dedicado su vida al cuidado de la naturaleza fue posible a trav\u00e9s de la lente de la reconocida fot\u00f3grafa Anita Calero.<\/p>\n\n\n\n<p>Para disfrutar de la exposici\u00f3n \u2018Mujeres cuidadoras del medio ambiente\u2019, un homenaje visual en gran formato a lideresas que siembran vida, preservan la biodiversidad y sostienen el equilibrio con la tierra, los interesados lo podr\u00e1n hacer en Edificio Coltabaco, donde se lleva a cabo \u201829 Grados\u2019, dentro de la programaci\u00f3n de la Semana de la Biodiversidad.<\/p>\n\n\n\n<p>La muestra retrata la fuerza, la resistencia y la ternura de siete mujeres del suroccidente colombiano que, desde sus territorios y experiencias, encarnan el cuidado de la biodiversidad de los Farallones de Cali.<\/p>\n\n\n\n<ul class=\"wp-block-list\">\n<li>Olga Luc\u00eda Moreno (62 a\u00f1os), nacida en Caldas y habitante del caser\u00edo Pepitas, donde ha sembrado vida desde su infancia.<br \/>\u00a0<\/li>\n\n\n\n<li>Janeth Villota (55 a\u00f1os), campesina de Cali, quien ha hecho de la vida rural andina su hogar y prop\u00f3sito.<br \/>\u00a0<\/li>\n\n\n\n<li>Marta Liliana (47 a\u00f1os), nacida en Quimbaya (Quind\u00edo), encontr\u00f3 en la ruralidad cale\u00f1a su lugar para sembrar futuro.<br \/>\u00a0<\/li>\n\n\n\n<li>Marilyn R\u00edos (45 a\u00f1os), desplazada de La Virginia (Risaralda), hall\u00f3 en la vereda El Cabuyal de Cali un territorio para renacer.<br \/>\u00a0<\/li>\n\n\n\n<li>Miryam Joaqui (57 a\u00f1os), oriunda de San Sebasti\u00e1n (Cauca), desde muy joven eligi\u00f3 los caminos del campo para cuidar la tierra.<br \/>\u00a0<\/li>\n\n\n\n<li>Aleyda Gonz\u00e1lez (67 a\u00f1os), nacida en Dagua, que desde ni\u00f1a ha tejido una vida ligada al territorio rural de los Andes, corregimiento de Cali.<br \/>\u00a0<\/li>\n\n\n\n<li>Jackeline Alvarado (45 a\u00f1os), habitante de la vereda Quebrada Honda, donde entre tierra f\u00e9rtil y cuidado amoroso, ha construido su vida.<br \/>\u00a0<\/li>\n\n\n\n<li>Maite Astudillo (67 a\u00f1os), proveniente del Cauca, lleva m\u00e1s de tres d\u00e9cadas arraigada al territorio de los Andes.<br \/>\u00a0<\/li>\n<\/ul>\n\n\n\n<p><strong>Fotograf\u00edas que inspiran<\/strong><\/p>\n\n\n\n<p>Cada retrato revela no solo un rostro, sino una historia de arraigo y amor por la naturaleza, que inspira a sus visitantes, quienes compartieron la emoci\u00f3n de verse reflejadas en estas im\u00e1genes:<\/p>\n\n\n\n<ul class=\"wp-block-list\">\n<li>\u201cMe impact\u00f3 mucho la foto, la calidad, lo que transmite: fuerza, poder, amor de lo que es la mujer\u201d, expres\u00f3 Olga Luc\u00eda Moreno.<br \/>\u00a0<\/li>\n\n\n\n<li>\u201cNosotras somos las guerreras, las luchadoras, nuestro papel es fundamental\u201d, afirm\u00f3 Esperanza M\u00e1rquez.<br \/>\u00a0<\/li>\n\n\n\n<li>\u201cEs muy importante el papel de la mujer, porque cuidan la naturaleza, cuidan los \u00e1rboles para que nos den el aire para respirar\u201d, destac\u00f3 Gloria C\u00f3rdoba.<br \/>\u00a0<\/li>\n<\/ul>\n\n\n\n<p>Mar\u00eda In\u00e9s Salamanca, especialista en g\u00e9nero y medio ambiente, resalt\u00f3 que \u201clas mujeres ind\u00edgenas, afro, rurales y urbanas tienen un rol protag\u00f3nico en la conservaci\u00f3n de pr\u00e1cticas ancestrales y en el cuidado del agua y la biodiversidad\u201d.<\/p>\n\n\n\n<p><strong>Sobre Anita Calero<\/strong><\/p>\n\n\n\n<p>Nacida en Cali, Anita Calero explor\u00f3 en los a\u00f1os setenta la contracultura europea y la efervescencia art\u00edstica de Nueva York, donde encontr\u00f3 en la fotograf\u00eda su voz \u00edntima y po\u00e9tica. Hoy, regresa a su ciudad para compartir este proyecto que se convierte en un puente entre el arte y la memoria rural del suroccidente colombiano.<\/p>\n\n\n\n<p><strong>Jorge Guti\u00e9rrez Leyva<\/strong><\/p>\n\n\n\n<p><strong>Oficina de Comunicaciones<\/strong><\/p>\n\n\n\n<p><strong>Alcald\u00eda de Santiago de Cali<\/strong><\/p>\n\n\n\n<p><strong>Vide\u00f3grafo: Juan Esteban Basto<\/strong><\/p>\n\n\n\n<p><\/p>\n\n\n\n<p><\/p>\n\n\n\n<p>cali.gov.co<\/p>\n","protected":false},"excerpt":{"rendered":"<p>Santiago de Cali, 1 octubre de 2025 Un espacio para reconocer y visibilizar el papel de las mujeres rurales que han dedicado su vida al cuidado de la naturaleza fue posible a trav\u00e9s de la lente de la reconocida fot\u00f3grafa Anita Calero. Para disfrutar de la exposici\u00f3n \u2018Mujeres cuidadoras del medio ambiente\u2019, un homenaje visual [&hellip;]<\/p>\n","protected":false},"author":1,"featured_media":193911,"comment_status":"closed","ping_status":"closed","sticky":false,"template":"","format":"standard","meta":{"_acf_changed":false,"_jetpack_memberships_contains_paid_content":false,"footnotes":"","jetpack_publicize_message":"","jetpack_publicize_feature_enabled":true,"jetpack_social_post_already_shared":true,"jetpack_social_options":{"image_generator_settings":{"template":"highway","default_image_id":0,"font":"","enabled":false},"version":2}},"categories":[1],"tags":[],"class_list":["post-193910","post","type-post","status-publish","format-standard","has-post-thumbnail","hentry","category-uncategorized"],"acf":[],"jetpack_publicize_connections":[],"jetpack_featured_media_url":"https:\/\/i0.wp.com\/sportseco.com\/wp-content\/uploads\/2025\/10\/thpubInt_700X400_189318.webp?fit=660%2C400&ssl=1","jetpack_sharing_enabled":true,"_links":{"self":[{"href":"https:\/\/sportseco.com\/index.php?rest_route=\/wp\/v2\/posts\/193910","targetHints":{"allow":["GET"]}}],"collection":[{"href":"https:\/\/sportseco.com\/index.php?rest_route=\/wp\/v2\/posts"}],"about":[{"href":"https:\/\/sportseco.com\/index.php?rest_route=\/wp\/v2\/types\/post"}],"author":[{"embeddable":true,"href":"https:\/\/sportseco.com\/index.php?rest_route=\/wp\/v2\/users\/1"}],"replies":[{"embeddable":true,"href":"https:\/\/sportseco.com\/index.php?rest_route=%2Fwp%2Fv2%2Fcomments&post=193910"}],"version-history":[{"count":1,"href":"https:\/\/sportseco.com\/index.php?rest_route=\/wp\/v2\/posts\/193910\/revisions"}],"predecessor-version":[{"id":193912,"href":"https:\/\/sportseco.com\/index.php?rest_route=\/wp\/v2\/posts\/193910\/revisions\/193912"}],"wp:featuredmedia":[{"embeddable":true,"href":"https:\/\/sportseco.com\/index.php?rest_route=\/wp\/v2\/media\/193911"}],"wp:attachment":[{"href":"https:\/\/sportseco.com\/index.php?rest_route=%2Fwp%2Fv2%2Fmedia&parent=193910"}],"wp:term":[{"taxonomy":"category","embeddable":true,"href":"https:\/\/sportseco.com\/index.php?rest_route=%2Fwp%2Fv2%2Fcategories&post=193910"},{"taxonomy":"post_tag","embeddable":true,"href":"https:\/\/sportseco.com\/index.php?rest_route=%2Fwp%2Fv2%2Ftags&post=193910"}],"curies":[{"name":"wp","href":"https:\/\/api.w.org\/{rel}","templated":true}]}}