{"id":195764,"date":"2025-11-04T17:23:39","date_gmt":"2025-11-04T22:23:39","guid":{"rendered":"https:\/\/sportseco.com\/?p=195764"},"modified":"2025-11-04T17:23:44","modified_gmt":"2025-11-04T22:23:44","slug":"el-fc-bayern-celebra-en-paris-ante-el-paris-saint-germain-pese-a-jugar-en-inferioridad","status":"publish","type":"post","link":"https:\/\/sportseco.com\/?p=195764","title":{"rendered":"El FC Bayern celebra en Par\u00eds ante el Paris Saint-Germain pese a jugar en inferioridad"},"content":{"rendered":"\n<ul class=\"wp-block-list\">\n<li><strong>16\u00aa victoria en 16 partidos oficiales<\/strong><\/li>\n\n\n\n<li><strong>Luis D\u00edaz, doblete y expulsi\u00f3n<\/strong><\/li>\n\n\n\n<li><strong>L\u00edderes en la Champions League<\/strong><\/li>\n<\/ul>\n\n\n\n<p>\u00a1Con f\u00fatbol vibrante y una mentalidad sobresaliente, el FC Bayern logr\u00f3 una gran victoria a domicilio en Par\u00eds! Este martes, los muniqueses se impusieron por 1-2 (0-2 al descanso) al vigente campe\u00f3n, el Paris Saint-Germain, en el gran duelo de la fase de liga de la Champions League.&nbsp;<a href=\"https:\/\/fcbayern.com\/es\/teams\/first-team\/luis-diaz\">Luis D\u00edaz<\/a>&nbsp;adelant\u00f3 al Bayern con un doblete en los minutos 4 y 32. Sin embargo, el equipo tuvo que afrontar toda la segunda mitad en inferioridad num\u00e9rica tras la expulsi\u00f3n del propio colombiano en el tiempo a\u00f1adido de la primera parte. El FCB se dej\u00f3 el alma en defensa y resisti\u00f3 con gran car\u00e1cter. El PSG recort\u00f3 distancias en el minuto 74 por medio de Jo\u00e3o Neves, pero los b\u00e1varos supieron mantener el marcador hasta el final.<\/p>\n\n\n\n<p>Con este triunfo, el Bayern suma el pleno de 12 puntos en cuatro partidos y se sit\u00faa en lo m\u00e1s alto de la tabla, dando un gran paso hacia la clasificaci\u00f3n directa para octavos de final. Adem\u00e1s, los muniqueses ampliaron su racha r\u00e9cord: 16 victorias en 16 partidos oficiales esta temporada, algo \u00fanico en las grandes ligas europeas.<\/p>\n\n\n\n<p><em>Aqu\u00ed te resumimos las acciones m\u00e1s destacadas del partido:<\/em><\/p>\n\n\n\n<h2 class=\"wp-block-heading\"><strong>Minuto 4: \u00a1Inicio de ensue\u00f1o! Luis D\u00edaz abre el marcador<\/strong><\/h2>\n\n\n\n<figure class=\"wp-block-image\"><img data-recalc-dims=\"1\" decoding=\"async\" src=\"https:\/\/i0.wp.com\/img.fcbayern.com\/image\/upload\/f_auto\/q_auto\/ar_16%3A9%2Cc_fill%2Cg_custom%2Cw_1024\/v1762288975\/cms\/public\/images\/fcbayern-com\/homepage\/Saison-25-26\/Galerien\/Spiele\/psg-fcb-cl\/04-psg-fcbayern-251104-mel.jpg?w=640&#038;ssl=1\" alt=\"\"\/><figcaption class=\"wp-element-caption\">\u00a9 Getty<\/figcaption><\/figure>\n\n\n\n<p>\u00a1Arranque espectacular del partido! En la primera ocasi\u00f3n del encuentro, el Bayern se adelant\u00f3 en el marcador. Tras una recuperaci\u00f3n de&nbsp;<a href=\"https:\/\/fcbayern.com\/es\/teams\/first-team\/dayot-upamecano\">Dayot Upamecano<\/a>&nbsp;y un excelente pase al espacio de&nbsp;<a href=\"https:\/\/fcbayern.com\/es\/teams\/first-team\/serge-gnabry\">Serge Gnabry<\/a>,&nbsp;<a href=\"https:\/\/fcbayern.com\/es\/teams\/first-team\/michael-olise\">Michael Olise<\/a>&nbsp;se plant\u00f3 solo ante el portero del PSG, Lucas Chevalier, que detuvo su primer disparo. Sin embargo, Luis D\u00edaz aprovech\u00f3 el rechace y, tras un desv\u00edo en Marquinhos, envi\u00f3 el bal\u00f3n al fondo de la red para el 0-1. \u00a1Noveno gol oficial del colombiano con el Bayern!<\/p>\n\n\n\n<h2 class=\"wp-block-heading\"><strong>Minutos 23\/30: Gol anulado a Demb\u00e9l\u00e9 y parada decisiva de Neuer<\/strong><\/h2>\n\n\n\n<figure class=\"wp-block-image\"><img data-recalc-dims=\"1\" decoding=\"async\" src=\"https:\/\/i0.wp.com\/img.fcbayern.com\/image\/upload\/f_auto\/q_auto\/ar_16%3A9%2Cc_fill%2Cg_custom%2Cw_1024\/v1762290155\/cms\/public\/images\/fcbayern-com\/homepage\/Saison-25-26\/Galerien\/Spiele\/psg-fcb-cl\/11-psg-fcbayern-251104-ima.jpg?w=640&#038;ssl=1\" alt=\"\"\/><figcaption class=\"wp-element-caption\">\u00a9 Imago<\/figcaption><\/figure>\n\n\n\n<p>En el minuto 23, el PSG marc\u00f3 el que parec\u00eda ser el empate. Tras un centro de Bradley Barcola desde la banda derecha, Fabi\u00e1n Ruiz envi\u00f3 el bal\u00f3n desde el lado izquierdo del \u00e1rea peque\u00f1a hacia el centro, donde Ousmane Demb\u00e9l\u00e9 lo empuj\u00f3 a la red. Sin embargo, el atacante franc\u00e9s se encontraba en posici\u00f3n de fuera de juego. Tras consultar con el VAR, el \u00e1rbitro Maurizio Mariani anul\u00f3 el tanto.&nbsp;<\/p>\n\n\n\n<p>Siete minutos despu\u00e9s,&nbsp;<a href=\"https:\/\/fcbayern.com\/es\/teams\/first-team\/manuel-neuer\">Manuel Neuer<\/a>&nbsp;volvi\u00f3 a demostrar su clase y evit\u00f3 el empate. Tras un bal\u00f3n largo, Barcola encar\u00f3 porter\u00eda desde el costado izquierdo, pero el guardameta del Bayern se mantuvo firme y detuvo con una gran intervenci\u00f3n.<\/p>\n\n\n\n<h2 class=\"wp-block-heading\"><strong>Minuto 32: \u00a1Luis D\u00edaz firma el doblete!<\/strong><\/h2>\n\n\n\n<figure class=\"wp-block-image\"><img data-recalc-dims=\"1\" decoding=\"async\" src=\"https:\/\/i0.wp.com\/img.fcbayern.com\/image\/upload\/f_auto\/q_auto\/ar_16%3A9%2Cc_fill%2Cg_custom%2Cw_1024\/v1762290611\/cms\/public\/images\/fcbayern-com\/homepage\/Saison-25-26\/Galerien\/Spiele\/psg-fcb-cl\/12-psg-fcbayern-251104-getl.jpg?w=640&#038;ssl=1\" alt=\"\"\/><figcaption class=\"wp-element-caption\">\u00a9 Getty<\/figcaption><\/figure>\n\n\n\n<p>\u00a1S\u00ed! \u00a10-2 y otra vez obra de Luis D\u00edaz! El capit\u00e1n del PSG, Marquinhos, se entretuvo demasiado con el bal\u00f3n en la frontal de su \u00e1rea, y el colombiano aprovech\u00f3 el error para robarle la pelota y batir a Chevalier con determinaci\u00f3n.&nbsp;<\/p>\n\n\n\n<p>Poco antes del gol, Serge Gnabry hab\u00eda rozado el segundo tras una r\u00e1pida combinaci\u00f3n entre&nbsp;<a href=\"https:\/\/fcbayern.com\/es\/teams\/first-team\/aleksandar-pavlovic\">Aleksandar Pavlovi\u0107<\/a>,&nbsp;<a href=\"https:\/\/fcbayern.com\/es\/teams\/first-team\/harry-kane\">Harry Kane<\/a>&nbsp;y Luis D\u00edaz, pero su disparo se estrell\u00f3 en el poste.<\/p>\n\n\n\n<p>En el minuto 45,\u200b\u200b\u200b\u200b\u200b\u200b\u200b&nbsp;<a href=\"https:\/\/fcbayern.com\/es\/teams\/first-team\/josip-stani%C5%A1i%C4%87\">Josip Stani\u0161i\u0107<\/a>&nbsp;incluso marc\u00f3 el que habr\u00eda sido el 0-3, aunque el tanto fue anulado por fuera de juego en el pase previo de Kane.<\/p>\n\n\n\n<h2 class=\"wp-block-heading\"><strong>Minuto 45+5: Expulsi\u00f3n de Luis D\u00edaz<\/strong><\/h2>\n\n\n\n<figure class=\"wp-block-image\"><img data-recalc-dims=\"1\" decoding=\"async\" src=\"https:\/\/i0.wp.com\/img.fcbayern.com\/image\/upload\/f_auto\/q_auto\/ar_16%3A9%2Cc_fill%2Cg_custom%2Cw_1024\/v1762290638\/cms\/public\/images\/fcbayern-com\/homepage\/Saison-25-26\/Galerien\/Spiele\/psg-fcb-cl\/16-psg-fcbayern-251104-mel.jpg?w=640&#038;ssl=1\" alt=\"\"\/><figcaption class=\"wp-element-caption\">\u00a9 FC Bayern<\/figcaption><\/figure>\n\n\n\n<p>El FC Bayern tuvo que afrontar la segunda mitad con un jugador menos. En el tiempo a\u00f1adido de la primera parte, Luis D\u00edaz vio la tarjeta roja. Tras una falta sobre Achraf Hakimi, el \u00e1rbitro Maurizio Mariani le mostr\u00f3 inicialmente amarilla, pero despu\u00e9s de revisar las im\u00e1genes en v\u00eddeo, decidi\u00f3 expulsar al colombiano.<\/p>\n\n\n\n<h2 class=\"wp-block-heading\"><strong>Minuto 68: Neuer detiene a Vitinha<\/strong><\/h2>\n\n\n\n<figure class=\"wp-block-image\"><img data-recalc-dims=\"1\" decoding=\"async\" src=\"https:\/\/i0.wp.com\/img.fcbayern.com\/image\/upload\/f_auto\/q_auto\/ar_16%3A9%2Cc_fill%2Cg_custom%2Cw_1024\/v1762292704\/cms\/public\/images\/fcbayern-com\/homepage\/Saison-25-26\/Galerien\/Spiele\/psg-fcb-cl\/20-psg-fcbayern-251104-mel.jpg?w=640&#038;ssl=1\" alt=\"\"\/><figcaption class=\"wp-element-caption\">\u00a9 FC Bayern<\/figcaption><\/figure>\n\n\n\n<p>Tras el descanso, el Bayern se reorganiz\u00f3 con un compacto 4-4-1 y defendi\u00f3 con gran solidez. Los muniqueses concedieron muy poco espacio al PSG y lograron evitar ocasiones claras durante largos tramos. En el minuto 68, Vitinha prob\u00f3 suerte con un disparo desde fuera del \u00e1rea, pero Manuel Neuer reaccion\u00f3 con seguridad y despej\u00f3 el peligro.<\/p>\n\n\n\n<h2 class=\"wp-block-heading\"><strong>Minuto 74: Jo\u00e3o Neves recorta distancias<\/strong><\/h2>\n\n\n\n<figure class=\"wp-block-image\"><img data-recalc-dims=\"1\" decoding=\"async\" src=\"https:\/\/i0.wp.com\/img.fcbayern.com\/image\/upload\/f_auto\/q_auto\/ar_16%3A9%2Cc_fill%2Cg_custom%2Cw_1024\/v1762292935\/cms\/public\/images\/fcbayern-com\/homepage\/Saison-25-26\/Galerien\/Spiele\/psg-fcb-cl\/21-psg-fcbayern-251104-get.jpg?w=640&#038;ssl=1\" alt=\"\"\/><figcaption class=\"wp-element-caption\">\u00a9 Getty<\/figcaption><\/figure>\n\n\n\n<p>En el minuto 74, el PSG consigui\u00f3 recortar distancias. Kang-in Lee centr\u00f3 desde la banda derecha y encontr\u00f3 en el \u00e1rea a Jo\u00e3o Neves, que hab\u00eda ingresado minutos antes. El portugu\u00e9s empuj\u00f3 el bal\u00f3n desde corta distancia para marcar el 1-2.<\/p>\n\n\n\n<h2 class=\"wp-block-heading\"><strong>El Bayern resiste el acoso del PSG y asegura la victoria<\/strong><\/h2>\n\n\n\n<figure class=\"wp-block-image\"><img data-recalc-dims=\"1\" decoding=\"async\" src=\"https:\/\/i0.wp.com\/img.fcbayern.com\/image\/upload\/f_auto\/q_auto\/ar_16%3A9%2Cc_fill%2Cg_custom%2Cw_1024\/v1762293627\/cms\/public\/images\/fcbayern-com\/homepage\/Saison-25-26\/Galerien\/Spiele\/psg-fcb-cl\/23-psg-fcbayern-251104-mel.jpg?w=640&#038;ssl=1\" alt=\"\"\/><figcaption class=\"wp-element-caption\">\u00a9 FC Bayern<\/figcaption><\/figure>\n\n\n\n<p>Tras el gol del PSG, el equipo local se lanz\u00f3 con todo al ataque y dispuso de varias ocasiones en el tramo final. En el minuto 78, Warren Za\u00efre-Emery se plant\u00f3 solo ante Neuer tras un pase filtrado de Lee, pero el guardameta del Bayern evit\u00f3 el empate con una parada espectacular. Tres minutos despu\u00e9s, Jo\u00e3o Neves remat\u00f3 de cabeza un centro de Lee rozando el poste. Finalmente, el FC Bayern asegur\u00f3 una merecida y ajustada victoria por 1-2, premio a su gran actuaci\u00f3n en Par\u00eds.<\/p>\n\n\n\n<p><\/p>\n\n\n\n<p>fcbayern.com<\/p>\n","protected":false},"excerpt":{"rendered":"<p>\u00a1Con f\u00fatbol vibrante y una mentalidad sobresaliente, el FC Bayern logr\u00f3 una gran victoria a domicilio en Par\u00eds! Este martes, los muniqueses se impusieron por 1-2 (0-2 al descanso) al vigente campe\u00f3n, el Paris Saint-Germain, en el gran duelo de la fase de liga de la Champions League.&nbsp;Luis D\u00edaz&nbsp;adelant\u00f3 al Bayern con un doblete en [&hellip;]<\/p>\n","protected":false},"author":1,"featured_media":195765,"comment_status":"closed","ping_status":"closed","sticky":false,"template":"","format":"standard","meta":{"_acf_changed":false,"_jetpack_memberships_contains_paid_content":false,"footnotes":"","jetpack_publicize_message":"","jetpack_publicize_feature_enabled":true,"jetpack_social_post_already_shared":true,"jetpack_social_options":{"image_generator_settings":{"template":"highway","default_image_id":0,"font":"","enabled":false},"version":2}},"categories":[5],"tags":[],"class_list":["post-195764","post","type-post","status-publish","format-standard","has-post-thumbnail","hentry","category-futbol"],"acf":[],"jetpack_publicize_connections":[],"jetpack_featured_media_url":"https:\/\/sportseco.com\/wp-content\/uploads\/2025\/11\/12-psg-fcbayern-251104-getl.avif","jetpack_sharing_enabled":true,"_links":{"self":[{"href":"https:\/\/sportseco.com\/index.php?rest_route=\/wp\/v2\/posts\/195764","targetHints":{"allow":["GET"]}}],"collection":[{"href":"https:\/\/sportseco.com\/index.php?rest_route=\/wp\/v2\/posts"}],"about":[{"href":"https:\/\/sportseco.com\/index.php?rest_route=\/wp\/v2\/types\/post"}],"author":[{"embeddable":true,"href":"https:\/\/sportseco.com\/index.php?rest_route=\/wp\/v2\/users\/1"}],"replies":[{"embeddable":true,"href":"https:\/\/sportseco.com\/index.php?rest_route=%2Fwp%2Fv2%2Fcomments&post=195764"}],"version-history":[{"count":1,"href":"https:\/\/sportseco.com\/index.php?rest_route=\/wp\/v2\/posts\/195764\/revisions"}],"predecessor-version":[{"id":195766,"href":"https:\/\/sportseco.com\/index.php?rest_route=\/wp\/v2\/posts\/195764\/revisions\/195766"}],"wp:featuredmedia":[{"embeddable":true,"href":"https:\/\/sportseco.com\/index.php?rest_route=\/wp\/v2\/media\/195765"}],"wp:attachment":[{"href":"https:\/\/sportseco.com\/index.php?rest_route=%2Fwp%2Fv2%2Fmedia&parent=195764"}],"wp:term":[{"taxonomy":"category","embeddable":true,"href":"https:\/\/sportseco.com\/index.php?rest_route=%2Fwp%2Fv2%2Fcategories&post=195764"},{"taxonomy":"post_tag","embeddable":true,"href":"https:\/\/sportseco.com\/index.php?rest_route=%2Fwp%2Fv2%2Ftags&post=195764"}],"curies":[{"name":"wp","href":"https:\/\/api.w.org\/{rel}","templated":true}]}}