{"id":195794,"date":"2025-11-05T10:09:39","date_gmt":"2025-11-05T15:09:39","guid":{"rendered":"https:\/\/sportseco.com\/?p=195794"},"modified":"2025-11-05T10:09:43","modified_gmt":"2025-11-05T15:09:43","slug":"los-miembros-de-la-ue-acuerdan-recortar-un-90-las-emisiones-de-co2-en-2040-pero-con-muchas-flexibilidades","status":"publish","type":"post","link":"https:\/\/sportseco.com\/?p=195794","title":{"rendered":"Los miembros de la UE acuerdan recortar un 90 % las emisiones de CO2 en 2040, pero con muchas flexibilidades"},"content":{"rendered":"\n<p><strong>Bruselas, 5 nov (EFE).-&nbsp; Los estados miembro de la Uni\u00f3n Europea (UE) han acordado reducir sus emisiones de CO2 en un 90 % para 2040 respecto a 1990, con una meta intermedia de rebaja de entre el 66,25 y el 72,5 % a 2035. El pacto se ha logrado tras introducir medidas que flexibilizan la consecuci\u00f3n de los objetivos que, adem\u00e1s, ser\u00e1n revisables.<\/strong><\/p>\n\n\n\n<p>Tras casi 24 horas de negociaciones, los ministros de Medio Ambiente de los estados de la UE han ratificado lo propuesto por la Comisi\u00f3n con un acuerdo que se alcanz\u00f3<strong>&nbsp;por mayor\u00eda cualificada,&nbsp;<\/strong>los&nbsp;<strong>votos en contra de Eslovaquia, Hungr\u00eda, Polonia y Rep\u00fablica Checa y las abstenciones de Bulgaria y B\u00e9lgica,&nbsp;<\/strong>seg\u00fan las posiciones expresadas en la sesi\u00f3n p\u00fablica del Consejo.<\/p>\n\n\n\n<p>La Comisi\u00f3n ha acogido con satisfacci\u00f3n el acuerdo, al que considera una&nbsp;<strong>nueva y ambiciosa contribuci\u00f3n determinada a nivel nacional (NDC,<\/strong>&nbsp;por sus siglas en ingl\u00e9s), pese a que ha alcanzado en el tiempo de descuento y a cinco d\u00edas de la inaguraci\u00f3n de la Conferencia de las Naciones Unidas sobre el Cambio Clim\u00e1tico de Bel\u00e9m (Brasil), COP30.<\/p>\n\n\n\n<h2 class=\"wp-block-heading\">Afectar\u00e1 al marco legal<\/h2>\n\n\n\n<p>El bloque comunitario, que deb\u00eda haber entregado antes a la ONU su NDC actualizada diez a\u00f1os del Acuerdo de Par\u00eds de 2015, se comprometer\u00e1 a reducir&nbsp; sus emisones en 2035 respecto a 1990 entre el 66,25 y el 72,5 %, rango que en el extremo alto se alinea con la reducci\u00f3n del 90 % para 2040, que ser\u00e1 obligatoria por ley.<\/p>\n\n\n\n<p>El texto definitivo tendr\u00e1 que negociarse a\u00fan con el Parlamento Europeo, idealmente antes de que acabe el a\u00f1o.<\/p>\n\n\n\n<p>Fijar objetivos de reducci\u00f3n de emisiones de gases de efecto invernadero para 2035 y 2040 es un nuevo hito entre la reducci\u00f3n del 55 % comprometida para 2030 y la neutralidad clim\u00e1tica que la UE ha prometido alcanzar en 2050.<\/p>\n\n\n\n<p>Representa adem\u00e1s el&nbsp;<strong>marco legal sobre el que se ir\u00e1n construyendo normas para alcanzar ese objetivo<\/strong>, que afectar\u00e1n a todos los sectores econ\u00f3micos, desde la industria el transporte hasta la agricultura o la producci\u00f3n de energ\u00eda.<\/p>\n\n\n\n<p>\u00abEl objetivo est\u00e1 en l\u00ednea con la ciencia\u00bb, tiene el apoyo de pa\u00edses que representan a m\u00e1s del 80 % de la poblaci\u00f3n de la UE y aporta \u00aborientaciones a la industria\u00bb, dijo el ministro de Clima de Dinamarca, Lars Aagaard, cuyo pa\u00eds ejerce la presidencia rotatoria del Consejo de la UE.<\/p>\n\n\n\n<p>Para la Comisi\u00f3n, con el acuerdo la UE est\u00e1&nbsp;<strong>enviando una se\u00f1al firme y unida a la comunidad mundial&nbsp;<\/strong><strong>de que sigue&nbsp;firmemente comprometida con&nbsp;el logro de los objetivos del Acuerdo de Par\u00eds.<\/strong><\/p>\n\n\n\n<h2 class=\"wp-block-heading\">Flexibilidades y revisi\u00f3n<\/h2>\n\n\n\n<p>Las flexibilidades acordadas por los ministros incluyen la posibilidad de&nbsp;<strong>completar un 5 % del recorte comprando derechos de emisi\u00f3n a terceros pa\u00edses, con la posibilidad de aumentarlo otro 5 % adiciona<\/strong>l, si bien no est\u00e1 definido si se acabar\u00edan utilizando fondos europeos para financiar esas compras.<\/p>\n\n\n\n<p>Espa\u00f1a hab\u00eda se\u00f1alado que el 90 % supon\u00eda una \u00abl\u00ednea roja\u00bb y ped\u00eda limitar los cr\u00e9ditos internacionales al equivalente del 3 % de las emisiones netas de la UE en 1990 propuesto inicialmente por la Comisi\u00f3n Europea.<\/p>\n\n\n\n<p>De ejecutarse plantamente la posiblidad de sustituir la reducci\u00f3n de emisiones correspondiente a cada pa\u00eds&nbsp; por la compra de reducciones llevadas a cabo en terceros pa\u00edses, planteada por Italia,&nbsp;&nbsp;<strong>conllevar\u00eda que el esfuerzo de reducci\u00f3n real se quede en el 80 %,<\/strong>&nbsp;es decir, alejada del m\u00ednimo del 90 % de reducci\u00f3n neta dom\u00e9stica que cree necesario el consejo de expertos independientes que asesora a la Comisi\u00f3n Europea en las pol\u00edticas clim\u00e1ticas.<\/p>\n\n\n\n<p>Los cr\u00e9ditos podr\u00e1n utilizarse&nbsp;<strong>a partir de 2036<\/strong>&nbsp;y, como proyecto \u00abpiloto\u00bb entre 2031 y 2035.<\/p>\n\n\n\n<p>Tambi\u00e9n pactaron&nbsp;<strong>revisar el objetivo general cada cinco a\u00f1os, en funci\u00f3n de los avances cient\u00edficos y tecnol\u00f3gicos<\/strong>.<\/p>\n\n\n\n<h2 class=\"wp-block-heading\">Sumideros de carbono<\/h2>\n\n\n\n<p>Adem\u00e1s, para contentar a Polonia, los Veintisiete acordaron&nbsp;<strong>retrasar un a\u00f1o, hasta 2028, la entrada en funcionamiento del sistema de comercio de emisiones ETS 2<\/strong>, dise\u00f1ado para poner un precio al CO2 del&nbsp;<strong>transporte rodado y los sistemas de calefacci\u00f3n de los edificios<\/strong>.<\/p>\n\n\n\n<p>La meta acordada por los Veintisiete tambi\u00e9n tendr\u00e1 en cuenta la evoluci\u00f3n de los llamados \u00absumideros de carbono\u00bb, de forma que&nbsp;<strong>si los bosques, praderas o humedales absorben menos CO2 de lo proyectado, en parte por el avance de las temperaturas y la escasez de lluvia, no se obligar\u00e1 a los pa\u00edses a compensar ese d\u00e9ficit<\/strong>&nbsp;en otros sectores econ\u00f3micos.<\/p>\n\n\n\n<p>Se trata de una exigencia que acordaron los jefes de Estado y de Gobierno de los pa\u00edses de la UE en la cumbre europea celebrada a finales del pasado octubre, un debate necesario para desbloquear las negociaciones a nivel ministerial.<\/p>\n\n\n\n<h2 class=\"wp-block-heading\">Reacciones<\/h2>\n\n\n\n<p>\u00abNo es un texto perfecto, pero es muy bueno\u00bb, seg\u00fan la vicepresidenta tercera y&nbsp;<strong>ministra para la Transici\u00f3n Ecol\u00f3gica y el Reto Demogr\u00e1fico<\/strong>, Sara Aagesen, que ha destacado que lo importante es haber logrado un&nbsp;<strong>objetivo vinculante de reducci\u00f3n de emissiones alienado con la ciencia.<\/strong><\/p>\n\n\n\n<p>Se trata de \u00abun gran avance\u00bb que refleja \u00abel liderazgo\u00bb y \u00abla unidad de Europa\u00bb de cara a la cita de Brasil, seg\u00fan la ministra, quien tambi\u00e9n ha subrayado la \u00abm\u00e1xima ambici\u00f3n\u00bb que ha mostrado Espa\u00f1a durante la negociaci\u00f3n y que tambi\u00e9n se mantendr\u00e1 de cara a los siguientes pasos en la aplicaci\u00f3n de los objetivos.<\/p>\n\n\n\n<p>Por su parte, el<strong>&nbsp;comisario de Acci\u00f3n Clim\u00e1tica<\/strong>, Wopke Hoekstra, ha restado importancia al que las reducciones se puedan hacer mediante la compra de derechos de carbono porque, ha subrayado, lo que importa es reducir las emisiones \u00abno d\u00f3nde\u00bb las reducimos, es \u00abf\u00edsica\u00bb.<\/p>\n\n\n\n<p>El neerland\u00e9s ha asegurado asegurado que se ha llegado a \u00abun acuerdo pragm\u00e1tico, ambicioso, con velocidad y flexibilidad\u00bb y que las pol\u00edticas clim\u00e1ticas deben ir \u00abde la mano\u00bb con conceptos como la \u00abcompetitividad\u00bb, la \u00abprevisibilidad\u00bb y la \u00abindependencia\u00bb.<\/p>\n\n\n\n<p>\u00abSobre el papel, puede no sonar mal, pero en la pr\u00e1ctica, la dependencia de compensaciones internacionales de hasta un 5 % y la inclusi\u00f3n de un \u00abfreno de emergencia\u00bb para los sumideros de carbono podr\u00edan reducir el objetivo dom\u00e9stico real a menos del 85 %\u00bb, ha advertido&nbsp;<strong>WWF<\/strong>.<\/p>\n\n\n\n<p>La UE \u00ablleva a\u00f1os dando marcha atr\u00e1s en las pol\u00edticas verdes. Hubo un tiempo en que asumi\u00f3 el liderazgo global en la lucha contra el cambio clim\u00e1tico y, sin embargo, ahora s\u00f3lo vemos retrocesos y cesiones ante el trumpismo negacionista m\u00e1s reaccionario\u00bb, ha lamentado el coordinador federal de&nbsp;<strong>Alianza Verde<\/strong>, Juantxo L\u00f3pez de Uralde.<\/p>\n\n\n\n<p>\u00abEsto no s\u00f3lo es bochornoso, sino algo de lo que dif\u00edcilmente nos podremos recuperar. No actuar tiene consecuencias y cada retroceso supone un coste brutal\u00bb, ha a\u00f1adido.<\/p>\n\n\n\n<h2 class=\"wp-block-heading\">Antecedentes<\/h2>\n\n\n\n<p>La&nbsp;Ley Europea del Clima, en vigor desde julio de 2021, ancla legalmente el compromiso de la UE con la neutralidad clim\u00e1tica a 2050 y con la reducci\u00f3n de las emisiones netas de gases de efecto invernadero en al menos un 55 % de aqu\u00ed a 2030, en comparaci\u00f3n con los niveles de 1990.<\/p>\n\n\n\n<p>En virtud de dicha ley, se exigi\u00f3 a la UE que estableciera un objetivo clim\u00e1tico intermedio para 2040 a fin de guiar el camino hacia la neutralidad clim\u00e1tica. Esta propuesta tuvo que presentarse en un plazo de seis meses a partir de la celebraci\u00f3n del primer balance mundial del Acuerdo de Par\u00eds alcanzado en diciembre de 2023. La propuesta de la Comisi\u00f3n, presentada en julio de 2025, se negoci con arreglo al procedimiento legislativo ordinario de la UE y ha constituido la base de la nueva NDC de la UE.<\/p>\n\n\n\n<p>Se espera que el Parlamento Europeo vote su posici\u00f3n el 13 de noviembre, con una postura que se prev\u00e9 similar a la de los gobiernos. El texto jur\u00eddico definitivo ser\u00e1 el resultado de las negociaciones entre el Consejo, basadas en el texto acordado hoy, y el Parlamento. EFEverde<\/p>\n\n\n\n<p>jaf-atm<\/p>\n","protected":false},"excerpt":{"rendered":"<p>Bruselas, 5 nov (EFE).-&nbsp; Los estados miembro de la Uni\u00f3n Europea (UE) han acordado reducir sus emisiones de CO2 en un 90 % para 2040 respecto a 1990, con una meta intermedia de rebaja de entre el 66,25 y el 72,5 % a 2035. El pacto se ha logrado tras introducir medidas que flexibilizan la [&hellip;]<\/p>\n","protected":false},"author":1,"featured_media":195795,"comment_status":"closed","ping_status":"closed","sticky":false,"template":"","format":"standard","meta":{"_acf_changed":false,"_jetpack_memberships_contains_paid_content":false,"footnotes":"","jetpack_publicize_message":"","jetpack_publicize_feature_enabled":true,"jetpack_social_post_already_shared":true,"jetpack_social_options":{"image_generator_settings":{"template":"highway","default_image_id":0,"font":"","enabled":false},"version":2}},"categories":[6],"tags":[],"class_list":["post-195794","post","type-post","status-publish","format-standard","has-post-thumbnail","hentry","category-ecologia"],"acf":[],"jetpack_publicize_connections":[],"jetpack_featured_media_url":"https:\/\/i0.wp.com\/sportseco.com\/wp-content\/uploads\/2025\/11\/e1f6394a6e1946f3ca19971430f2acd487238dc2w.jpg?fit=1920%2C1281&ssl=1","jetpack_sharing_enabled":true,"_links":{"self":[{"href":"https:\/\/sportseco.com\/index.php?rest_route=\/wp\/v2\/posts\/195794","targetHints":{"allow":["GET"]}}],"collection":[{"href":"https:\/\/sportseco.com\/index.php?rest_route=\/wp\/v2\/posts"}],"about":[{"href":"https:\/\/sportseco.com\/index.php?rest_route=\/wp\/v2\/types\/post"}],"author":[{"embeddable":true,"href":"https:\/\/sportseco.com\/index.php?rest_route=\/wp\/v2\/users\/1"}],"replies":[{"embeddable":true,"href":"https:\/\/sportseco.com\/index.php?rest_route=%2Fwp%2Fv2%2Fcomments&post=195794"}],"version-history":[{"count":1,"href":"https:\/\/sportseco.com\/index.php?rest_route=\/wp\/v2\/posts\/195794\/revisions"}],"predecessor-version":[{"id":195796,"href":"https:\/\/sportseco.com\/index.php?rest_route=\/wp\/v2\/posts\/195794\/revisions\/195796"}],"wp:featuredmedia":[{"embeddable":true,"href":"https:\/\/sportseco.com\/index.php?rest_route=\/wp\/v2\/media\/195795"}],"wp:attachment":[{"href":"https:\/\/sportseco.com\/index.php?rest_route=%2Fwp%2Fv2%2Fmedia&parent=195794"}],"wp:term":[{"taxonomy":"category","embeddable":true,"href":"https:\/\/sportseco.com\/index.php?rest_route=%2Fwp%2Fv2%2Fcategories&post=195794"},{"taxonomy":"post_tag","embeddable":true,"href":"https:\/\/sportseco.com\/index.php?rest_route=%2Fwp%2Fv2%2Ftags&post=195794"}],"curies":[{"name":"wp","href":"https:\/\/api.w.org\/{rel}","templated":true}]}}