{"id":195841,"date":"2025-11-06T08:25:20","date_gmt":"2025-11-06T13:25:20","guid":{"rendered":"https:\/\/sportseco.com\/?p=195841"},"modified":"2025-11-06T08:25:25","modified_gmt":"2025-11-06T13:25:25","slug":"cop30-en-america-latina-entre-la-adaptacion-la-transicion-y-el-petroleo","status":"publish","type":"post","link":"https:\/\/sportseco.com\/?p=195841","title":{"rendered":"COP30 en Am\u00e9rica Latina: entre la adaptaci\u00f3n, la transici\u00f3n y el petr\u00f3leo"},"content":{"rendered":"\n<p><strong>Madrid,&nbsp; (EFEverde).- Am\u00e9rica Latina es el escenario de la trig\u00e9sima Conferencia de las Partes (COP30), que tendr\u00e1 lugar en Bel\u00e9m, Brasil. Los expertos de distintos sectores de la regi\u00f3n analizan los desaf\u00edos y expectativas clave: la fragmentaci\u00f3n pol\u00edtica, priorizar la adaptaci\u00f3n al cambio clim\u00e1tico, avanzar hacia una transici\u00f3n energ\u00e9tica justa, asegurar un financiamiento efectivo y proteger la Amazon\u00eda.<\/strong><\/p>\n\n\n\n<p>Este a\u00f1o, la COP tiene como destino a un pa\u00eds y a una ciudad de la Amazon\u00eda: el pulm\u00f3n verde del planeta, que enfrenta una serie de amenazas para su conservaci\u00f3n.&nbsp;<\/p>\n\n\n\n<p>Para la exministra de ambiente de Colombia y polit\u00f3loga, Susana Muhamad, un evento de esta envergadura en el territorio deber\u00eda significar, por lo menos, que se&nbsp;<strong>propusiera cerrar la frontera extractivista.<\/strong>&nbsp;Sin embargo, se dan casos como el de Brasil, que a pocas&nbsp; pocas semanas de la COP aprueba la exploraci\u00f3n de petr\u00f3leo.<\/p>\n\n\n\n<p>Muhamad cuestiona que esto se da \u201ccuando&nbsp;al mismo tiempo se necesita restaurar la Amazon\u00eda&nbsp; y recuperarla&nbsp; para el equilibrio clim\u00e1tico de la humanidad\u201d.<\/p>\n\n\n\n<p>Entre&nbsp;<strong>1985 y 2023, m\u00e1s de 88 millones de hect\u00e1reas de bosque de la Amazon\u00eda fueron eliminadas<\/strong>, seg\u00fan datos de&nbsp;<a href=\"https:\/\/amazonia.mapbiomas.org\/2024\/09\/26\/la-amazonia-sufrio-una-perdida-de-bosques-casi-tan-grande-como-el-tamano-de-colombia-revela-analisis-de-mapbiomas\/\">Mapbiomas Amazon\u00eda&nbsp;<\/a><\/p>\n\n\n\n<h2 class=\"wp-block-heading\"><strong>L\u00edderes pol\u00edticos<\/strong><\/h2>\n\n\n\n<p>La figura del presidente brasile\u00f1o,&nbsp;In\u00e1cio&nbsp;Lula da Silva, despierta grandes expectativas. Mar\u00eda In\u00e9s Rivadeneira, gerente de Pol\u00edticas y Gobernanza de WWF Ecuador, se\u00f1ala que la sociedad civil y el Sur global esperan que Lula promueva una representaci\u00f3n colaborativa de sus necesidades y visiones. Esto, a su vez, genera presi\u00f3n en su pol\u00edtica interna.<\/p>\n\n\n\n<p>A nivel general,&nbsp;&nbsp;Rivadeneira&nbsp;&nbsp;describe<strong>&nbsp;un contexto pol\u00edtico adverso, caracterizado por un n\u00famero creciente de l\u00edderes con visiones que no favorecen a la protecci\u00f3n del medio ambiente.<\/strong><\/p>\n\n\n\n<h2 class=\"wp-block-heading\"><strong>Una regi\u00f3n fragmentada<\/strong><\/h2>\n\n\n\n<p>El periodista Fermin Koop, editor adjunto para Am\u00e9rica Latina en Dialogue Earth y mentor en las COPs para Earth Journalism Network, recuerda que a diferencia de otras conferencias ambientales, la regi\u00f3n no negocia como un bloque unificado en las COPs.&nbsp;<\/p>\n\n\n\n<p>Algunos de los bloques son: la Asociaci\u00f3n Independiente de Am\u00e9rica Latina y el Caribe (AILAC), integrada por Paraguay, Chile, Colombia, Costa Rica, Guatemala, Panam\u00e1, Per\u00fa y Honduras; la Alianza Bolivariana para los Pueblos de Nuestra Am\u00e9rica (ALBA), conformada por Venezuela, Cuba, Nicaragua y pa\u00edses del Caribe \u2014actualmente Bolivia est\u00e1 suspendida\u2014; el G77 + China, que agrupa a pa\u00edses en desarrollo y al gigante asi\u00e1tico; el Grupo Sur, integrado por Argentina, Brasil, Ecuador, Paraguay y Uruguay; y la Alianza de Peque\u00f1os Estados Insulares (AOSIS), que re\u00fane a pa\u00edses del Caribe.<\/p>\n\n\n\n<p>A pesar de esta fragmentaci\u00f3n, que podr\u00eda restar peso, Koop subraya que se ha logrado desarrollar&nbsp;<strong>liderazgos significativos y contribuciones importantes en los procesos de negociaci\u00f3n<\/strong>&nbsp;sobre el cambio clim\u00e1tico.<\/p>\n\n\n\n<blockquote class=\"wp-block-quote is-layout-flow wp-block-quote-is-layout-flow\">\n<p>\u201cAm\u00e9rica Latina tuvo figuras individuales importantes y tiene, como el presidente de la COP 20, Manuel Pulgar Vidal; la presidenta de la COP de Canc\u00fan, Patricia Espinosa y una de las denominadas arquitectas del Acuerdo de Par\u00eds, Christiana Figueres. Y al mismo tiempo, tambi\u00e9n a nivel bloque, la regi\u00f3n&nbsp; ha tenido contribuciones significativas,&nbsp;como por ejemplo el papel de AILAC en la creaci\u00f3n del Acuerdo de Par\u00eds\u201d.&nbsp;<\/p>\n<\/blockquote>\n\n\n\n<p>Destaca adem\u00e1s el acercamiento a partir de la conferencia de ministros de ambiente en M\u00e9xico, en la que se logr\u00f3 consensuar un documento con posiciones comunes. \u201cHay l\u00edneas de acuerdo en posicionar temas como adaptaci\u00f3n, financiamiento, abrir la puerta a una transici\u00f3n energ\u00e9tica justa; es decir, se pudieron encontrar ciertas l\u00edneas de acuerdo, y eso es un buen antecedente para llegar a la COP\u201d, considera.<\/p>\n\n\n\n<p><strong>Acciones dispersas.<\/strong>&nbsp;Muhamad describe, adem\u00e1s de la fragmentaci\u00f3n dentro de la COP, otras dificultades de Am\u00e9rica Latina para coordinar acciones globales.<\/p>\n\n\n\n<p>El Acuerdo de Par\u00eds pretend\u00eda ser un marco global para enfrentar la crisis clim\u00e1tica, pero, seg\u00fan la polit\u00f3loga, tiene la \u201ctrampa\u201d de las Contribuciones Determinadas a Nivel Nacional (NDCs), con lo que&nbsp;<strong>cada pa\u00eds act\u00faa seg\u00fan sus propias capacidades, sin un verdadero sistema internacional de cooperaci\u00f3n que cambie las reglas del juego y permita una acci\u00f3n com\u00fan a la escala necesaria.&nbsp;<\/strong><\/p>\n\n\n\n<p>Aunque reconoce que deben considerarse las diferencias entre pa\u00edses y pueblos bajo principios de justicia social y econ\u00f3mica, advierte que ese acuerdo no se logr\u00f3 y hoy predomina una dispersi\u00f3n de acciones que no conducen eficazmente a enfrentar la crisis clim\u00e1tica.<\/p>\n\n\n\n<p>En ese contexto, lamenta que Latinoam\u00e9rica, tambi\u00e9n<strong>&nbsp;pol\u00edticamente dividida<\/strong>, no haya podido impulsar iniciativas regionales con impacto global. Por ejemplo, la<strong>&nbsp;transformaci\u00f3n de los sistemas de residuos para cerrar rellenos sanitarios con inclusi\u00f3n social<\/strong>\u2014, lo que para Muhamad ser\u00eda una agenda provechosa que bajar\u00eda las emisiones de metano y tendr\u00eda una contribuci\u00f3n global impresionante.<\/p>\n\n\n\n<p>Sin embargo, afirma que no existe la capacidad, la estructura y la sinergia pol\u00edtica.<\/p>\n\n\n\n<blockquote class=\"wp-block-quote is-layout-flow wp-block-quote-is-layout-flow\">\n<p>\u201cSi Am\u00e9rica Latina&nbsp; trabajara m\u00e1s en iniciativas&nbsp; regionales de impacto global podr\u00eda conseguir m\u00e1s recursos, m\u00e1s visibilidad y m\u00e1s capacidad de acci\u00f3n&nbsp;con beneficio\u201d.&nbsp;<\/p>\n<\/blockquote>\n\n\n\n<p><\/p>\n\n\n\n<p>efeverde.com<\/p>\n","protected":false},"excerpt":{"rendered":"<p>Madrid,&nbsp; (EFEverde).- Am\u00e9rica Latina es el escenario de la trig\u00e9sima Conferencia de las Partes (COP30), que tendr\u00e1 lugar en Bel\u00e9m, Brasil. Los expertos de distintos sectores de la regi\u00f3n analizan los desaf\u00edos y expectativas clave: la fragmentaci\u00f3n pol\u00edtica, priorizar la adaptaci\u00f3n al cambio clim\u00e1tico, avanzar hacia una transici\u00f3n energ\u00e9tica justa, asegurar un financiamiento efectivo y [&hellip;]<\/p>\n","protected":false},"author":1,"featured_media":195842,"comment_status":"closed","ping_status":"closed","sticky":false,"template":"","format":"standard","meta":{"_acf_changed":false,"_jetpack_memberships_contains_paid_content":false,"footnotes":"","jetpack_publicize_message":"","jetpack_publicize_feature_enabled":true,"jetpack_social_post_already_shared":true,"jetpack_social_options":{"image_generator_settings":{"template":"highway","default_image_id":0,"font":"","enabled":false},"version":2}},"categories":[6],"tags":[],"class_list":["post-195841","post","type-post","status-publish","format-standard","has-post-thumbnail","hentry","category-ecologia"],"acf":[],"jetpack_publicize_connections":[],"jetpack_featured_media_url":"https:\/\/i0.wp.com\/sportseco.com\/wp-content\/uploads\/2025\/11\/AME7599-BRASIL-AMAZONIA.jpg?fit=1920%2C1080&ssl=1","jetpack_sharing_enabled":true,"_links":{"self":[{"href":"https:\/\/sportseco.com\/index.php?rest_route=\/wp\/v2\/posts\/195841","targetHints":{"allow":["GET"]}}],"collection":[{"href":"https:\/\/sportseco.com\/index.php?rest_route=\/wp\/v2\/posts"}],"about":[{"href":"https:\/\/sportseco.com\/index.php?rest_route=\/wp\/v2\/types\/post"}],"author":[{"embeddable":true,"href":"https:\/\/sportseco.com\/index.php?rest_route=\/wp\/v2\/users\/1"}],"replies":[{"embeddable":true,"href":"https:\/\/sportseco.com\/index.php?rest_route=%2Fwp%2Fv2%2Fcomments&post=195841"}],"version-history":[{"count":1,"href":"https:\/\/sportseco.com\/index.php?rest_route=\/wp\/v2\/posts\/195841\/revisions"}],"predecessor-version":[{"id":195843,"href":"https:\/\/sportseco.com\/index.php?rest_route=\/wp\/v2\/posts\/195841\/revisions\/195843"}],"wp:featuredmedia":[{"embeddable":true,"href":"https:\/\/sportseco.com\/index.php?rest_route=\/wp\/v2\/media\/195842"}],"wp:attachment":[{"href":"https:\/\/sportseco.com\/index.php?rest_route=%2Fwp%2Fv2%2Fmedia&parent=195841"}],"wp:term":[{"taxonomy":"category","embeddable":true,"href":"https:\/\/sportseco.com\/index.php?rest_route=%2Fwp%2Fv2%2Fcategories&post=195841"},{"taxonomy":"post_tag","embeddable":true,"href":"https:\/\/sportseco.com\/index.php?rest_route=%2Fwp%2Fv2%2Ftags&post=195841"}],"curies":[{"name":"wp","href":"https:\/\/api.w.org\/{rel}","templated":true}]}}