{"id":195852,"date":"2025-11-06T10:49:36","date_gmt":"2025-11-06T15:49:36","guid":{"rendered":"https:\/\/sportseco.com\/?p=195852"},"modified":"2025-11-06T10:49:46","modified_gmt":"2025-11-06T15:49:46","slug":"la-cumbre-de-doha-concluye-con-un-claro-mensaje-el-desarrollo-social-no-es-caridad-sino-un-beneficio","status":"publish","type":"post","link":"https:\/\/sportseco.com\/?p=195852","title":{"rendered":"La cumbre de Doha concluye con un claro mensaje: el desarrollo social no es caridad sino un beneficio"},"content":{"rendered":"\n<figure class=\"wp-block-image\"><img data-recalc-dims=\"1\" decoding=\"async\" src=\"https:\/\/i0.wp.com\/global.unitednations.entermediadb.net\/assets\/mediadb\/services\/module\/asset\/downloads\/preset\/assets\/2017\/05\/05-12-2017-escap-feat-07-1495035920.jpg\/image1170x530cropped.jpg?w=640&#038;ssl=1\" alt=\"Un parque en Bangkok, Tailandia, donde se han instalado elementos de accesibilidad y asistencia, como gu\u00edas detectables y avisos.\" title=\"Un parque en Bangkok, Tailandia, donde se han instalado elementos de accesibilidad y asistencia, como gu\u00edas detectables y avisos.\"\/><\/figure>\n\n\n\n<p><strong><time datetime=\"2025-11-06T12:00:00Z\">6 Noviembre 2025<\/time><\/strong>&nbsp;<strong><a href=\"https:\/\/news.un.org\/es\/news\/topic\/sdgs\">Objetivos de Desarrollo Sostenible<\/a><\/strong><\/p>\n\n\n\n<p>Uno de los mayores problemas no es el dinero en s\u00ed mismo, sino c\u00f3mo se invierte. Acelerar la reducci\u00f3n de la pobreza, crear puestos de trabajo reales y garantizar que nadie se quede atr\u00e1s, debe ser la prioridad de los Gobiernos.<\/p>\n\n\n\n<p>La II Cumbre Mundial sobre Desarrollo Social concluy\u00f3 el jueves en Doha con un llamamiento a los pa\u00edses para que pasen r\u00e1pidamente de los compromisos a la aplicaci\u00f3n, garantizando que la Declaraci\u00f3n Pol\u00edtica de Doha suponga un avance cuantificable en la reducci\u00f3n de la pobreza, el trabajo digno y la inclusi\u00f3n social.<\/p>\n\n\n\n<p>En la rueda de prensa de clausura, la presidenta de la&nbsp;<a href=\"https:\/\/www.un.org\/es\/ga\/about\/index.shtml\">Asamblea General<\/a>&nbsp;de las Naciones Unidas, Annalena Baerbock, afirm\u00f3 que la Cumbre supuso un \u00abcambio deliberado\u00bb desde la identificaci\u00f3n de las deficiencias hasta la aplicaci\u00f3n de soluciones probadas.<\/p>\n\n\n\n<p>\u00abCopenhague nos ense\u00f1\u00f3 hace 30 a\u00f1os que el desarrollo social y la inclusi\u00f3n son esenciales para unas sociedades fuertes\u00bb, afirm\u00f3. \u00abPrometimos no dejar a nadie atr\u00e1s. El desarrollo social no es algo \u2018que estar\u00eda bien tener\u2019 ni un acto de caridad. Redunda en el inter\u00e9s propio de todos los pa\u00edses\u00bb.<\/p>\n\n\n\n<p>Advirti\u00f3 que el hambre y la pobreza actuales no se deben a la escasez, sino a los conflictos, la desigualdad y los fracasos pol\u00edticos, y subray\u00f3: \u00abUno de los mayores problemas no es el dinero en s\u00ed mismo, sino c\u00f3mo se invierte\u00bb.<\/p>\n\n\n\n<p>M\u00e1s de 40 jefes de Estado y de Gobierno, m\u00e1s de 230 ministros y altos funcionarios, y cerca de&nbsp;<strong>14000 asistentes participaron en la Cumbre<\/strong>.<\/p>\n\n\n\n<p>Adem\u00e1s de las sesiones plenarias y las mesas redondas formales, se celebraron m\u00e1s de 250 \u00absesiones de soluciones\u00bb para intercambiar enfoques pr\u00e1cticos destinados a ampliar la protecci\u00f3n social, mejorar el acceso a la atenci\u00f3n sanitaria y la educaci\u00f3n, y apoyar el trabajo que proporciona dignidad.<\/p>\n\n\n\n<h2 class=\"wp-block-heading\">\u00abLa gente espera resultados\u00bb<\/h2>\n\n\n\n<p>La vicesecretaria general, Amina Mohammed, afirm\u00f3 que el resultado refleja la urgencia expresada por la sociedad civil, los sindicatos, los l\u00edderes comunitarios, las empresas y los representantes de la juventud a lo largo de la semana.<\/p>\n\n\n\n<p>\u00abEl mensaje ha sido claro: la gente espera que demos respuestas, no solo declaraciones\u00bb, afirm\u00f3. \u00abLa Declaraci\u00f3n Pol\u00edtica de Doha no es un documento para archivar. Es un compromiso para situar a las personas en el centro del desarrollo sostenible\u00bb.<\/p>\n\n\n\n<p>Hizo hincapi\u00e9 en que la aplicaci\u00f3n debe centrarse ahora en&nbsp;<strong>acelerar la reducci\u00f3n de la pobreza, crear puestos de trabajo reales y garantizar que nadie se quede atr\u00e1s<\/strong>. \u00abHemos abierto la puerta en Doha. Ahora debemos atravesarla juntos\u00bb.<\/p>\n\n\n\n<h2 class=\"wp-block-heading\">\u00abInvertir en las personas\u00bb<\/h2>\n\n\n\n<p>La embajadora Alya Ahmed Saif Al-Thani, de Qatar, afirm\u00f3 que la celebraci\u00f3n de la Cumbre en su pa\u00eds refleja la convicci\u00f3n de que la igualdad, la dignidad y la inclusi\u00f3n son esenciales para la paz y la prosperidad.<\/p>\n\n\n\n<p>\u00ab<strong>Invertir en las personas es la inversi\u00f3n m\u00e1s sostenible que puede hacer una naci\u00f3n<\/strong>\u00bb, afirm\u00f3, y se\u00f1al\u00f3 el gasto social de Qatar en el pa\u00eds y las asociaciones internacionales para el desarrollo en el extranjero.<\/p>\n\n\n\n<p>Destac\u00f3 que la prioridad ahora es garantizar que los compromisos pasen del papel a la pol\u00edtica, con el apoyo de la cooperaci\u00f3n internacional y la financiaci\u00f3n innovadora.<\/p>\n\n\n\n<p>\u00abLos resultados de esta Cumbre proporcionan una base s\u00f3lida\u00bb, afirm\u00f3. \u00abLo que m\u00e1s importa ahora es la implementaci\u00f3n\u00bb.<\/p>\n\n\n\n<p>Los organismos regionales de las Naciones Unidas apoyar\u00e1n el seguimiento<\/p>\n\n\n\n<p><strong>Las comisiones econ\u00f3micas regionales de la ONU ayudar\u00e1n a los pa\u00edses a traducir los compromisos en medidas pr\u00e1cticas<\/strong>.<\/p>\n\n\n\n<p>La Comisi\u00f3n Econ\u00f3mica para Europa destac\u00f3 el apoyo a las pol\u00edticas sobre el envejecimiento, la vivienda asequible, las transiciones energ\u00e9ticas justas y la mejora de los datos sobre la pobreza, ayudando a los gobiernos a dise\u00f1ar sistemas que lleguen a las personas m\u00e1s vulnerables.<\/p>\n\n\n\n<p>La Comisi\u00f3n Econ\u00f3mica para \u00c1frica subray\u00f3 el \u00abpotencial juvenil\u00bb del continente y pidi\u00f3 inversiones en educaci\u00f3n, competencias, oportunidades de empleo y esp\u00edritu empresarial, en colaboraci\u00f3n con la Uni\u00f3n Africana y las instituciones regionales.<br \/><\/p>\n\n\n\n<p>NEWS.UN.ORG<\/p>\n","protected":false},"excerpt":{"rendered":"<p>6 Noviembre 2025&nbsp;Objetivos de Desarrollo Sostenible Uno de los mayores problemas no es el dinero en s\u00ed mismo, sino c\u00f3mo se invierte. Acelerar la reducci\u00f3n de la pobreza, crear puestos de trabajo reales y garantizar que nadie se quede atr\u00e1s, debe ser la prioridad de los Gobiernos. La II Cumbre Mundial sobre Desarrollo Social concluy\u00f3 [&hellip;]<\/p>\n","protected":false},"author":1,"featured_media":195853,"comment_status":"closed","ping_status":"closed","sticky":false,"template":"","format":"standard","meta":{"_acf_changed":false,"_jetpack_memberships_contains_paid_content":false,"footnotes":"","jetpack_publicize_message":"","jetpack_publicize_feature_enabled":true,"jetpack_social_post_already_shared":true,"jetpack_social_options":{"image_generator_settings":{"template":"highway","default_image_id":0,"font":"","enabled":false},"version":2}},"categories":[6],"tags":[],"class_list":["post-195852","post","type-post","status-publish","format-standard","has-post-thumbnail","hentry","category-ecologia"],"acf":[],"jetpack_publicize_connections":[],"jetpack_featured_media_url":"https:\/\/i0.wp.com\/sportseco.com\/wp-content\/uploads\/2025\/11\/image1170x530cropped-4.jpg?fit=1170%2C530&ssl=1","jetpack_sharing_enabled":true,"_links":{"self":[{"href":"https:\/\/sportseco.com\/index.php?rest_route=\/wp\/v2\/posts\/195852","targetHints":{"allow":["GET"]}}],"collection":[{"href":"https:\/\/sportseco.com\/index.php?rest_route=\/wp\/v2\/posts"}],"about":[{"href":"https:\/\/sportseco.com\/index.php?rest_route=\/wp\/v2\/types\/post"}],"author":[{"embeddable":true,"href":"https:\/\/sportseco.com\/index.php?rest_route=\/wp\/v2\/users\/1"}],"replies":[{"embeddable":true,"href":"https:\/\/sportseco.com\/index.php?rest_route=%2Fwp%2Fv2%2Fcomments&post=195852"}],"version-history":[{"count":1,"href":"https:\/\/sportseco.com\/index.php?rest_route=\/wp\/v2\/posts\/195852\/revisions"}],"predecessor-version":[{"id":195854,"href":"https:\/\/sportseco.com\/index.php?rest_route=\/wp\/v2\/posts\/195852\/revisions\/195854"}],"wp:featuredmedia":[{"embeddable":true,"href":"https:\/\/sportseco.com\/index.php?rest_route=\/wp\/v2\/media\/195853"}],"wp:attachment":[{"href":"https:\/\/sportseco.com\/index.php?rest_route=%2Fwp%2Fv2%2Fmedia&parent=195852"}],"wp:term":[{"taxonomy":"category","embeddable":true,"href":"https:\/\/sportseco.com\/index.php?rest_route=%2Fwp%2Fv2%2Fcategories&post=195852"},{"taxonomy":"post_tag","embeddable":true,"href":"https:\/\/sportseco.com\/index.php?rest_route=%2Fwp%2Fv2%2Ftags&post=195852"}],"curies":[{"name":"wp","href":"https:\/\/api.w.org\/{rel}","templated":true}]}}