{"id":195862,"date":"2025-11-06T13:24:17","date_gmt":"2025-11-06T18:24:17","guid":{"rendered":"https:\/\/sportseco.com\/?p=195862"},"modified":"2025-11-06T13:24:22","modified_gmt":"2025-11-06T18:24:22","slug":"el-2025-se-perfila-como-el-segundo-o-tercer-ano-mas-calido-en-los-registros","status":"publish","type":"post","link":"https:\/\/sportseco.com\/?p=195862","title":{"rendered":"El 2025 se perfila como el segundo o tercer a\u00f1o m\u00e1s c\u00e1lido en los registros"},"content":{"rendered":"\n<figure class=\"wp-block-image\"><img data-recalc-dims=\"1\" decoding=\"async\" src=\"https:\/\/i0.wp.com\/global.unitednations.entermediadb.net\/assets\/mediadb\/services\/module\/asset\/downloads\/preset\/Collections\/Embargoed\/04-11-2025-WMO-France.jpg\/image1170x530cropped.jpg?w=640&#038;ssl=1\" alt=\"El 2025 se perfila como el segundo o tercer a\u00f1o m\u00e1s c\u00e1lido jam\u00e1s registrado.\" title=\"El 2025 se perfila como el segundo o tercer a\u00f1o m\u00e1s c\u00e1lido jam\u00e1s registrado.\"\/><\/figure>\n\n\n\n<p>\u00a9 OMM\/Guillaume Lou\u00ffs<\/p>\n\n\n\n<p>El 2025 se perfila como el segundo o tercer a\u00f1o m\u00e1s c\u00e1lido jam\u00e1s registrado.<a><\/a><\/p>\n\n\n\n<p>Las concentraciones de gases de efecto invernadero siguen en niveles sin precedentes, los glaciares y el hielo marino contin\u00faan su r\u00e1pido retroceso y los fen\u00f3menos meteorol\u00f3gicos extremos provocan da\u00f1os crecientes en todo el planeta, alerta la agencia meteorol\u00f3gica mundial.<\/p>\n\n\n\n<p>La&nbsp;<strong>tendencia al calentamiento extremo contin\u00faa sin pausa<\/strong>: este a\u00f1o podr\u00eda convertirse en el segundo o tercero m\u00e1s c\u00e1lido en los 176 a\u00f1os que existen de registro, alert\u00f3 este jueves la&nbsp;<a href=\"https:\/\/public.wmo.int\/es\" target=\"_blank\" rel=\"noreferrer noopener\">Organizaci\u00f3n Meteorol\u00f3gica Mundial<\/a>&nbsp;(<a href=\"https:\/\/public.wmo.int\/es\" target=\"_blank\" rel=\"noreferrer noopener\">OMM<\/a>).<\/p>\n\n\n\n<p>En su m\u00e1s reciente&nbsp;<a href=\"https:\/\/wmo.int\/publication-series\/state-of-climate-update-cop30\" target=\"_blank\" rel=\"noreferrer noopener\">bolet\u00edn<\/a>, la OMM confirm\u00f3 que las&nbsp;<strong>concentraciones de gases de efecto invernadero siguen en niveles sin precedentes<\/strong>, los glaciares y el hielo marino contin\u00faan su r\u00e1pido retroceso y los fen\u00f3menos meteorol\u00f3gicos extremos provocan da\u00f1os crecientes en todo el planeta.<\/p>\n\n\n\n<p>Cada uno de los \u00faltimos once a\u00f1os -de 2015 a 2025- se encuentra entre los once m\u00e1s c\u00e1lidos jam\u00e1s registrados, y los tres \u00faltimos ocupan los primeros lugares. Entre enero y agosto de 2025, la temperatura media mundial cercana a la superficie fue&nbsp;<strong>1,42\u00b0C, unos 0,12\u00b0C por encima del promedio preindustrial.<\/strong><\/p>\n\n\n\n<p>Las concentraciones de di\u00f3xido de carbono, metano y \u00f3xido nitroso alcanzaron en 2024 sus valores m\u00e1s altos en la historia moderna, y las mediciones preliminares de 2025 indican que siguen aumentando.&nbsp;<strong>El CO\u2082, por ejemplo, se increment\u00f3 un 53%.<\/strong><\/p>\n\n\n\n<h2 class=\"wp-block-heading\">El calor de los oc\u00e9anos marca r\u00e9cord<\/h2>\n\n\n\n<p>El contenido calor\u00edfico de los oc\u00e9anos tambi\u00e9n marc\u00f3 r\u00e9cords, superando los valores de 2024.&nbsp;<strong>M\u00e1s del 90% del exceso de energ\u00eda atrapada por los gases de efecto invernadero se acumula en el mar<\/strong>, dando lugar a olas de calor marinas, p\u00e9rdida de ox\u00edgeno y alteraciones ecol\u00f3gicas severas.<\/p>\n\n\n\n<p>Por su parte,&nbsp;<strong>el hielo polar registra m\u00ednimos hist\u00f3ricos<\/strong>: la extensi\u00f3n invernal del \u00c1rtico fue la m\u00e1s baja desde que existen observaciones satelitales, y la Ant\u00e1rtida alcanz\u00f3 valores m\u00ednimos y m\u00e1ximos de extensi\u00f3n entre los m\u00e1s reducidos registrados. Los glaciares perdieron masa por tercer a\u00f1o consecutivo.<\/p>\n\n\n\n<p>El&nbsp;<strong>nivel medio del mar ha acelerado su ascenso<\/strong>: de 2,1 mm por a\u00f1o en la d\u00e9cada de 1990 a 4,1 mm en el \u00faltimo decenio, impulsado por el derretimiento de los glaciares y la expansi\u00f3n t\u00e9rmica del agua.<\/p>\n\n\n\n<h2 class=\"wp-block-heading\">Eventos extremos devastadores<\/h2>\n\n\n\n<p>La OMM tambi\u00e9n advirti\u00f3 de un a\u00f1o de extremos clim\u00e1ticos devastadores: inundaciones en \u00c1frica y Asia,&nbsp;<strong>incendios forestales severos en Europa y Norteam\u00e9rica<\/strong>, olas de calor letales y ciclones tropicales de gran impacto econ\u00f3mico y humano.<\/p>\n\n\n\n<p>La secretaria general de la OMM, Celeste Saulo, subray\u00f3 que esta prolongada racha de temperaturas r\u00e9cord, unida a la concentraci\u00f3n r\u00e9cord de gases de efecto invernadero, deja claro que ser\u00e1 \u201cpr\u00e1cticamente imposible\u201d limitar el calentamiento a 1,5\u00b0C para fin de siglo sin sobrepasar temporalmente ese umbral.<\/p>\n\n\n\n<p>En tanto, el&nbsp;<a href=\"https:\/\/www.un.org\/sg\/es\">Secretario General<\/a>&nbsp;de la ONU, Ant\u00f3nio Guterres, record\u00f3 que cada a\u00f1o que se exceda ese l\u00edmite implicar\u00e1&nbsp;<strong>golpes a las econom\u00edas, aumento de la desigualdad y da\u00f1os irreversibles.<\/strong><\/p>\n\n\n\n<p>El bolet\u00edn de la OMM servir\u00e1 de documento de referencia durante las negociaciones clim\u00e1ticas de la COP30, a celebrarse este mes en Bel\u00e9m, Brasil.<\/p>\n\n\n\n<h2 class=\"wp-block-heading\">Los sistemas de alerta temprana avanzan, pero son insuficientes<\/h2>\n\n\n\n<p>Una nota de positiva de la publicaci\u00f3n es que la cobertura de sistemas de alerta temprana ha mejorado, pasando de 56 pa\u00edses en 2015 a 119 en 2024. Sin embargo, el&nbsp;<strong>40% de los pa\u00edses a\u00fan carece de estos sistemas b\u00e1sicos<\/strong>&nbsp;para proteger a la poblaci\u00f3n.<\/p>\n\n\n\n<p>Adem\u00e1s, casi dos tercios de los servicios meteorol\u00f3gicos nacionales ofrecen hoy alg\u00fan tipo de servicio clim\u00e1tico, frente a apenas un 35% hace cinco a\u00f1os. Si se mantiene este ritmo, m\u00e1s del 90% de los pa\u00edses podr\u00eda contar con ellos para 2027.<\/p>\n\n\n\n<p>La OMM subray\u00f3 que 2025 vuelve a romper r\u00e9cords de calor y pone en riesgo los objetivos clim\u00e1ticos globales, aunque matiz\u00f3 que a\u00fan no se ha perdido definitivamente el umbral de 1, \u00b0C. \u201c<strong>Actuar ahora no es una opci\u00f3n, es una necesidad urgente<\/strong>\u201d, concluy\u00f3 la agencia de la ONU.<\/p>\n\n\n\n<p><\/p>\n\n\n\n<p>news.un.org<\/p>\n","protected":false},"excerpt":{"rendered":"<p>\u00a9 OMM\/Guillaume Lou\u00ffs El 2025 se perfila como el segundo o tercer a\u00f1o m\u00e1s c\u00e1lido jam\u00e1s registrado. Las concentraciones de gases de efecto invernadero siguen en niveles sin precedentes, los glaciares y el hielo marino contin\u00faan su r\u00e1pido retroceso y los fen\u00f3menos meteorol\u00f3gicos extremos provocan da\u00f1os crecientes en todo el planeta, alerta la agencia meteorol\u00f3gica [&hellip;]<\/p>\n","protected":false},"author":1,"featured_media":195863,"comment_status":"closed","ping_status":"closed","sticky":false,"template":"","format":"standard","meta":{"_acf_changed":false,"_jetpack_memberships_contains_paid_content":false,"footnotes":"","jetpack_publicize_message":"","jetpack_publicize_feature_enabled":true,"jetpack_social_post_already_shared":true,"jetpack_social_options":{"image_generator_settings":{"template":"highway","default_image_id":0,"font":"","enabled":false},"version":2}},"categories":[6],"tags":[],"class_list":["post-195862","post","type-post","status-publish","format-standard","has-post-thumbnail","hentry","category-ecologia"],"acf":[],"jetpack_publicize_connections":[],"jetpack_featured_media_url":"https:\/\/i0.wp.com\/sportseco.com\/wp-content\/uploads\/2025\/11\/image1170x530cropped-5.jpg?fit=1170%2C530&ssl=1","jetpack_sharing_enabled":true,"_links":{"self":[{"href":"https:\/\/sportseco.com\/index.php?rest_route=\/wp\/v2\/posts\/195862","targetHints":{"allow":["GET"]}}],"collection":[{"href":"https:\/\/sportseco.com\/index.php?rest_route=\/wp\/v2\/posts"}],"about":[{"href":"https:\/\/sportseco.com\/index.php?rest_route=\/wp\/v2\/types\/post"}],"author":[{"embeddable":true,"href":"https:\/\/sportseco.com\/index.php?rest_route=\/wp\/v2\/users\/1"}],"replies":[{"embeddable":true,"href":"https:\/\/sportseco.com\/index.php?rest_route=%2Fwp%2Fv2%2Fcomments&post=195862"}],"version-history":[{"count":1,"href":"https:\/\/sportseco.com\/index.php?rest_route=\/wp\/v2\/posts\/195862\/revisions"}],"predecessor-version":[{"id":195864,"href":"https:\/\/sportseco.com\/index.php?rest_route=\/wp\/v2\/posts\/195862\/revisions\/195864"}],"wp:featuredmedia":[{"embeddable":true,"href":"https:\/\/sportseco.com\/index.php?rest_route=\/wp\/v2\/media\/195863"}],"wp:attachment":[{"href":"https:\/\/sportseco.com\/index.php?rest_route=%2Fwp%2Fv2%2Fmedia&parent=195862"}],"wp:term":[{"taxonomy":"category","embeddable":true,"href":"https:\/\/sportseco.com\/index.php?rest_route=%2Fwp%2Fv2%2Fcategories&post=195862"},{"taxonomy":"post_tag","embeddable":true,"href":"https:\/\/sportseco.com\/index.php?rest_route=%2Fwp%2Fv2%2Ftags&post=195862"}],"curies":[{"name":"wp","href":"https:\/\/api.w.org\/{rel}","templated":true}]}}